[{"@context":"https:\/\/schema.org\/","@type":"NewsArticle","@id":"https:\/\/www.bachhausen.de\/domradio-bischof-wilmer-spricht-ueber-den-papst-und-die-band-rosenstolz-ostern-ist-die-quelle-unserer-hoffnung\/#NewsArticle","mainEntityOfPage":"https:\/\/www.bachhausen.de\/domradio-bischof-wilmer-spricht-ueber-den-papst-und-die-band-rosenstolz-ostern-ist-die-quelle-unserer-hoffnung\/","headline":"Domradio: Bischof Wilmer spricht \u00fcber den Papst und die Band Rosenstolz &#8211; &#8220;Ostern ist die Quelle unserer Hoffnung&#8221;","name":"Domradio: Bischof Wilmer spricht \u00fcber den Papst und die Band Rosenstolz &#8211; &#8220;Ostern ist die Quelle unserer Hoffnung&#8221;","description":"Ihr Tod kam \u00fcberraschend: Das Schicksal von Rosenstolz-S\u00e4ngerin Anna R. bewegt auch Bischof Wilmer. Er sagt, was das mit dem h\u00f6chsten christlichen Fest zu tun hat, was ihn besch\u00e4ftigt und warum kirchliche Reformen Zeit brauchen. Direktlink","datePublished":"2025-04-14","dateModified":"2025-04-14","author":{"@type":"Person","@id":"##Person","name":"Redaktion","url":"#","identifier":19,"image":{"@type":"ImageObject","@id":"https:\/\/secure.gravatar.com\/avatar\/?s=96&d=monsterid&r=g","url":"https:\/\/secure.gravatar.com\/avatar\/?s=96&d=monsterid&r=g","height":96,"width":96}},"publisher":{"@type":"Person","name":"Dirk Bachhausen","image":{"@type":"ImageObject","@id":"https:\/\/www.bachhausen.de\/wp-content\/uploads\/2019\/07\/dirk_profil-300x300.jpg","url":"https:\/\/www.bachhausen.de\/wp-content\/uploads\/2019\/07\/dirk_profil-300x300.jpg","width":600,"height":60}},"image":{"@type":"ImageObject","@id":"https:\/\/www.bachhausen.de\/wp-content\/uploads\/2023\/09\/Zeitungsleser.webp","url":"https:\/\/www.bachhausen.de\/wp-content\/uploads\/2023\/09\/Zeitungsleser.webp","height":534,"width":800},"url":"https:\/\/www.bachhausen.de\/domradio-bischof-wilmer-spricht-ueber-den-papst-und-die-band-rosenstolz-ostern-ist-die-quelle-unserer-hoffnung\/","about":["Allgemein"],"wordCount":39,"keywords":["bischof","domradio","ostern","papst","rosenstolz","spricht","wilmer"],"articleBody":"Ihr Tod kam \u00fcberraschend: Das Schicksal von Rosenstolz-S\u00e4ngerin Anna R. bewegt auch Bischof Wilmer. Er sagt, was das mit dem h\u00f6chsten christlichen Fest zu tun hat, was ihn besch\u00e4ftigt und warum kirchliche Reformen Zeit brauchen. Direktlink"},{"@context":"https:\/\/schema.org\/","@type":"BreadcrumbList","itemListElement":[{"@type":"ListItem","position":1,"name":"Domradio: Bischof Wilmer spricht \u00fcber den Papst und die Band Rosenstolz &#8211; &#8220;Ostern ist die Quelle unserer Hoffnung&#8221;","item":"https:\/\/www.bachhausen.de\/domradio-bischof-wilmer-spricht-ueber-den-papst-und-die-band-rosenstolz-ostern-ist-die-quelle-unserer-hoffnung\/#breadcrumbitem"}]}]