[{"@context":"https:\/\/schema.org\/","@type":"NewsArticle","@id":"https:\/\/www.bachhausen.de\/dunkler-tag-der-entscheidung-bei-ford\/#NewsArticle","mainEntityOfPage":"https:\/\/www.bachhausen.de\/dunkler-tag-der-entscheidung-bei-ford\/","headline":"Dunkler Tag der Entscheidung bei Ford","name":"Dunkler Tag der Entscheidung bei Ford","description":"27. November 2024 Heute lud Ford zur Betriebsversammlung ein, um \u00fcber die Zukunft des K\u00f6lner Standortes zu sprechen. Es ging um die Frage, wie es mit Ford in K\u00f6ln weitergeht. Schon im Vorfeld wurde bekannt, dass 2.900 Stellen in Deutschland abgebaut werden sollen, da der Markt f\u00fcr die in K\u00f6ln&#8230;","datePublished":"2024-11-27","dateModified":"2024-11-27","author":{"@type":"Person","@id":"##Person","name":"SPD K\u00f6ln","url":"#","identifier":4,"image":{"@type":"ImageObject","@id":"https:\/\/secure.gravatar.com\/avatar\/9e275a42f0e2d615e7358ea63859947f3ea63517a2bcb7a2b26010d9ca858396?s=96&d=monsterid&r=g","url":"https:\/\/secure.gravatar.com\/avatar\/9e275a42f0e2d615e7358ea63859947f3ea63517a2bcb7a2b26010d9ca858396?s=96&d=monsterid&r=g","height":96,"width":96}},"publisher":{"@type":"Person","name":"Dirk Bachhausen","image":{"@type":"ImageObject","@id":"https:\/\/www.bachhausen.de\/wp-content\/uploads\/2019\/07\/dirk_profil-300x300.jpg","url":"https:\/\/www.bachhausen.de\/wp-content\/uploads\/2019\/07\/dirk_profil-300x300.jpg","width":600,"height":60}},"image":{"@type":"ImageObject","@id":"https:\/\/i3.wp.com\/www.spdkoelnnord.de\/wp-content\/uploads\/2024\/03\/spd-verschw.png?w=1200&resize=1200,0&ssl=1","url":"https:\/\/i3.wp.com\/www.spdkoelnnord.de\/wp-content\/uploads\/2024\/03\/spd-verschw.png?w=1200&resize=1200,0&ssl=1","height":"","width":""},"url":"https:\/\/www.bachhausen.de\/dunkler-tag-der-entscheidung-bei-ford\/","about":["K\u00f6ln","Politik"],"wordCount":310,"keywords":["dunkler","entscheidung"],"articleBody":"  27. November 2024 Heute lud Ford zur Betriebsversammlung ein, um \u00fcber die Zukunft des K\u00f6lner Standortes zu sprechen. Es ging um die Frage, wie es mit Ford in K\u00f6ln weitergeht. Schon im Vorfeld wurde bekannt, dass 2.900 Stellen in Deutschland abgebaut werden sollen, da der Markt f\u00fcr die in K\u00f6ln hergestellten E-Autos nicht so floriert wie erhofft. Trotz Investitionen in den letzten zwei Jahren k\u00f6nne das K\u00f6lner Werk die Erwartungen nicht erf\u00fcllen. Das L\u00e4ge auch an politischen Entscheidungen.F\u00fcr K\u00f6ln bedeutet der Stellenabbau, dass jede*r vierte Besch\u00e4ftige*r der bisher 13.000 Mitarbeiter*innen seinen*ihren Arbeitsplatz verliert.Nach der Betriebsversammlung gibt es hier\u00fcber traurige Gewissheit. Vor rund 8000 Besch\u00e4ftigen wurden die Einzelheiten bekanntgegeben. Es sollen komplette Produktionsbereiche ausgelagert oder verkauft werden. Betroffen sind unter anderem die Schmiede, die Gie\u00dferei oder der Werkzeugbau in den K\u00f6lner Werken. Auch die Entwicklungsabteilung soll verkleinert werden. Nach Angaben des Betriebsrates bedeutet die Verkleinerung auch, dass eigenst\u00e4ndig keine neuen Fahrzeuge in K\u00f6ln zuk\u00fcnftig entwickelt werden k\u00f6nnen.Besonders schockierend: Nach Informationen des Betriebsrates soll die Konzernleitung in den USA bereits im Fr\u00fchjahr den Stellenabbau geplant und ihre Mitarbeiter*innen hier\u00fcber get\u00e4uscht haben.Lena Teschlade, unsere arbeitsmarkt- und sozialpolitische Sprecherin der SPD-Fraktion im Landtag von Nordrhein-Westfalen ihat klargestellt: \u201eFord hat es verpasst, die Gewerkschaften und die Belegschaft rechtzeitig und transparent \u00fcber die Pl\u00e4ne zu informieren und damit die Chance verpasst eine gemeinsame L\u00f6sung von Arbeitgebern- und Arbeitnehmern zu erreichen.\u201c.Gegen den Stellenabbau m\u00f6chte der Betriebsrat vorgehen, denn betriebsbedingte K\u00fcndigungen hatte der Autobauer vertraglich bis 2032 ausgeschlossen. Wir stehen an der Seite der Besch\u00e4ftigten und fordern von Ford die Einhaltung der vertraglichen Verpflichtungen!Volle Solidarit\u00e4t \u2013\u00a0wir k\u00e4mpfen Seite an Seite mit der IG Metall!Hier den Artikel von Carola Kirsch weiterlesen\u2026Hier weiter lesen&#8230;"},{"@context":"https:\/\/schema.org\/","@type":"BreadcrumbList","itemListElement":[{"@type":"ListItem","position":1,"name":"Dunkler Tag der Entscheidung bei Ford","item":"https:\/\/www.bachhausen.de\/dunkler-tag-der-entscheidung-bei-ford\/#breadcrumbitem"}]}]