[{"@context":"https:\/\/schema.org\/","@type":"NewsArticle","@id":"https:\/\/www.bachhausen.de\/einblick-in-den-arbeitsalltag\/#NewsArticle","mainEntityOfPage":"https:\/\/www.bachhausen.de\/einblick-in-den-arbeitsalltag\/","headline":"Einblick in den Arbeitsalltag","name":"Einblick in den Arbeitsalltag","description":"27. November 2024 Carolin Kirsch MdL absolviert \u201eTagespraktikum\u201c in der Kindertagesst\u00e4tte M\u00fclheim des Arbeitskreises f. d. ausl\u00e4ndische Kind: \u201eLandesregierung muss Fachkr\u00e4ftemangel wirksam entgegenwirken\u201c Regelm\u00e4\u00dfig besuchen die Abgeordneten der SPD-Landtagsfraktion NRW Betriebe in ihrem Wahlkreis (K\u00f6ln-M\u00fclheim) und absolvieren dort ein \u201eTagespraktikum\u201c. Carolin Kirsch lernte nun die Kindertagesst\u00e4tte in der M\u00fclheimer Keupstra\u00dfe&#8230;","datePublished":"2024-11-27","dateModified":"2024-11-27","author":{"@type":"Person","@id":"##Person","name":"SPD K\u00f6ln","url":"#","identifier":4,"image":{"@type":"ImageObject","@id":"https:\/\/secure.gravatar.com\/avatar\/9e275a42f0e2d615e7358ea63859947f3ea63517a2bcb7a2b26010d9ca858396?s=96&d=monsterid&r=g","url":"https:\/\/secure.gravatar.com\/avatar\/9e275a42f0e2d615e7358ea63859947f3ea63517a2bcb7a2b26010d9ca858396?s=96&d=monsterid&r=g","height":96,"width":96}},"publisher":{"@type":"Person","name":"Dirk Bachhausen","image":{"@type":"ImageObject","@id":"https:\/\/www.bachhausen.de\/wp-content\/uploads\/2019\/07\/dirk_profil-300x300.jpg","url":"https:\/\/www.bachhausen.de\/wp-content\/uploads\/2019\/07\/dirk_profil-300x300.jpg","width":600,"height":60}},"image":{"@type":"ImageObject","@id":"https:\/\/i3.wp.com\/www.spdkoelnnord.de\/wp-content\/uploads\/2024\/03\/spd-verschw.png?w=1200&resize=1200,0&ssl=1","url":"https:\/\/i3.wp.com\/www.spdkoelnnord.de\/wp-content\/uploads\/2024\/03\/spd-verschw.png?w=1200&resize=1200,0&ssl=1","height":"","width":""},"url":"https:\/\/www.bachhausen.de\/einblick-in-den-arbeitsalltag\/","about":["K\u00f6ln","Politik"],"wordCount":476,"keywords":["arbeitsalltag","einblick"],"articleBody":"  27. November 2024 Carolin Kirsch MdL absolviert \u201eTagespraktikum\u201c in der Kindertagesst\u00e4tte M\u00fclheim des Arbeitskreises f. d. ausl\u00e4ndische Kind: \u201eLandesregierung muss Fachkr\u00e4ftemangel wirksam entgegenwirken\u201cRegelm\u00e4\u00dfig besuchen die Abgeordneten der SPD-Landtagsfraktion NRW Betriebe in ihrem Wahlkreis (K\u00f6ln-M\u00fclheim) und absolvieren dort ein \u201eTagespraktikum\u201c. Carolin Kirsch lernte nun die Kindertagesst\u00e4tte in der M\u00fclheimer Keupstra\u00dfe von innen kennen. Dabei erhielt die SPD-Abgeordnete Einblicke in den Arbeitsalltag und konnte sich mit den Besch\u00e4ftigten austauschen. Hintergrund dieser Praktikumstage sind die aktuellen Herausforderungen des Fachkr\u00e4ftemangels, der sich auch in Einrichtungen und Betrieben in Nordrhein-Westfalen bemerkbar macht. Hierzu erkl\u00e4rt Kirsch:\u00a0\u201eIch danke der Kindertagesst\u00e4tte, dem Tr\u00e4ger und den Besch\u00e4ftigten sehr f\u00fcr den Einblick in den Arbeitsalltag und die Betriebsabl\u00e4ufe. Als Landtagsabgeordnete ist es mir wichtig, nicht nur in D\u00fcsseldorf f\u00fcr die Betriebe und die Besch\u00e4ftigten Politik zu machen, sondern immer wieder auch zu sehen, was die Besch\u00e4ftigten tagt\u00e4glich leisten und wie die politischen Entscheidungen in der Praxis wirken. Im Gespr\u00e4ch mit den Besch\u00e4ftigten und der Gesch\u00e4ftsf\u00fchrung waren der Fachkr\u00e4ftemangel und seine Auswirkungen allgegenw\u00e4rtig. F\u00fcr uns als SPD-Landtagsfraktion ist klar, der Wirtschaftsstandort NRW ist stark vor allem dank der Arbeitskraft tausender Besch\u00e4ftigter in den Einrichtungen und Betrieben. Wir m\u00fcssen in Nordrhein-Westfalen alle Potenziale nutzen, um dem Fach- und Arbeitskr\u00e4ftemangel nachhaltig entgegenzuwirken. Die sogenannte Fachkr\u00e4fteoffensive der schwarz-gr\u00fcnen Landesregierung mag zwar \u00f6ffentlichkeitswirksam sein, liefert aber nur schwache Ergebnisse.\u201cBereits heute fehlen laut Industrie- und Handelskammer in NRW \u00fcber 400.000 Fachkr\u00e4fte. In 42 Berufsgruppen ist akut ein Fachkr\u00e4fteengpass erkennbar, fast die H\u00e4lfte davon betreffen Fachkr\u00e4fte mit dualer Berufsausbildung. Neben dem Gesundheitsbereich fehlen vor allem auch qualifizierte Besch\u00e4ftigten im Verkehrswesen und in sozialen Berufen, insbesondere in den Kitas.Carolin Kirsch: \u201eDas sind die Berufsfelder, in denen sich der Mangel an Fach- und Arbeitskr\u00e4fte direkt auf den Alltag der Menschen in Nordrhein-Westfalen auswirkt. Wir kommen beim Fachkr\u00e4ftemangel nicht weiter, wenn alle an einer viel zu kleinen Decke ziehen. Deshalb setzen wir mit unseren SPD-Initiativen an verschiedenen Stellschrauben an: Wir wollen sicherstellen, dass junge Menschen einen Schulabschluss erwerben und auf ihrem Weg in den Arbeitsmarkt unterst\u00fctzt werden. Daf\u00fcr braucht es verst\u00e4rkt Angebote der Berufsorientierung, mehr Praktika und endlich die gleiche Anerkennung f\u00fcr berufliche und akademische Bildung. Wir m\u00fcssen die Erwerbst\u00e4tigkeit von Frauen erleichtern, unter anderem mit dem Ausbau des Offenen Ganztags, und die Integration und Inklusion in den Arbeitsmarkt erleichtern \u2013 f\u00fcr langzeitarbeitslose Menschen, Menschen mit Behinderung und Fachkr\u00e4fte aus dem Ausland. Es gibt viele M\u00f6glichkeiten und Ansatzpunkte, dem Fachkr\u00e4ftemangel wirksam entgegenzutreten \u2013 auch auf Landesebene. Die Landesregierung muss endlich effektive Ma\u00dfnahmen ergreifen \u2013 zum Schutz der Besch\u00e4ftigten, dem Wirtschaftsstandort und den Menschen in Nordrhein-Westfalen.\u201c\u00a0Hier den Artikel von Carola Kirsch weiterlesen\u2026Hier weiter lesen&#8230;"},{"@context":"https:\/\/schema.org\/","@type":"BreadcrumbList","itemListElement":[{"@type":"ListItem","position":1,"name":"Einblick in den Arbeitsalltag","item":"https:\/\/www.bachhausen.de\/einblick-in-den-arbeitsalltag\/#breadcrumbitem"}]}]