[{"@context":"https:\/\/schema.org\/","@type":"NewsArticle","@id":"https:\/\/www.bachhausen.de\/einsatz-im-koelner-norden-feuer-in-gewerbegebiet-in-koeln-merkenich\/#NewsArticle","mainEntityOfPage":"https:\/\/www.bachhausen.de\/einsatz-im-koelner-norden-feuer-in-gewerbegebiet-in-koeln-merkenich\/","headline":"Einsatz im K\u00f6lner Norden: Feuer in Gewerbegebiet in K\u00f6ln-Merkenich","name":"Einsatz im K\u00f6lner Norden: Feuer in Gewerbegebiet in K\u00f6ln-Merkenich","description":"Einsatz im K\u00f6lner NordenFeuer in Gewerbegebiet in K\u00f6ln-Merkenich 09.07.2024, 20:58 Uhr Lesezeit 1 Minute Die Feuerwehr K\u00f6ln konnte den Brand schnell unter Kontrolle bringen (Symbolbild) Copyright: Uwe Weiser Die Feuerwehr wurde wegen starker Rauchentwicklung alarmiert. Verletzt wurde niemand.\u00a0 Die K\u00f6lner Feuerwehr ist am Dienstagnachmittag (9. Juli) wegen starker Rauchentwicklung in&#8230;","datePublished":"2024-07-09","dateModified":"2024-07-09","author":{"@type":"Person","@id":"##Person","name":"K\u00f6lner Stadtanzeiger","url":"#","identifier":3,"image":{"@type":"ImageObject","@id":"https:\/\/secure.gravatar.com\/avatar\/a3f43e8250594c4ed8be9e86201eefa6cc06ef89c032788db696432ac7e77173?s=96&d=monsterid&r=g","url":"https:\/\/secure.gravatar.com\/avatar\/a3f43e8250594c4ed8be9e86201eefa6cc06ef89c032788db696432ac7e77173?s=96&d=monsterid&r=g","height":96,"width":96}},"publisher":{"@type":"Person","name":"Dirk Bachhausen","image":{"@type":"ImageObject","@id":"https:\/\/www.bachhausen.de\/wp-content\/uploads\/2019\/07\/dirk_profil-300x300.jpg","url":"https:\/\/www.bachhausen.de\/wp-content\/uploads\/2019\/07\/dirk_profil-300x300.jpg","width":600,"height":60}},"image":{"@type":"ImageObject","@id":"https:\/\/www.bachhausen.de\/wp-content\/uploads\/2023\/09\/Zeitungsleser.webp","url":"https:\/\/www.bachhausen.de\/wp-content\/uploads\/2023\/09\/Zeitungsleser.webp","height":534,"width":800},"url":"https:\/\/www.bachhausen.de\/einsatz-im-koelner-norden-feuer-in-gewerbegebiet-in-koeln-merkenich\/","about":["Stadtbezirk Chorweiler"],"wordCount":177,"keywords":["einsatz","feuer","gewerbegebiet","kolner","merkenich","norden"],"articleBody":"Einsatz im K\u00f6lner NordenFeuer in Gewerbegebiet in K\u00f6ln-Merkenich09.07.2024, 20:58 UhrLesezeit 1 MinuteDie Feuerwehr K\u00f6ln konnte den Brand schnell unter Kontrolle bringen (Symbolbild)Copyright: Uwe WeiserDie Feuerwehr wurde wegen starker Rauchentwicklung alarmiert. Verletzt wurde niemand.\u00a0Die K\u00f6lner Feuerwehr ist am Dienstagnachmittag (9. Juli) wegen starker Rauchentwicklung in einem Gewerbegebiet in K\u00f6ln-Merkenich alarmiert worden. Wie sich herausstellte, war an der Robert-Bosch-Stra\u00dfe ein Flachdach einer Halle eines Logistikunternehmens in Brand geraten.Das Feuer sei vermutlich durch Arbeiten am Dach ausgel\u00f6st worden, so die Feuerwehr K\u00f6ln. Die mit mehreren L\u00f6schz\u00fcgen der Berufsfeuerwehr sowie drei L\u00f6schgruppen der Freiwilligen Feuerwehr herbeigeeilten Einsatzkr\u00e4fte konnten das Feuer schlie\u00dflich unter Kontrolle bringen.\u00a0K\u00f6lner Feuerwehr verhindert ein \u00dcbergreifen der Flammen\u201eDie umfangreiche Brandbek\u00e4mpfung zeigte rasch Wirkung; um 18:00 Uhr wurde bereits \u201aFeuer aus\u2018 gemeldet\u201c, hei\u00dft es in einer Mitteilung der Feuerwehr K\u00f6ln.\u00a0Ein Teil der Einsatzkr\u00e4fte blieb noch f\u00fcr Nachl\u00f6scharbeiten vor Ort.Menschen wurden ersten Erkenntnissen zufolge nicht verletzt. Die Polizei hat die Ermittlungen zur Brandursache aufgenommen. (red)"},{"@context":"https:\/\/schema.org\/","@type":"BreadcrumbList","itemListElement":[{"@type":"ListItem","position":1,"name":"Einsatz im K\u00f6lner Norden: Feuer in Gewerbegebiet in K\u00f6ln-Merkenich","item":"https:\/\/www.bachhausen.de\/einsatz-im-koelner-norden-feuer-in-gewerbegebiet-in-koeln-merkenich\/#breadcrumbitem"}]}]