[{"@context":"https:\/\/schema.org\/","@type":"NewsArticle","@id":"https:\/\/www.bachhausen.de\/eltern-fordern-loesungen-mitarbeiter-krank-pescher-kita-seit-november-im-notbetrieb\/#NewsArticle","mainEntityOfPage":"https:\/\/www.bachhausen.de\/eltern-fordern-loesungen-mitarbeiter-krank-pescher-kita-seit-november-im-notbetrieb\/","headline":"Eltern fordern L\u00f6sungen: Mitarbeiter krank \u2013 Pescher Kita seit November im Notbetrieb","name":"Eltern fordern L\u00f6sungen: Mitarbeiter krank \u2013 Pescher Kita seit November im Notbetrieb","description":"Aufgrund von Personalausf\u00e4llen k\u00f6nnen in der Kita Kapellenweg nicht mehr alle Kinder gleichzeitig betreut werden.","datePublished":"2026-03-23","dateModified":"2026-03-23","author":{"@type":"Person","@id":"##Person","name":"K\u00f6lner Stadtanzeiger","url":"#","identifier":3,"image":{"@type":"ImageObject","@id":"https:\/\/secure.gravatar.com\/avatar\/a3f43e8250594c4ed8be9e86201eefa6cc06ef89c032788db696432ac7e77173?s=96&d=monsterid&r=g","url":"https:\/\/secure.gravatar.com\/avatar\/a3f43e8250594c4ed8be9e86201eefa6cc06ef89c032788db696432ac7e77173?s=96&d=monsterid&r=g","height":96,"width":96}},"publisher":{"@type":"Person","name":"Dirk Bachhausen","image":{"@type":"ImageObject","@id":"https:\/\/www.bachhausen.de\/wp-content\/uploads\/2019\/07\/dirk_profil-300x300.jpg","url":"https:\/\/www.bachhausen.de\/wp-content\/uploads\/2019\/07\/dirk_profil-300x300.jpg","width":600,"height":60}},"image":{"@type":"ImageObject","@id":"https:\/\/www.bachhausen.de\/wp-content\/uploads\/2019\/07\/dirk_profil-300x300.jpg","url":"https:\/\/www.bachhausen.de\/wp-content\/uploads\/2019\/07\/dirk_profil-300x300.jpg","width":100,"height":100},"url":"https:\/\/www.bachhausen.de\/eltern-fordern-loesungen-mitarbeiter-krank-pescher-kita-seit-november-im-notbetrieb\/","about":["K\u00f6ln","Stadtbezirk Chorweiler"],"wordCount":17,"articleBody":"Aufgrund von Personalausf\u00e4llen k\u00f6nnen in der Kita Kapellenweg nicht mehr alle Kinder gleichzeitig betreut werden."},{"@context":"https:\/\/schema.org\/","@type":"BreadcrumbList","itemListElement":[{"@type":"ListItem","position":1,"name":"Eltern fordern L\u00f6sungen: Mitarbeiter krank \u2013 Pescher Kita seit November im Notbetrieb","item":"https:\/\/www.bachhausen.de\/eltern-fordern-loesungen-mitarbeiter-krank-pescher-kita-seit-november-im-notbetrieb\/#breadcrumbitem"}]}]