[{"@context":"https:\/\/schema.org\/","@type":"NewsArticle","@id":"https:\/\/www.bachhausen.de\/evangelisch-de-lutherische-us-bischoefin-beklagt-diskriminierung\/#NewsArticle","mainEntityOfPage":"https:\/\/www.bachhausen.de\/evangelisch-de-lutherische-us-bischoefin-beklagt-diskriminierung\/","headline":"evangelisch.de: Lutherische US-Bisch\u00f6fin beklagt Diskriminierung","name":"evangelisch.de: Lutherische US-Bisch\u00f6fin beklagt Diskriminierung","description":"Kirchlicher Protest gegen die transfeindliche Politik von US-Pr\u00e4sident Trump: Bisch\u00f6fin Eaton, wendet sich in einem Video gegen die &#8220;eskalierende Dehumanisierung unserer Transgender- und nicht-bin\u00e4ren Geschwister&#8221;. Direktlink","datePublished":"2025-04-01","dateModified":"2025-04-01","author":{"@type":"Person","@id":"##Person","name":"Redaktion","url":"#","identifier":19,"image":{"@type":"ImageObject","@id":"https:\/\/secure.gravatar.com\/avatar\/?s=96&d=monsterid&r=g","url":"https:\/\/secure.gravatar.com\/avatar\/?s=96&d=monsterid&r=g","height":96,"width":96}},"publisher":{"@type":"Person","name":"Dirk Bachhausen","image":{"@type":"ImageObject","@id":"https:\/\/www.bachhausen.de\/wp-content\/uploads\/2019\/07\/dirk_profil-300x300.jpg","url":"https:\/\/www.bachhausen.de\/wp-content\/uploads\/2019\/07\/dirk_profil-300x300.jpg","width":600,"height":60}},"image":{"@type":"ImageObject","@id":"https:\/\/www.bachhausen.de\/wp-content\/uploads\/2023\/09\/Zeitungsleser.webp","url":"https:\/\/www.bachhausen.de\/wp-content\/uploads\/2023\/09\/Zeitungsleser.webp","height":534,"width":800},"url":"https:\/\/www.bachhausen.de\/evangelisch-de-lutherische-us-bischoefin-beklagt-diskriminierung\/","about":["Allgemein"],"wordCount":29,"keywords":["beklagt","bischofin","diskriminierung","evangelisch","lutherische"],"articleBody":"Kirchlicher Protest gegen die transfeindliche Politik von US-Pr\u00e4sident Trump: Bisch\u00f6fin Eaton, wendet sich in einem Video gegen die &#8220;eskalierende Dehumanisierung unserer Transgender- und nicht-bin\u00e4ren Geschwister&#8221;. Direktlink"},{"@context":"https:\/\/schema.org\/","@type":"BreadcrumbList","itemListElement":[{"@type":"ListItem","position":1,"name":"evangelisch.de: Lutherische US-Bisch\u00f6fin beklagt Diskriminierung","item":"https:\/\/www.bachhausen.de\/evangelisch-de-lutherische-us-bischoefin-beklagt-diskriminierung\/#breadcrumbitem"}]}]