[{"@context":"https:\/\/schema.org\/","@type":"NewsArticle","@id":"https:\/\/www.bachhausen.de\/focus-die-geschichte-von-agnes-und-amir-sie-war-mein-zuhause\/#NewsArticle","mainEntityOfPage":"https:\/\/www.bachhausen.de\/focus-die-geschichte-von-agnes-und-amir-sie-war-mein-zuhause\/","headline":"(Focus) Die Geschichte von Agnes und Amir: &#8220;Sie war mein Zuhause&#8221;","name":"(Focus) Die Geschichte von Agnes und Amir: &#8220;Sie war mein Zuhause&#8221;","description":"Queeres Leben in Deutschland ist durch Gefl\u00fcchtete bedroht &#8211; so \u00e4hnlich hat sich Alice Weidel (AfD) neulich im Bundestag ge\u00e4u\u00dfert. Amir Faharani (34) ist ein Gefl\u00fcchteter. Und er ist schwul. Wie sieht er das? Direktlink","datePublished":"2025-07-31","dateModified":"2025-07-31","author":{"@type":"Person","@id":"##Person","name":"Redaktion","url":"#","identifier":19,"image":{"@type":"ImageObject","@id":"https:\/\/secure.gravatar.com\/avatar\/?s=96&d=monsterid&r=g","url":"https:\/\/secure.gravatar.com\/avatar\/?s=96&d=monsterid&r=g","height":96,"width":96}},"publisher":{"@type":"Person","name":"Dirk Bachhausen","image":{"@type":"ImageObject","@id":"https:\/\/www.bachhausen.de\/wp-content\/uploads\/2019\/07\/dirk_profil-300x300.jpg","url":"https:\/\/www.bachhausen.de\/wp-content\/uploads\/2019\/07\/dirk_profil-300x300.jpg","width":600,"height":60}},"image":{"@type":"ImageObject","@id":"https:\/\/www.bachhausen.de\/wp-content\/uploads\/2025\/06\/wuxdtgmnyau.jpg","url":"https:\/\/www.bachhausen.de\/wp-content\/uploads\/2025\/06\/wuxdtgmnyau.jpg","height":1067,"width":1600},"url":"https:\/\/www.bachhausen.de\/focus-die-geschichte-von-agnes-und-amir-sie-war-mein-zuhause\/","about":["Allgemein"],"wordCount":37,"keywords":["agnes","focus","geschichte","zuhause"],"articleBody":"Queeres Leben in Deutschland ist durch Gefl\u00fcchtete bedroht &#8211; so \u00e4hnlich hat sich Alice Weidel (AfD) neulich im Bundestag ge\u00e4u\u00dfert. Amir Faharani (34) ist ein Gefl\u00fcchteter. Und er ist schwul. Wie sieht er das? Direktlink"},{"@context":"https:\/\/schema.org\/","@type":"BreadcrumbList","itemListElement":[{"@type":"ListItem","position":1,"name":"(Focus) Die Geschichte von Agnes und Amir: &#8220;Sie war mein Zuhause&#8221;","item":"https:\/\/www.bachhausen.de\/focus-die-geschichte-von-agnes-und-amir-sie-war-mein-zuhause\/#breadcrumbitem"}]}]