[{"@context":"https:\/\/schema.org\/","@type":"NewsArticle","@id":"https:\/\/www.bachhausen.de\/fuehlinger-see-wohncontainer-fuer-gefluechtete-werden-abgebaut\/#NewsArticle","mainEntityOfPage":"https:\/\/www.bachhausen.de\/fuehlinger-see-wohncontainer-fuer-gefluechtete-werden-abgebaut\/","headline":"F\u00fchlinger See: Wohncontainer f\u00fcr Gefl\u00fcchtete werden abgebaut","name":"F\u00fchlinger See: Wohncontainer f\u00fcr Gefl\u00fcchtete werden abgebaut","description":"Die Gefl\u00fcchteten-Unterkunft auf dem Parkplatz P5wird nicht mehr ben\u00f6tigt. Die letzten Bewohner werden bis Ende Februar ausziehen.","datePublished":"2025-12-24","dateModified":"2025-12-24","author":{"@type":"Person","@id":"##Person","name":"K\u00f6lner Stadtanzeiger","url":"#","identifier":3,"image":{"@type":"ImageObject","@id":"https:\/\/secure.gravatar.com\/avatar\/a3f43e8250594c4ed8be9e86201eefa6cc06ef89c032788db696432ac7e77173?s=96&d=monsterid&r=g","url":"https:\/\/secure.gravatar.com\/avatar\/a3f43e8250594c4ed8be9e86201eefa6cc06ef89c032788db696432ac7e77173?s=96&d=monsterid&r=g","height":96,"width":96}},"publisher":{"@type":"Person","name":"Dirk Bachhausen","image":{"@type":"ImageObject","@id":"https:\/\/www.bachhausen.de\/wp-content\/uploads\/2019\/07\/dirk_profil-300x300.jpg","url":"https:\/\/www.bachhausen.de\/wp-content\/uploads\/2019\/07\/dirk_profil-300x300.jpg","width":600,"height":60}},"image":{"@type":"ImageObject","@id":"https:\/\/www.bachhausen.de\/wp-content\/uploads\/2019\/07\/dirk_profil-300x300.jpg","url":"https:\/\/www.bachhausen.de\/wp-content\/uploads\/2019\/07\/dirk_profil-300x300.jpg","width":100,"height":100},"url":"https:\/\/www.bachhausen.de\/fuehlinger-see-wohncontainer-fuer-gefluechtete-werden-abgebaut\/","about":["K\u00f6ln","Stadtbezirk Chorweiler"],"wordCount":20,"articleBody":"Die Gefl\u00fcchteten-Unterkunft auf dem Parkplatz P5wird nicht mehr ben\u00f6tigt. Die letzten Bewohner werden bis Ende Februar ausziehen."},{"@context":"https:\/\/schema.org\/","@type":"BreadcrumbList","itemListElement":[{"@type":"ListItem","position":1,"name":"F\u00fchlinger See: Wohncontainer f\u00fcr Gefl\u00fcchtete werden abgebaut","item":"https:\/\/www.bachhausen.de\/fuehlinger-see-wohncontainer-fuer-gefluechtete-werden-abgebaut\/#breadcrumbitem"}]}]