[{"@context":"https:\/\/schema.org\/","@type":"NewsArticle","@id":"https:\/\/www.bachhausen.de\/gruenen-politiker-juergen-trittin-werden-falsche-zitate-zum-thema-migration-zugeschrieben\/#NewsArticle","mainEntityOfPage":"https:\/\/www.bachhausen.de\/gruenen-politiker-juergen-trittin-werden-falsche-zitate-zum-thema-migration-zugeschrieben\/","headline":"Gr\u00fcnen-Politiker J\u00fcrgen Trittin werden falsche Zitate zum Thema Migration zugeschrieben","name":"Gr\u00fcnen-Politiker J\u00fcrgen Trittin werden falsche Zitate zum Thema Migration zugeschrieben","description":"Dieser Artikel stammt von CORRECTIV.Faktencheck \/ Zur Quelle wechseln Faktencheck Gr\u00fcnen-Politiker J\u00fcrgen Trittin werden falsche Zitate zum Thema Migration zugeschrieben In Sozialen Netzwerken verbreitet sich ein Bild, das dem Gr\u00fcnen-Politiker J\u00fcrgen Trittin verschiedene Zitate zum Thema Migration und Einwanderung zuschreibt. Doch bis auf eines sind sie alle erfunden \u2013 beim&#8230;","datePublished":"2025-02-19","dateModified":"2025-02-19","author":{"@type":"Person","@id":"##Person","name":"Correctiv.org","url":"#","identifier":15,"image":{"@type":"ImageObject","@id":"https:\/\/secure.gravatar.com\/avatar\/51a6c0962ec4a7a9fff8508f3b6a21069f40fbb9a1ee7294cca7a040ced87b6c?s=96&d=monsterid&r=g","url":"https:\/\/secure.gravatar.com\/avatar\/51a6c0962ec4a7a9fff8508f3b6a21069f40fbb9a1ee7294cca7a040ced87b6c?s=96&d=monsterid&r=g","height":96,"width":96}},"publisher":{"@type":"Person","name":"Dirk Bachhausen","image":{"@type":"ImageObject","@id":"https:\/\/www.bachhausen.de\/wp-content\/uploads\/2019\/07\/dirk_profil-300x300.jpg","url":"https:\/\/www.bachhausen.de\/wp-content\/uploads\/2019\/07\/dirk_profil-300x300.jpg","width":600,"height":60}},"image":{"@type":"ImageObject","@id":"https:\/\/correctiv.org\/wp-content\/themes\/correctiv-theme\/img\/rating\/mostly_false.svg","url":"https:\/\/correctiv.org\/wp-content\/themes\/correctiv-theme\/img\/rating\/mostly_false.svg","height":"","width":""},"url":"https:\/\/www.bachhausen.de\/gruenen-politiker-juergen-trittin-werden-falsche-zitate-zum-thema-migration-zugeschrieben\/","about":["Politik"],"wordCount":688,"keywords":["falsche","grunen","jurgen","politiker","trittin","werden","zitate"],"articleBody":"Dieser Artikel stammt von CORRECTIV.Faktencheck \/ Zur Quelle wechselnFaktencheckGr\u00fcnen-Politiker J\u00fcrgen Trittin werden falsche Zitate zum Thema Migration zugeschrieben        In Sozialen Netzwerken verbreitet sich ein Bild, das dem Gr\u00fcnen-Politiker J\u00fcrgen Trittin verschiedene Zitate zum Thema Migration und Einwanderung zuschreibt. Doch bis auf eines sind sie alle erfunden \u2013 beim letzten k\u00f6nnte es sich um eine falsche \u00dcbersetzung handeln.                    von                                Max Bernhard19. Februar 2025                                In einem viralen Sharepic werden dem Gr\u00fcnen-Politiker J\u00fcrgen Trittin verschiedene Zitate zum Thema Migration zugeschrieben (Quelle: Panama Pictures \/ Dwi Anoraganingrum \/ Picture Alliance)                                         Behauptung                    Folgende Zitate stammten von J\u00fcrgen Trittin: \u201eEs geht nicht um Recht oder Unrecht in der Einwanderungsdebatte, uns geht es zuerst um die Zur\u00fcckdr\u00e4ngung des deutschen Bev\u00f6lkerungsanteils in diesem Land\u201c, \u201eDeutschland verschwindet jeden Tag immer mehr, und das finde ich einfach gro\u00dfartig\u201c, \u201e50 Prozent Araber sind mir lieber als f\u00fcnf Prozent Rechtsradikale\u201c, \u201e[Deutschland ist ein] in allen Gesellschaftsschichten und Generationen rassistisch infiziertes Land\u201c.                        Aufgestellt von:     Beitr\u00e4ge in Sozialen Netzwerken                            Datum:                21.01.2025                        Bewertung        Gr\u00f6\u00dftenteils falsch\u00dcber diese Bewertung                            Gr\u00f6\u00dftenteils falsch. Die ersten drei Zitate sind erfunden. Bei dem vierten Zitat handelt es sich laut Trittin um eine falsche \u00dcbersetzung.    Ein Foto zeigt einen Ausschnitt aus einer Brosch\u00fcre oder einem Buch, zu sehen sind ein Foto von Gr\u00fcnen-Politiker J\u00fcrgen Trittin und verschiedene Aussagen zum Thema Migration, die ihm zugeschrieben werden. Die angeblichen Zitate werden\u00a0 im Januar und Februar auf X, Facebook, Threads und Linkedin verbreitet, erhalten teilweise tausende Likes.\u00a0 Woher das Foto stammt, ist unklar. Doch die Zitate sind gr\u00f6\u00dftenteils falsch \u2013 und werden mitunter seit Jahren verbreitet.Mit einem Foto aus einem Buch oder einer Brosch\u00fcre werden Trittin verschiedene Zitate f\u00e4lschlich zugeschrieben (Quelle: X; Screenshot: CORRECTIV.Faktencheck)Drei Zitate stammen nicht von J\u00fcrgen Trittin, sie werden seit Jahren falsch verbreitet\u00a0\u201eEs geht nicht um Recht oder Unrecht in der Einwanderungsdebatte, uns geht es zuerst um die Zur\u00fcckdr\u00e4ngung des deutschen Bev\u00f6lkerungsanteils in diesem Land.\u201c\u00a0Beim ersten Zitat wird keine Quelle angegeben. Doch es verbreitet sich seit Jahren, teilweise mit Verweis auf die Frankfurter Allgemeine Sonntagszeitung (FAS) als vermeintlichen Ursprung. Sowohl Trittin als auch die FAS dementierten, dass das Zitat von dem Politiker stammt, wie wir bereits in einem fr\u00fcheren Faktencheck berichteten. Auch sonst fanden sich damals und heute keine Belege, dass Trittin sich jemals so ge\u00e4u\u00dfert hat.\u201eDeutschland verschwindet jeden Tag immer mehr, und das finde ich einfach gro\u00dfartig.\u201cAuch diese Worte stammen nicht von Trittin, wie wir 2019 in einem Faktencheck berichteten. Auch hier wurde die FAS als Quelle angegeben. Die Zeitung selbst berichtete bereits 2015, dass Trittin den Satz nie gesagt habe.\u201e50 Prozent Araber sind mir lieber als f\u00fcnf Prozent Rechtsradikale.\u201c\u00a0Das dritte Zitat stammt ebenfalls nicht von Trittin. Als Quelle ist Thilo Sarrazins Buch \u201eDeutschland schafft sich ab\u201c genannt \u2013 das ist richtig, auch Trittin ist dazu genannt. Doch in dem betreffenden Textabschnitt handelt es sich um eine fiktive Erz\u00e4hlung des Autors. Die Passage wurde 2010 auch von der Bild ver\u00f6ffentlicht, dazu zitiert die Zeitung Sarrazin: \u201eIch habe meiner Fantasie freien Lauf gelassen.\u201c So steht es auch an der entsprechenden Stelle im Buch. Trittin weist ebenfalls auf Nachfrage darauf hin, dass das vermeintliche Zitat eine Erfindung Sarrazins ist. Das ergibt sich auch aus dem Kontext. Das Buch erschien 2010, w\u00e4hrend die entsprechende Textpassage von einem Wahlkampf in 2017 spricht.Viertes Zitat soll 1993 in London gefallen sein \u2013 Trittin spricht von einem \u00dcbersetzungsfehler\u201e[Deutschland ist ein] in allen Gesellschaftsschichten und Generationen rassistisch infiziertes Land.\u201c\u00a0Das vierte Zitat soll Trittin 1993 in London gesagt haben, bei einer Rede am dortigen Goethe-Institut. Auf Nachfrage von CORRECTIV.Faktencheck erkl\u00e4rt Trittin jedoch, dass es sich um einen \u00dcbersetzungsfehler handele. Er habe damals auf Englisch gesagt \u201eaffected by racism\u201c \u2013 betroffen von Rassismus also \u2013 nicht \u201einfected by racism\u201c. Eine Aufzeichnung der Rede gibt es h\u00f6chstwahrscheinlich nicht, wie uns eine Sprecherin des Goethe-Instituts London auf Nachfrage mitteilt.Fazit: Drei der Zitate sind also frei erfunden und bei einem k\u00f6nnte es sich um eine Falsch\u00fcbersetzung handeln.Hier geben wir Tipps, wie Sie Falschzitate erkennen.Redigatur: Sophie Timmermann, Uschi Jonas\u00a0Zur Quelle wechselnAuthor: Max Bernhard"},{"@context":"https:\/\/schema.org\/","@type":"BreadcrumbList","itemListElement":[{"@type":"ListItem","position":1,"name":"Gr\u00fcnen-Politiker J\u00fcrgen Trittin werden falsche Zitate zum Thema Migration zugeschrieben","item":"https:\/\/www.bachhausen.de\/gruenen-politiker-juergen-trittin-werden-falsche-zitate-zum-thema-migration-zugeschrieben\/#breadcrumbitem"}]}]