[{"@context":"https:\/\/schema.org\/","@type":"NewsArticle","@id":"https:\/\/www.bachhausen.de\/im-rhythmus-der-jahreszeiten-eltern-koennen-waldorfkindergarten-in-koeln-esch-kennenlernen\/#NewsArticle","mainEntityOfPage":"https:\/\/www.bachhausen.de\/im-rhythmus-der-jahreszeiten-eltern-koennen-waldorfkindergarten-in-koeln-esch-kennenlernen\/","headline":"Im Rhythmus der Jahreszeiten: Eltern k\u00f6nnen Waldorfkindergarten in K\u00f6ln-Esch kennenlernen","name":"Im Rhythmus der Jahreszeiten: Eltern k\u00f6nnen Waldorfkindergarten in K\u00f6ln-Esch kennenlernen","description":"Ein Mal im Jahr veranstaltet der Kindergarten au\u00dferdem einen Secondhand-Basar, so auch am kommenden Samstag. \u00a0\u201eF\u00fcr die Eltern ist es eine Gelegenheit hochwertiges Spielzeug und Kleidung zu verkaufen, aber gleichzeitig soll es neuen Eltern und andere Interessierten die M\u00f6glichkeit bieten, mal reinzuschnuppern und die Einrichtung ganz unverbindlich kennenzulernen\u201c, so Schumacher.&#8230;","datePublished":"2025-04-04","dateModified":"2025-04-04","author":{"@type":"Person","@id":"##Person","name":"K\u00f6lner Stadtanzeiger","url":"#","identifier":3,"image":{"@type":"ImageObject","@id":"https:\/\/secure.gravatar.com\/avatar\/a3f43e8250594c4ed8be9e86201eefa6cc06ef89c032788db696432ac7e77173?s=96&d=monsterid&r=g","url":"https:\/\/secure.gravatar.com\/avatar\/a3f43e8250594c4ed8be9e86201eefa6cc06ef89c032788db696432ac7e77173?s=96&d=monsterid&r=g","height":96,"width":96}},"publisher":{"@type":"Person","name":"Dirk Bachhausen","image":{"@type":"ImageObject","@id":"https:\/\/www.bachhausen.de\/wp-content\/uploads\/2019\/07\/dirk_profil-300x300.jpg","url":"https:\/\/www.bachhausen.de\/wp-content\/uploads\/2019\/07\/dirk_profil-300x300.jpg","width":600,"height":60}},"image":{"@type":"ImageObject","@id":"https:\/\/www.bachhausen.de\/wp-content\/uploads\/2023\/09\/Zeitungsleser.webp","url":"https:\/\/www.bachhausen.de\/wp-content\/uploads\/2023\/09\/Zeitungsleser.webp","height":534,"width":800},"url":"https:\/\/www.bachhausen.de\/im-rhythmus-der-jahreszeiten-eltern-koennen-waldorfkindergarten-in-koeln-esch-kennenlernen\/","about":["Stadtbezirk Chorweiler"],"wordCount":64,"keywords":["eltern","jahreszeiten","kennenlernen","konnen","rhythmus","waldorfkindergarten"],"articleBody":"Ein Mal im Jahr veranstaltet der Kindergarten au\u00dferdem einen Secondhand-Basar, so auch am kommenden Samstag. \u00a0\u201eF\u00fcr die Eltern ist es eine Gelegenheit hochwertiges Spielzeug und Kleidung zu verkaufen, aber gleichzeitig soll es neuen Eltern und andere Interessierten die M\u00f6glichkeit bieten, mal reinzuschnuppern und die Einrichtung ganz unverbindlich kennenzulernen\u201c, so Schumacher.Secondhand Basar, Samstag, 5. April, 10 bis 14 Uhr, Waldorfkindergarten K\u00f6ln-Esch, Weilerstra\u00dfe 6"},{"@context":"https:\/\/schema.org\/","@type":"BreadcrumbList","itemListElement":[{"@type":"ListItem","position":1,"name":"Im Rhythmus der Jahreszeiten: Eltern k\u00f6nnen Waldorfkindergarten in K\u00f6ln-Esch kennenlernen","item":"https:\/\/www.bachhausen.de\/im-rhythmus-der-jahreszeiten-eltern-koennen-waldorfkindergarten-in-koeln-esch-kennenlernen\/#breadcrumbitem"}]}]