[{"@context":"https:\/\/schema.org\/","@type":"NewsArticle","@id":"https:\/\/www.bachhausen.de\/impressionen-vom-pol-fruehstueck-am-25-5-2025\/#NewsArticle","mainEntityOfPage":"https:\/\/www.bachhausen.de\/impressionen-vom-pol-fruehstueck-am-25-5-2025\/","headline":"Impressionen vom pol. Fr\u00fchst\u00fcck am 25.5.2025","name":"Impressionen vom pol. Fr\u00fchst\u00fcck am 25.5.2025","description":"B\u00fcrgerverein Lindweiler e.V. Quelle","datePublished":"2025-06-11","dateModified":"2025-06-11","author":{"@type":"Person","@id":"##Person","name":"Dirk Bachhausen","url":"#","identifier":22,"image":{"@type":"ImageObject","@id":"https:\/\/secure.gravatar.com\/avatar\/93ae70f78458966061adb399322453e29dbd2355588a233ff1df8b839ed01f72?s=96&d=monsterid&r=g","url":"https:\/\/secure.gravatar.com\/avatar\/93ae70f78458966061adb399322453e29dbd2355588a233ff1df8b839ed01f72?s=96&d=monsterid&r=g","height":96,"width":96}},"publisher":{"@type":"Person","name":"Dirk Bachhausen","image":{"@type":"ImageObject","@id":"https:\/\/www.bachhausen.de\/wp-content\/uploads\/2019\/07\/dirk_profil-300x300.jpg","url":"https:\/\/www.bachhausen.de\/wp-content\/uploads\/2019\/07\/dirk_profil-300x300.jpg","width":600,"height":60}},"image":{"@type":"ImageObject","@id":"https:\/\/www.bachhausen.de\/wp-content\/uploads\/2025\/06\/bv-lindweiler.jpg","url":"https:\/\/www.bachhausen.de\/wp-content\/uploads\/2025\/06\/bv-lindweiler.jpg","height":87,"width":100},"url":"https:\/\/www.bachhausen.de\/impressionen-vom-pol-fruehstueck-am-25-5-2025\/","about":["Lindweiler"],"wordCount":6,"keywords":["fruhstuck","impressionen"],"articleBody":"B\u00fcrgerverein Lindweiler e.V.Quelle"},{"@context":"https:\/\/schema.org\/","@type":"BreadcrumbList","itemListElement":[{"@type":"ListItem","position":1,"name":"Impressionen vom pol. Fr\u00fchst\u00fcck am 25.5.2025","item":"https:\/\/www.bachhausen.de\/impressionen-vom-pol-fruehstueck-am-25-5-2025\/#breadcrumbitem"}]}]