[{"@context":"https:\/\/schema.org\/","@type":"NewsArticle","@id":"https:\/\/www.bachhausen.de\/kanzler-duell-merz-macht-falsche-angaben-zu-islamistischen-gefaehrdern\/#NewsArticle","mainEntityOfPage":"https:\/\/www.bachhausen.de\/kanzler-duell-merz-macht-falsche-angaben-zu-islamistischen-gefaehrdern\/","headline":"Kanzler-Duell: Merz macht falsche Angaben zu \u201eislamistischen Gef\u00e4hrdern\u201c","name":"Kanzler-Duell: Merz macht falsche Angaben zu \u201eislamistischen Gef\u00e4hrdern\u201c","description":"Dieser Artikel stammt von CORRECTIV.Faktencheck \/ Zur Quelle wechseln Bundestagswahl 2025 Kanzler-Duell: Merz macht falsche Angaben zu \u201eislamistischen Gef\u00e4hrdern\u201c Bei einem TV-Duell am 19. Februar mit Olaf Scholz spricht Friedrich Merz \u00fcber 500 \u201eislamistische Gef\u00e4hrder\u201c, \u201e\u00fcberwiegend aus Afghanistan und aus Syrien&#8221;, die in Deutschland frei herumliefen. Doch sowohl die Zahlen&#8230;","datePublished":"2025-02-23","dateModified":"2025-02-23","author":{"@type":"Person","@id":"##Person","name":"Correctiv.org","url":"#","identifier":15,"image":{"@type":"ImageObject","@id":"https:\/\/secure.gravatar.com\/avatar\/51a6c0962ec4a7a9fff8508f3b6a21069f40fbb9a1ee7294cca7a040ced87b6c?s=96&d=monsterid&r=g","url":"https:\/\/secure.gravatar.com\/avatar\/51a6c0962ec4a7a9fff8508f3b6a21069f40fbb9a1ee7294cca7a040ced87b6c?s=96&d=monsterid&r=g","height":96,"width":96}},"publisher":{"@type":"Person","name":"Dirk Bachhausen","image":{"@type":"ImageObject","@id":"https:\/\/www.bachhausen.de\/wp-content\/uploads\/2019\/07\/dirk_profil-300x300.jpg","url":"https:\/\/www.bachhausen.de\/wp-content\/uploads\/2019\/07\/dirk_profil-300x300.jpg","width":600,"height":60}},"image":{"@type":"ImageObject","@id":"https:\/\/correctiv.org\/wp-content\/themes\/correctiv-theme\/img\/rating\/false.svg","url":"https:\/\/correctiv.org\/wp-content\/themes\/correctiv-theme\/img\/rating\/false.svg","height":"","width":""},"url":"https:\/\/www.bachhausen.de\/kanzler-duell-merz-macht-falsche-angaben-zu-islamistischen-gefaehrdern\/","video":{"@context":"http:\/\/schema.org\/","@type":"VideoObject","@id":"https:\/\/www.youtube.com\/watch?v=mYBctbOSlI4#VideoObject","contentUrl":"https:\/\/www.youtube.com\/watch?v=mYBctbOSlI4","name":"\ud83d\udd34 Scholz vs. Merz: Kanzler-Duell \u2013 Das Finale | im Anschluss die Analyse","description":"Die Spannung steigt. Am Sonntag w\u00e4hlen rund 59 Mio. Deutsche den neuen Bundestag \u2013 und am Mittwoch treffen die Kontrahenten \u2013 Bundeskanzler Olaf Scholz und sein Herausforderer Friedrich Merz \u2013 bei BILD und WELT (erscheint wie BILD bei Axel Springer) zum finalen gro\u00dfen Schlagabtausch aufeinander.\n\nAb 20.15 Uhr werden BILD-Chefredakteurin Marion Horn und WELT-Chefredakteur Jan Philipp Burgard die beiden Politiker interviewen. \n\nDirekt im Anschluss an das Duell diskutieren Katja Burkard (59, RTL) und J\u00f6rg Pilawa (59, Sat.1) mit den stellvertretenden Chefredakteuren von WELT und BILD, Robin Alexander und Paul Ronzheimer, das Auftreten der beiden Kanzlerkandidaten.\n\nInhalt\n0:00:00 Intro\n0:00:43 Das Kanzler-Duell\n01:04:45 Das Kanzler-Duell \u2013 Die Analyse\n\n#btw25 #bundestagswahl2025 \n----------------------------------------------------------------------------------------------\n\ud83d\udd34 Hol dir jetzt BILDplus: https:\/\/on.bild.de\/3Y47PJA\n\ud83c\udfa5\u00a0 Die besten Dokus mit BILDplus: https:\/\/on.bild.de\/BILDvideothek\n\nUnsere weiteren Kan\u00e4le:\n\u26bd\ufe0f SPORT BILD: https:\/\/www.youtube.com\/@SPORTBILD\n\ud83c\udfa7 BILD Podcast: https:\/\/www.youtube.com\/@BILDPodcasts\n\u2b50\ufe0f BILD PROMIS: https:\/\/www.youtube.com\/@bildpromis\n\n\u27a1\ufe0f BILD auf WhatsApp: https:\/\/on.bild.de\/whatsapp\n\u27a1\ufe0f BILD auf Instagram: https:\/\/www.instagram.com\/bild\/\n\u27a1\ufe0f BILD auf Facebook: https:\/\/www.facebook.com\/bild\n\u27a1\ufe0f BILD auf X: https:\/\/x.com\/bild\n\nImpressum: https:\/\/on.bild.de\/impressum\n\n#BILD #News #Nachrichten","thumbnailUrl":["https:\/\/i.ytimg.com\/vi\/mYBctbOSlI4\/default.jpg","https:\/\/i.ytimg.com\/vi\/mYBctbOSlI4\/mqdefault.jpg","https:\/\/i.ytimg.com\/vi\/mYBctbOSlI4\/hqdefault.jpg","https:\/\/i.ytimg.com\/vi\/mYBctbOSlI4\/sddefault.jpg","https:\/\/i.ytimg.com\/vi\/mYBctbOSlI4\/maxresdefault.jpg"],"uploadDate":"2025-02-19T21:19:49+00:00","duration":"PT2H10S","embedUrl":"https:\/\/www.youtube.com\/embed\/mYBctbOSlI4","publisher":{"@type":"Organization","@id":"https:\/\/www.youtube.com\/channel\/UC4zcMHyrT_xyWlgy5WGpFFQ#Organization","url":"https:\/\/www.youtube.com\/channel\/UC4zcMHyrT_xyWlgy5WGpFFQ","name":"BILD","description":"BILD BLEIBT BILD.\n\nAXEL SPRINGER DEUTSCHLAND GmbH,\nCHEFREDAKTEURIN\nMarion Horn (Vors.)\nVerantwortlich f\u00fcr den Inhalt i.S.d. \u00a7 18 Abs. 2 MStV: Marion Horn\nAXEL-SPRINGER-STRASSE 65\n10888 BERLIN\nTEL. (030) 25 91-0\nEMAIL: INFO@BILD.DE\n\nUnd hier die Datenschutzerkl\u00e4rung:\nhttps:\/\/on.bild.de\/DSE","logo":{"url":"https:\/\/yt3.ggpht.com\/jegH7ZaPMa7p48_3ZQQQ8hcZnc-jkaQ91M7DZNNhCpnpIAOXqgkCixWuBnzN26Y2v-CD8jPk5w=s800-c-k-c0x00ffffff-no-rj","width":800,"height":800,"@type":"ImageObject","@id":"https:\/\/www.youtube.com\/watch?v=mYBctbOSlI4#VideoObject_publisher_logo_ImageObject"}},"potentialAction":{"@type":"SeekToAction","@id":"https:\/\/www.youtube.com\/watch?v=mYBctbOSlI4#VideoObject_potentialAction","target":"https:\/\/www.youtube.com\/watch?v=mYBctbOSlI4&t={seek_to_second_number}","startOffset-input":"required name=seek_to_second_number"},"interactionStatistic":[[{"@type":"InteractionCounter","@id":"https:\/\/www.youtube.com\/watch?v=mYBctbOSlI4#VideoObject_interactionStatistic_WatchAction","interactionType":{"@type":"WatchAction"},"userInteractionCount":90546}],{"@type":"InteractionCounter","@id":"https:\/\/www.youtube.com\/watch?v=mYBctbOSlI4#VideoObject_interactionStatistic_LikeAction","interactionType":{"@type":"LikeAction"},"userInteractionCount":877}]},"about":["Politik"],"wordCount":606,"keywords":["angaben","duell","falsche","gefahrdern","islamistischen","kanzler","macht"],"articleBody":"Dieser Artikel stammt von CORRECTIV.Faktencheck \/ Zur Quelle wechselnBundestagswahl 2025Kanzler-Duell: Merz macht falsche Angaben zu \u201eislamistischen Gef\u00e4hrdern\u201c        Bei einem TV-Duell am 19. Februar mit Olaf Scholz spricht Friedrich Merz \u00fcber 500 \u201eislamistische Gef\u00e4hrder\u201c, \u201e\u00fcberwiegend aus Afghanistan und aus Syrien&#8221;, die in Deutschland frei herumliefen. Doch sowohl die Zahlen als auch die Angaben zu den Nationalit\u00e4ten sind falsch.                    von                                Max Bernhard23. Februar 2025                                Kurz vor der Bundestagswahl diskutierten die Kanzlerkandidaten der SPD, Olaf Scholz, und der CDU, Friedrich Merz, in einem Fernsehduell (Quelle: Michael Kappeler \/ DPA \/ Picture Alliance)                                        Behauptung                    Es gebe etwa 500 amtlich bekannte Gef\u00e4hrder in Deutschland. Diese k\u00f6nnten weder festgenommen noch abgeschoben werden und k\u00e4men \u00fcberwiegend aus Afghanistan und Syrien.                        Aufgestellt von:     Friedrich Merz                            Datum:                19.02.2025                        Bewertung        Falsch\u00dcber diese Bewertung                            Falsch. Laut den aktuellsten Zahlen des BKA zum Stichtag 1. August 2024 waren in Deutschland 208 \u201eGef\u00e4hrder\u201c auf freiem Fu\u00df. Anders als von Merz behauptet, stammen diese auch nicht \u00fcberwiegend aus Afghanistan und Syrien, sondern sind zum Gro\u00dfteil deutsche Staatsb\u00fcrger. Demnach konnte ein Teil von ihnen auch nicht abgeschoben werden.    Vier Tage vor der Bundestagswahl diskutierten die Kanzlerkandidaten der SPD, Olaf Scholz, und der CDU, Friedrich Merz, in einem Fernsehduell unter anderem zum Thema \u201eislamistische Gef\u00e4hrder\u201c.Merz \u00e4u\u00dferte sich dazu wie folgt (ab Minute 45:54): \u201eWir haben in Deutschland ungef\u00e4hr 500 amtlich bekannte Gef\u00e4hrder, \u00fcberwiegend aus Afghanistan und aus Syrien, und wir haben kein Instrument in der Hand, diese Leute festzunehmen, in Abschiebegewahrsam zu nehmen, und sie auch abzuschieben. Die laufen da drau\u00dfen frei rum.\u201cDas ist falsch \u2013 die Zahl der Gef\u00e4hrder, die sich in Deutschland befinden und auf freiem Fu\u00df sind, ist laut Daten des Bundeskriminalamts deutlich niedriger.In Deutschland sind 208 \u201ereligi\u00f6s motivierte Gef\u00e4hrder\u201c auf freiem Fu\u00df, nicht rund 500Als Gef\u00e4hrder gelten Personen, denen von der Polizei \u201epolitisch motivierte Straftaten von erheblicher Bedeutung\u201c wie zum Beispiel islamistische Terroranschl\u00e4ge zugetraut werden. Wenn sich diese Personen in Deutschland aufhalten, werden sie vom Bundesamt f\u00fcr Verfassungsschutz oder der jeweiligen Landesbeh\u00f6rde beobachtet. Die Zahl der Gef\u00e4hrder ist nicht Teil des Bundesverfassungsschutzberichts und wird auch nicht regelm\u00e4\u00dfig von offiziellen Stellen ver\u00f6ffentlicht, wie die Bundeszentrale f\u00fcr politische Bildung schreibt.Aktuelle Zahlen stehen in einer Antwort des BKA an das Redaktionsnetzwerk Deutschland. Demnach waren zum 1. August 2024 472 Personen als \u201ereligi\u00f6s motivierte Gef\u00e4hrder\u201c eingestuft. Von diesen waren 96 in Deutschland in Haft, und 168 befanden sich zu diesem Zeitpunkt im Ausland. In Deutschland auf freiem Fu\u00df befanden sich 208 \u2013 weniger als die H\u00e4lfte der von Merz genannten Zahl also.Mehrheit der Gef\u00e4hrder in Deutschland hat deutsche Staatsb\u00fcrgerschaftZur Nationalit\u00e4t der als \u201eGef\u00e4hrder\u201c eingestuften Personen machte die Bundesregierung zuletzt im April 2024 Angaben. Demnach waren Stand 3. April 480 Personen als religi\u00f6s motivierte Gef\u00e4hrder registriert, 304 hielten sich in Deutschland auf. Nur 138 von den sich in Deutschland befindlichen Personen hatten keine deutsche Staatsb\u00fcrgerschaft. Sieben davon hatten die afghanische Nationalit\u00e4t, 65 die syrische. Dass die dem BKA bekannten Gef\u00e4hrder \u201e\u00fcberwiegend aus Afghanistan und Syrien\u201c stammen, wie Merz behauptete, ist also ebenfalls nicht richtig.Es handelt sich bei \u201eGef\u00e4hrder\u201c um einen polizeilichen und nicht um einen rechtlichen Begriff. Teils wird die Praxis, Menschen pr\u00e4ventiv als \u201eGef\u00e4hrder\u201c einzuordnen, kritisiert, weil dem Begriff keine genaue rechtliche Definition zu Grunde liegt. Die Polizei trifft auf Basis von nicht n\u00e4her f\u00fcr die \u00d6ffentlichkeit definierten Annahmen eine Einsch\u00e4tzung, ob eine Person k\u00fcnftig schwere Straftaten begehen k\u00f6nnte.Die Pressestelle der CDU antwortete bis zur Ver\u00f6ffentlichung nicht auf eine Anfrage von CORRECTIV.Faktencheck.Alle Faktenchecks rund um die Bundestagswahl 2025 lesen Sie hier.Redigatur: Uschi Jonas, Gabriele ScherndlZur Quelle wechselnAuthor: Max Bernhard"},{"@context":"https:\/\/schema.org\/","@type":"BreadcrumbList","itemListElement":[{"@type":"ListItem","position":1,"name":"Kanzler-Duell: Merz macht falsche Angaben zu \u201eislamistischen Gef\u00e4hrdern\u201c","item":"https:\/\/www.bachhausen.de\/kanzler-duell-merz-macht-falsche-angaben-zu-islamistischen-gefaehrdern\/#breadcrumbitem"}]}]