[{"@context":"https:\/\/schema.org\/","@type":"NewsArticle","@id":"https:\/\/www.bachhausen.de\/katholisch-de-bunte-zaehlt-kardinal-marx-zu-den-aufsteigern-der-woche\/#NewsArticle","mainEntityOfPage":"https:\/\/www.bachhausen.de\/katholisch-de-bunte-zaehlt-kardinal-marx-zu-den-aufsteigern-der-woche\/","headline":"(katholisch.de) &#8220;Bunte&#8221; z\u00e4hlt Kardinal Marx zu den &#8220;Aufsteigern der Woche&#8221;","name":"(katholisch.de) &#8220;Bunte&#8221; z\u00e4hlt Kardinal Marx zu den &#8220;Aufsteigern der Woche&#8221;","description":"Was haben eine Basketball-Legende und ein Hollywood-Star mit Kardinal Reinhard Marx gemeinsam? Alle drei geh\u00f6ren laut &#8220;Bunte-Barometer&#8221; zu den &#8220;Aufsteigern in dieser Woche&#8221;. Was beim M\u00fcnchner Erzbischof dazu f\u00fchrte. Direktlink","datePublished":"2026-04-30","dateModified":"2026-04-30","author":{"@type":"Person","@id":"##Person","name":"Redaktion","url":"#","identifier":19,"image":{"@type":"ImageObject","@id":"https:\/\/secure.gravatar.com\/avatar\/?s=96&d=monsterid&r=g","url":"https:\/\/secure.gravatar.com\/avatar\/?s=96&d=monsterid&r=g","height":96,"width":96}},"publisher":{"@type":"Person","name":"Dirk Bachhausen","image":{"@type":"ImageObject","@id":"https:\/\/www.bachhausen.de\/wp-content\/uploads\/2019\/07\/dirk_profil-300x300.jpg","url":"https:\/\/www.bachhausen.de\/wp-content\/uploads\/2019\/07\/dirk_profil-300x300.jpg","width":600,"height":60}},"image":{"@type":"ImageObject","@id":"https:\/\/www.bachhausen.de\/wp-content\/uploads\/2019\/07\/dirk_profil-300x300.jpg","url":"https:\/\/www.bachhausen.de\/wp-content\/uploads\/2019\/07\/dirk_profil-300x300.jpg","width":100,"height":100},"url":"https:\/\/www.bachhausen.de\/katholisch-de-bunte-zaehlt-kardinal-marx-zu-den-aufsteigern-der-woche\/","about":["Allgemein"],"wordCount":33,"articleBody":"Was haben eine Basketball-Legende und ein Hollywood-Star mit Kardinal Reinhard Marx gemeinsam? Alle drei geh\u00f6ren laut &#8220;Bunte-Barometer&#8221; zu den &#8220;Aufsteigern in dieser Woche&#8221;. Was beim M\u00fcnchner Erzbischof dazu f\u00fchrte. Direktlink"},{"@context":"https:\/\/schema.org\/","@type":"BreadcrumbList","itemListElement":[{"@type":"ListItem","position":1,"name":"(katholisch.de) &#8220;Bunte&#8221; z\u00e4hlt Kardinal Marx zu den &#8220;Aufsteigern der Woche&#8221;","item":"https:\/\/www.bachhausen.de\/katholisch-de-bunte-zaehlt-kardinal-marx-zu-den-aufsteigern-der-woche\/#breadcrumbitem"}]}]