[{"@context":"https:\/\/schema.org\/","@type":"NewsArticle","@id":"https:\/\/www.bachhausen.de\/katholisch-de-deutsche-gruppe-bei-weltjugendtreffen-regenbogenfahne-kam-gut-an\/#NewsArticle","mainEntityOfPage":"https:\/\/www.bachhausen.de\/katholisch-de-deutsche-gruppe-bei-weltjugendtreffen-regenbogenfahne-kam-gut-an\/","headline":"(katholisch.de) Deutsche Gruppe bei Weltjugendtreffen: Regenbogenfahne kam gut an","name":"(katholisch.de) Deutsche Gruppe bei Weltjugendtreffen: Regenbogenfahne kam gut an","description":"\u00dcber eine Million junger Menschen aus aller Welt feierten am Sonntag Gottesdienst mit dem Papst auf einem Freigel\u00e4nde an Roms Stadtrand. Viele hatten Flaggen dabei &#8211; eine deutsche Gruppe hisste eine besondere Fahne. Viele h\u00e4tten daf\u00fcr applaudiert. Direktlink","datePublished":"2025-08-04","dateModified":"2025-08-04","author":{"@type":"Person","@id":"##Person","name":"Redaktion","url":"#","identifier":19,"image":{"@type":"ImageObject","@id":"https:\/\/secure.gravatar.com\/avatar\/?s=96&d=monsterid&r=g","url":"https:\/\/secure.gravatar.com\/avatar\/?s=96&d=monsterid&r=g","height":96,"width":96}},"publisher":{"@type":"Person","name":"Dirk Bachhausen","image":{"@type":"ImageObject","@id":"https:\/\/www.bachhausen.de\/wp-content\/uploads\/2019\/07\/dirk_profil-300x300.jpg","url":"https:\/\/www.bachhausen.de\/wp-content\/uploads\/2019\/07\/dirk_profil-300x300.jpg","width":600,"height":60}},"image":{"@type":"ImageObject","@id":"https:\/\/www.bachhausen.de\/wp-content\/uploads\/2025\/06\/wuxdtgmnyau.jpg","url":"https:\/\/www.bachhausen.de\/wp-content\/uploads\/2025\/06\/wuxdtgmnyau.jpg","height":1067,"width":1600},"url":"https:\/\/www.bachhausen.de\/katholisch-de-deutsche-gruppe-bei-weltjugendtreffen-regenbogenfahne-kam-gut-an\/","about":["Allgemein"],"wordCount":40,"keywords":["deutsche","gruppe","katholisch","regenbogenfahne","weltjugendtreffen"],"articleBody":"\u00dcber eine Million junger Menschen aus aller Welt feierten am Sonntag Gottesdienst mit dem Papst auf einem Freigel\u00e4nde an Roms Stadtrand. Viele hatten Flaggen dabei &#8211; eine deutsche Gruppe hisste eine besondere Fahne. Viele h\u00e4tten daf\u00fcr applaudiert. Direktlink"},{"@context":"https:\/\/schema.org\/","@type":"BreadcrumbList","itemListElement":[{"@type":"ListItem","position":1,"name":"(katholisch.de) Deutsche Gruppe bei Weltjugendtreffen: Regenbogenfahne kam gut an","item":"https:\/\/www.bachhausen.de\/katholisch-de-deutsche-gruppe-bei-weltjugendtreffen-regenbogenfahne-kam-gut-an\/#breadcrumbitem"}]}]