[{"@context":"https:\/\/schema.org\/","@type":"NewsArticle","@id":"https:\/\/www.bachhausen.de\/keine-angst-vor-atomkrieg-mit-russland-aussage-von-friedrich-merz-aus-dem-kontext-gerissen\/#NewsArticle","mainEntityOfPage":"https:\/\/www.bachhausen.de\/keine-angst-vor-atomkrieg-mit-russland-aussage-von-friedrich-merz-aus-dem-kontext-gerissen\/","headline":"Keine Angst vor Atomkrieg mit Russland? Aussage von Friedrich Merz aus dem Kontext gerissen","name":"Keine Angst vor Atomkrieg mit Russland? Aussage von Friedrich Merz aus dem Kontext gerissen","description":"Dieser Artikel stammt von CORRECTIV.Faktencheck \/ Zur Quelle wechseln Bundestagswahl 2025 Keine Angst vor Atomkrieg mit Russland? Aussage von Friedrich Merz aus dem Kontext gerissen Anders als online behauptet, sagte Friedrich Merz nicht, dass er keine Angst vor einem Atomkrieg mit Russland habe. Im Mai 2022 verneinte er die Frage,&#8230;","datePublished":"2024-12-09","dateModified":"2024-12-09","author":{"@type":"Person","@id":"##Person","name":"Correctiv.org","url":"#","identifier":15,"image":{"@type":"ImageObject","@id":"https:\/\/secure.gravatar.com\/avatar\/51a6c0962ec4a7a9fff8508f3b6a21069f40fbb9a1ee7294cca7a040ced87b6c?s=96&d=monsterid&r=g","url":"https:\/\/secure.gravatar.com\/avatar\/51a6c0962ec4a7a9fff8508f3b6a21069f40fbb9a1ee7294cca7a040ced87b6c?s=96&d=monsterid&r=g","height":96,"width":96}},"publisher":{"@type":"Person","name":"Dirk Bachhausen","image":{"@type":"ImageObject","@id":"https:\/\/www.bachhausen.de\/wp-content\/uploads\/2019\/07\/dirk_profil-300x300.jpg","url":"https:\/\/www.bachhausen.de\/wp-content\/uploads\/2019\/07\/dirk_profil-300x300.jpg","width":600,"height":60}},"image":{"@type":"ImageObject","@id":"https:\/\/correctiv.org\/wp-content\/themes\/correctiv-theme\/img\/rating\/false.svg","url":"https:\/\/correctiv.org\/wp-content\/themes\/correctiv-theme\/img\/rating\/false.svg","height":"","width":""},"url":"https:\/\/www.bachhausen.de\/keine-angst-vor-atomkrieg-mit-russland-aussage-von-friedrich-merz-aus-dem-kontext-gerissen\/","video":[{"@context":"http:\/\/schema.org\/","@type":"VideoObject","@id":"https:\/\/www.youtube.com\/watch?v=H4zpu9j9z0U#VideoObject","contentUrl":"https:\/\/www.youtube.com\/watch?v=H4zpu9j9z0U","name":"16.10.2024 | Rede von Friedrich Merz bei der Regierungserkl\u00e4rung zum Europ\u00e4ischen Rat","description":"Rede des Vorsitzenden der CDU\u00b7CSU Fraktion, Friedrich Merz, bei der Regierungserkl\u00e4rung zum Europ\u00e4ischen Rat im Deutschen Bundestag am 16. Oktober 2024.\n\nMehr Informationen auf http:\/\/www.cducsu.de sowie unseren Social-Media-Kan\u00e4len.","thumbnailUrl":["https:\/\/i.ytimg.com\/vi\/H4zpu9j9z0U\/default.jpg","https:\/\/i.ytimg.com\/vi\/H4zpu9j9z0U\/mqdefault.jpg","https:\/\/i.ytimg.com\/vi\/H4zpu9j9z0U\/hqdefault.jpg","https:\/\/i.ytimg.com\/vi\/H4zpu9j9z0U\/sddefault.jpg","https:\/\/i.ytimg.com\/vi\/H4zpu9j9z0U\/maxresdefault.jpg"],"uploadDate":"2024-10-16T14:27:37+00:00","duration":"PT15M59S","embedUrl":"https:\/\/www.youtube.com\/embed\/H4zpu9j9z0U","publisher":{"@type":"Organization","@id":"https:\/\/www.youtube.com\/channel\/UCWpop4RlpejOFLebR0C1YaQ#Organization","url":"https:\/\/www.youtube.com\/channel\/UCWpop4RlpejOFLebR0C1YaQ","name":"CDU\u2022CSU Fraktion","description":"Wir nehmen dich mit vor und hinter die Kulissen der CDU\/CSU-Fraktion im Bundestag: Livestreams, Clips und Aufzeichnungen zu unseren Themen & Veranstaltungen, Statements von Fraktionschef Jens Spahn, CSU-Landesgruppenchef Alexander Hoffmann und weiterer Abgeordneter unserer Fraktion.\n\nMehr aktuelle Infos gibt\u2019s auf unserer Website, unseren Social Media-Kan\u00e4len und jetzt auch auf unserem WhatsApp-Kanal! \ud83d\udc47\n","logo":{"url":"https:\/\/yt3.ggpht.com\/k4gYmZBmzW0L1xD5GPVV4WY4Q0Wf_i1ik8ysRjewg_2tOI-poEu-1fhpYtQBi3Lew9fAR9wtJvU=s800-c-k-c0x00ffffff-no-rj","width":800,"height":800,"@type":"ImageObject","@id":"https:\/\/www.youtube.com\/watch?v=H4zpu9j9z0U#VideoObject_publisher_logo_ImageObject"}},"potentialAction":{"@type":"SeekToAction","@id":"https:\/\/www.youtube.com\/watch?v=H4zpu9j9z0U#VideoObject_potentialAction","target":"https:\/\/www.youtube.com\/watch?v=H4zpu9j9z0U&t={seek_to_second_number}","startOffset-input":"required name=seek_to_second_number"},"interactionStatistic":[[{"@type":"InteractionCounter","@id":"https:\/\/www.youtube.com\/watch?v=H4zpu9j9z0U#VideoObject_interactionStatistic_WatchAction","interactionType":{"@type":"WatchAction"},"userInteractionCount":109540}],{"@type":"InteractionCounter","@id":"https:\/\/www.youtube.com\/watch?v=H4zpu9j9z0U#VideoObject_interactionStatistic_LikeAction","interactionType":{"@type":"LikeAction"},"userInteractionCount":1581}]},{"@context":"http:\/\/schema.org\/","@type":"VideoObject","@id":"https:\/\/www.youtube.com\/watch?v=E4xqejIWot8#VideoObject","contentUrl":"https:\/\/www.youtube.com\/watch?v=E4xqejIWot8","name":"CDU Live mit Friedrich Merz","description":"#CDU #CDULive\nDie n\u00e4chsten Tage entscheiden dar\u00fcber, ob Deutschland bereit ist, die Ukraine auch mit schweren Waffen beim Kampf gegen den Angriff Russlands zu unterst\u00fctzten. Auf Druck der Union ist nun endlich Bewegung auch in die Reihen der Bundesregierung gekommen. Es ist klar, dass die Ukraine jedes Recht hat, sich gegen den russischen Angriffskrieg zur Wehr zu setzen. Aus den letzten Jahren wissen wir: Putin wird nicht stoppen, wenn er nicht gestoppt wird \u2013 auch milit\u00e4risch.\n \nUnser Parteivorsitzender Friedrich Merz m\u00f6chte mit Ihnen \u00fcber die aktuelle Situation sprechen \u2013 \u00fcber diese wichtige Woche im Deutschen Bundestag, \u00fcber die Auswirkungen des russischen Angriffskrieges auf Europa, \u00fcber die Dimensionen der Zeitenwende, in der wir uns befinden.","thumbnailUrl":["https:\/\/i.ytimg.com\/vi\/E4xqejIWot8\/default.jpg","https:\/\/i.ytimg.com\/vi\/E4xqejIWot8\/mqdefault.jpg","https:\/\/i.ytimg.com\/vi\/E4xqejIWot8\/hqdefault.jpg","https:\/\/i.ytimg.com\/vi\/E4xqejIWot8\/sddefault.jpg","https:\/\/i.ytimg.com\/vi\/E4xqejIWot8\/maxresdefault.jpg"],"uploadDate":"2022-04-29T15:12:30+00:00","duration":"PT1H14M11S","embedUrl":"https:\/\/www.youtube.com\/embed\/E4xqejIWot8","publisher":{"@type":"Organization","@id":"https:\/\/www.youtube.com\/channel\/UCKyWIEse3u7ExKfAWuDMVnw#Organization","url":"https:\/\/www.youtube.com\/channel\/UCKyWIEse3u7ExKfAWuDMVnw","name":"CDU","description":"Die CDU ist die Volkspartei der Mitte. Seit 1945. \nOb aktuelle Nachrichten oder der Blick hinter die Kulissen - der Blick auf CDU.TV lohnt sich immer.\nWir freuen uns auf Ihre Kommentare und Anregungen. Beleidigungen sowie extremistische oder rassistische Kommentare werden jedoch nicht toleriert.","logo":{"url":"https:\/\/yt3.ggpht.com\/T7Mr481w8OIZkcNe2ZVKhnVfpaiEjDWuh-hZZzO1tomNgr6R9b2g7yQ56AXy_uEqPsrSX4Bq=s800-c-k-c0x00ffffff-no-rj","width":800,"height":800,"@type":"ImageObject","@id":"https:\/\/www.youtube.com\/watch?v=E4xqejIWot8#VideoObject_publisher_logo_ImageObject"}},"potentialAction":{"@type":"SeekToAction","@id":"https:\/\/www.youtube.com\/watch?v=E4xqejIWot8#VideoObject_potentialAction","target":"https:\/\/www.youtube.com\/watch?v=E4xqejIWot8&t={seek_to_second_number}","startOffset-input":"required name=seek_to_second_number"},"interactionStatistic":[[{"@type":"InteractionCounter","@id":"https:\/\/www.youtube.com\/watch?v=E4xqejIWot8#VideoObject_interactionStatistic_WatchAction","interactionType":{"@type":"WatchAction"},"userInteractionCount":3295}],{"@type":"InteractionCounter","@id":"https:\/\/www.youtube.com\/watch?v=E4xqejIWot8#VideoObject_interactionStatistic_LikeAction","interactionType":{"@type":"LikeAction"},"userInteractionCount":107}]}],"about":["Politik"],"wordCount":1065,"keywords":["angst","atomkrieg","aussage","friedrich","keine","kontext","russland"],"articleBody":"Dieser Artikel stammt von CORRECTIV.Faktencheck \/ Zur Quelle wechselnBundestagswahl 2025Keine Angst vor Atomkrieg mit Russland? Aussage von Friedrich Merz aus dem Kontext gerissen        Anders als online behauptet, sagte Friedrich Merz nicht, dass er keine Angst vor einem Atomkrieg mit Russland habe. Im Mai 2022 verneinte er die Frage, ob er Angst habe, Deutschland k\u00f6nne wegen Waffenlieferungen an die Ukraine von Russland zur Kriegspartei erkl\u00e4rt werden.                    von                                Matthias Bau09. Dezember 2024                                CDU-Vorsitzender Friedrich Merz sprach am 16. Oktober 2024 im Deutschen Bundestag und warf Bundeskanzler Olaf Scholz vor, er lasse sich von Russlands Drohungen mit Nuklearwaffen einsch\u00fcchtern (Quelle: Frederic Kern \/ Geisler-Fotopress \/ Picture Alliance)                                        Behauptung                    Friedrich Merz habe gesagt: \u201eIch habe keine Angst vor einem Atomkrieg mit Russland.\u201c                        Aufgestellt von:     viralen Beitr\u00e4gen in Sozialen Netzwerken                            Datum:                11.11.2024            Quelle            Bewertung        Falsch\u00dcber diese Bewertung                            Falsch. Friedrich Merz hat sich w\u00f6rtlich so nicht ge\u00e4u\u00dfert. Das best\u00e4tigt ein CDU-Sprecher. Merz verneinte gegen\u00fcber dem Sender N-TV im Mai 2022 die Frage, ob er Angst habe, Deutschland k\u00f6nne wegen Waffenlieferungen an die Ukraine von Putin zur Kriegspartei erkl\u00e4rt werden.    Noch im Oktober 2024 forderte Friedrich Merz im Deutschen Bundestag, den Marschflugk\u00f6rper Taurus an die Ukraine zu liefern, wenn Putin nicht aufh\u00f6re, die zivile Infrastruktur der Ukraine zu zerst\u00f6ren. Immer wieder sprach er dabei von Angst, die er der Bundesregierung vorwarf: \u201eIch kann mich des Eindrucks nicht erwehren, dass die Drohungen mit dem Einsatz taktischer Nuklearwaffen im ganzen Westen \u2013 auch bei ihnen \u2013 doch erhebliche Wirkung erzielen.\u201c Angst sei \u201edie Mutter aller Grausamkeiten\u201c, so Merz. Doch die Bundesregierung blieb dabei: Keine Taurus-Lieferungen f\u00fcr die Ukraine (Stand: 9. Dezember 2024).\u00a0Als Russland seine Nukleardoktrin am 19. November 2024 versch\u00e4rfte und damit die Schwelle f\u00fcr den Einsatz von Atomwaffen senkte, kursierten schon erste Beitr\u00e4ge in Sozialen Netzwerken, die Friedrich Merz dazu ein vermeintlich passendes Zitat in den Mund legten: \u201eIch habe keine Angst vor einem Atomkrieg mit Russland.\u201cDann, am 21. November, feuerte Russland eine Mittelstreckenrakete auf die ukrainische Stadt Dnipro ab, die laut Putin selbst und laut Einsch\u00e4tzung von Frank Sauer, Professor f\u00fcr Internationale Politik an der Universit\u00e4t der Bundeswehr in M\u00fcnchen, nuklearwaffenf\u00e4hig ist. Die Beitr\u00e4ge im Netz mit dem angeblichen Zitat von Merz h\u00e4uften sich. Sie erreichten auf Facebook, X,Youtube und Telegram hunderttausende Aufrufe.\u00a0Unsere Recherche zeigt: Merz hat sich aktuell so nicht ge\u00e4u\u00dfert, wie es ihm unterstellt wird. Die Aussage ist irref\u00fchrend verk\u00fcrzt und \u00fcber zwei Jahre alt.\u00a0Im November 2024 ging dieses Sharepic \u00fcber Friedrich Merz viral. Merz hat sich so aber nicht ge\u00e4u\u00dfert. (Quelle: X; Screenshot und Schw\u00e4rzung: CORRECTIV.Faktencheck)Fake-Zitat verdreht Aussage von Friedrich Merz aus dem Mai 2022Suchen mit dem angeblichen Zitat bei Google und in der Pressedatenbank Genios f\u00fchren zu keinen belastbaren Quellen. Ein Sprecher der CDU schrieb uns: \u201eDie kursierende Kachel ist eine unzul\u00e4ssige Verk\u00fcrzung der Position von Friedrich Merz. Aus dem Kontext wird ersichtlich, dass er zu diesem Thema eine klare, aber differenzierte Meinung hat.\u201cAuf diesen Kontext verweisen bereits manche der Beitr\u00e4ge in Sozialen Netzwerken. Sie zeigen einen Screenshot, auf dem es hei\u00dft: \u201eMerz: Habe keine Angst vor Atomkrieg\u201c. Dieser stammt von einem  vom 2. Mai 2022. In dem dazu ver\u00f6ffentlichten Interview wird Merz gefragt: \u201eHaben Sie Angst, dass wir von Putin zur Kriegspartei erkl\u00e4rt werden, mit der m\u00f6glichen Folge eines Atomkriegs?\u201c Er antwortete: \u201eIch habe keine Angst, aber wir machen uns nat\u00fcrlich alle Gedanken und haben Sorgen. Wir wollen keine Ausweitung dieses Kriegs und gerade deshalb haben wir uns ja entschlossen auch die Waffen an die Ukraine zu liefern [\u2026] Wir wollen, dass mit diesen Waffen der Angriff von Putin gestoppt wird.\u201cIn dem Interview aus 2022 ging es also darum, ob Deutschland durch Waffenlieferungen an die Ukraine zur Kriegspartei werde. Medienberichten zufolge war das auch das zentrale Thema in den Diskussionen zu dieser Zeit. Merz hatte laut Eigenaussage keine Angst davor, Kriegspartei zu werden. Gleichzeitig ordnete er ein, er wolle keine Ausweitung des Kriegs. In der Woche zuvor hatte der Bundestag den Entschluss gefasst, schwere Waffen zu liefern.\u00a0Im Folgenden erkl\u00e4ren wir, in welcher politischen Lage sich Merz so \u00e4u\u00dferte.\u00a0Nach Russlands Angriff auf die Ukraine diskutierte Deutschland \u00fcber die Lieferung schwerer Waffen\u00a0Russland begann seine Invasion der Ukraine rund zwei Monate zuvor, am 24. Februar 2022. Zwei Tage nach dem Angriff k\u00fcndigte Bundeskanzler Olaf Scholz die Lieferung von Panzerabwehrwaffen und Boden-Luft-Raketen an. Begleitet wurden diese Waffenlieferungen von Anfang an von der Diskussion, ob Deutschland dadurch zu einer Konfliktpartei beziehungsweise Kriegspartei werde.\u00a0In den folgenden Monaten dr\u00e4ngte unter anderem die CDU darauf, weitere Waffen, vor allem schwere Waffen wie Panzer, an die Ukraine zu liefern. Bundeskanzler Olaf Scholz lehnte das am 22. April im Interview mit dem Spiegel ab. Dort deutete er an, Waffenlieferungen k\u00f6nnten zu einem Atomkrieg f\u00fchren.Die CDU legte am 25. April 2022 dennoch einen Antrag f\u00fcr einen Bundestagsbeschluss zur Lieferung schwerer Waffen vor. F\u00fcr den Folgetag hatten die USA auf dem Luftwaffenst\u00fctzpunkt Ramstein in Rheinland-Pfalz 43 L\u00e4nder eingeladen, um zum Krieg in der Ukraine zu beraten. Dort wurde bekannt, dass Deutschland Flugabwehr-Panzer an die Ukraine liefern wird \u2013 sich also doch zur Lieferung schwerer Waffen entschloss.\u00a0CDU, SPD, Gr\u00fcne und FDP stimmten im April 2022 gemeinsam f\u00fcr die Lieferung schwerer WaffenZwei Tage sp\u00e4ter, am 28. April 2022 stimmte der Bundestag der Lieferung schwerer Waffen zu. Danach sprach Friedrich Merz in einem Livestream der CDU unter anderem \u00fcber die Waffenlieferungen an die Ukraine. Die CDU habe die Lieferung schwerer Waffen gefordert, wie das auch andere Staaten beim Treffen in Ramstein getan h\u00e4tten, so Merz. Dennoch d\u00fcrfe weder Deutschland noch d\u00fcrften andere \u201eStaaten des Westens\u201c Kriegspartei werden. Hinter dieser Schwelle m\u00fcsse man deutlich zur\u00fcckbleiben und d\u00fcrfe \u201ePutin kein Alibi liefern\u201c, den Krieg auszuweiten.Damit ist klar: Merz sagte in dem Interview mit N-TV im Mai 2022 zwar, er habe keine Angst, Kriegspartei zu werden, doch auch hier betonte er, dass sich der Krieg nicht ausweiten d\u00fcrfe. Merz sagte auch: \u201eWir machen uns nat\u00fcrlich alle Gedanken und wir haben Sorgen.\u201c\u200b\u200bAlle Faktenchecks rund um die Bundestagswahl 2025 lesen Sie hier.Redigatur: Kimberly Nicolaus, Paulina ThomDie wichtigsten, \u00f6ffentlichen Quellen f\u00fcr diesen Faktencheck:CDU Live mit Friedrich Merz vom 29. April 2022: LinkN-TV Interview mit Friedrich Merz: \u201e\u201aM\u00fcssen Putins Angriff stoppen.\u2018 Merz: Habe keine Angst vor Atomkrieg\u201c, 2. Mai 2022: Link (archiviert)Zur Quelle wechselnAuthor: Matthias Bau"},{"@context":"https:\/\/schema.org\/","@type":"BreadcrumbList","itemListElement":[{"@type":"ListItem","position":1,"name":"Keine Angst vor Atomkrieg mit Russland? Aussage von Friedrich Merz aus dem Kontext gerissen","item":"https:\/\/www.bachhausen.de\/keine-angst-vor-atomkrieg-mit-russland-aussage-von-friedrich-merz-aus-dem-kontext-gerissen\/#breadcrumbitem"}]}]