[{"@context":"https:\/\/schema.org\/","@type":"NewsArticle","@id":"https:\/\/www.bachhausen.de\/kita-plaetze-in-nrw-kritik-an-der-landesregierung\/#NewsArticle","mainEntityOfPage":"https:\/\/www.bachhausen.de\/kita-plaetze-in-nrw-kritik-an-der-landesregierung\/","headline":"Kita-Pl\u00e4tze in NRW: Kritik an der Landesregierung","name":"Kita-Pl\u00e4tze in NRW: Kritik an der Landesregierung","description":"1 min gesch\u00e4tzte Lesedauer Die aktuellen Zahlen zur U3-Betreuung in K\u00f6ln und Nordrhein-Westfalen sorgen f\u00fcr Unmut bei den SPD Landtagsabgeordneten. Es wird prognostiziert, dass im n\u00e4chsten Kindergartenjahr in K\u00f6ln 134 U3-Pl\u00e4tze fehlen werden, w\u00e4hrend in ganz NRW insgesamt mehr als 90.000 Betreuungspl\u00e4tze f\u00fcr unter Dreij\u00e4hrige fehlen. Lediglich 466 neue Pl\u00e4tze&#8230;","datePublished":"2024-07-01","dateModified":"2024-07-01","author":{"@type":"Person","@id":"##Person","name":"SPD K\u00f6ln","url":"#","identifier":4,"image":{"@type":"ImageObject","@id":"https:\/\/secure.gravatar.com\/avatar\/9e275a42f0e2d615e7358ea63859947f3ea63517a2bcb7a2b26010d9ca858396?s=96&d=monsterid&r=g","url":"https:\/\/secure.gravatar.com\/avatar\/9e275a42f0e2d615e7358ea63859947f3ea63517a2bcb7a2b26010d9ca858396?s=96&d=monsterid&r=g","height":96,"width":96}},"publisher":{"@type":"Person","name":"Dirk Bachhausen","image":{"@type":"ImageObject","@id":"https:\/\/www.bachhausen.de\/wp-content\/uploads\/2019\/07\/dirk_profil-300x300.jpg","url":"https:\/\/www.bachhausen.de\/wp-content\/uploads\/2019\/07\/dirk_profil-300x300.jpg","width":600,"height":60}},"image":{"@type":"ImageObject","@id":"https:\/\/www.bachhausen.de\/wp-content\/uploads\/2023\/09\/Zeitungsleser.webp","url":"https:\/\/www.bachhausen.de\/wp-content\/uploads\/2023\/09\/Zeitungsleser.webp","height":534,"width":800},"url":"https:\/\/www.bachhausen.de\/kita-plaetze-in-nrw-kritik-an-der-landesregierung\/","about":["K\u00f6ln","Politik"],"wordCount":343,"keywords":["kritik","landesregierung","platze"],"articleBody":" 1 min gesch\u00e4tzte LesedauerDie aktuellen Zahlen zur U3-Betreuung in K\u00f6ln und Nordrhein-Westfalen sorgen f\u00fcr Unmut bei den SPD Landtagsabgeordneten. Es wird prognostiziert, dass im n\u00e4chsten Kindergartenjahr in K\u00f6ln 134 U3-Pl\u00e4tze fehlen werden, w\u00e4hrend in ganz NRW insgesamt mehr als 90.000 Betreuungspl\u00e4tze f\u00fcr unter Dreij\u00e4hrige fehlen. Lediglich 466 neue Pl\u00e4tze sind f\u00fcr das Kindergartenjahr 2024\/25 in NRW geplant.Jochen Ott, einer der Abgeordneten, kritisiert die schwarz-gr\u00fcne Koalition in D\u00fcsseldorf scharf. Er bem\u00e4ngelt die Weigerung, die steigenden Kosten der Kitas auszugleichen und Unterst\u00fctzung zu bieten, was sich negativ auf das Platzangebot auswirkt. Ott betont, dass Tr\u00e4ger, die mit finanziellen Schwierigkeiten zu k\u00e4mpfen haben, keine neuen Kitas errichten oder ihr Angebot erweitern k\u00f6nnen. Dies f\u00fchrt dazu, dass die Zahl der U3-Pl\u00e4tze in K\u00f6ln im kommenden Kindergartenjahr auf 15.856 sinkt, was einem R\u00fcckgang um 134 Pl\u00e4tze entspricht.Lena Teschlade schlie\u00dft sich der Kritik an und bezeichnet die Situation als Hiobsbotschaft f\u00fcr Familien, die dringend auf Kita-Pl\u00e4tze angewiesen sind. Sie sieht unter der Regierung von Herrn W\u00fcst keine Verbesserungen f\u00fcr Kinder, Familien und Kitas, sondern vielmehr steigende Defizite bei den Tr\u00e4gern, h\u00f6here Krankenst\u00e4nde beim Personal und mehr Schlie\u00dftage in den Einrichtungen.Carolin Kirsch fordert dringendes Handeln und kritisiert das langsame Tempo beim Kita-Ausbau in Nordrhein-Westfalen. Sie betont die Notwendigkeit eines Rettungspakets f\u00fcr die Tr\u00e4ger der Einrichtungen, um den Ausbau zu erm\u00f6glichen. Kirsch wird im Landtag weiterhin Druck aus\u00fcben, damit die Landesregierung finanzielle Unterst\u00fctzung bereitstellt. Sie verweist auf die finanziellen Nachteile, die Probleme berufst\u00e4tiger Familien und den Fachkr\u00e4ftemangel als Gr\u00fcnde, warum die Landesregierung nicht tatenlos bleiben sollte.Sei der erste, der diesen Beitrag teilt!Bitte dieses Feld leer lassen\ud83d\udc4b Unser NewsletterTragen Sie sich ein, um regelm\u00e4\u00dfig neue Infos in ihren Posteingang zu bekommen.E-Mail-Adresse *Wir senden keinen Spam! Erfahre mehr in unserer Datenschutzerkl\u00e4rung.Pr\u00fcfe deinen Posteingang oder Spam-Ordner, um dein Abonnement zu best\u00e4tigen.Hier weiter lesen&#8230;"},{"@context":"https:\/\/schema.org\/","@type":"BreadcrumbList","itemListElement":[{"@type":"ListItem","position":1,"name":"Kita-Pl\u00e4tze in NRW: Kritik an der Landesregierung","item":"https:\/\/www.bachhausen.de\/kita-plaetze-in-nrw-kritik-an-der-landesregierung\/#breadcrumbitem"}]}]