[{"@context":"https:\/\/schema.org\/","@type":"NewsArticle","@id":"https:\/\/www.bachhausen.de\/koeln-blumenberg-streit-eskaliert-mann-in-mehrfamilienhaus-niedergestochen\/#NewsArticle","mainEntityOfPage":"https:\/\/www.bachhausen.de\/koeln-blumenberg-streit-eskaliert-mann-in-mehrfamilienhaus-niedergestochen\/","headline":"K\u00f6ln-Blumenberg: Streit eskaliert \u2013 Mann in Mehrfamilienhaus niedergestochen","name":"K\u00f6ln-Blumenberg: Streit eskaliert \u2013 Mann in Mehrfamilienhaus niedergestochen","description":"Bei einer Auseinandersetzung soll ein 30-j\u00e4hriger Mann einen 39-J\u00e4hrigen mit einem spitzen Gegenstand schwer verletzt haben.","datePublished":"2026-03-17","dateModified":"2026-03-17","author":{"@type":"Person","@id":"##Person","name":"K\u00f6lner Stadtanzeiger","url":"#","identifier":3,"image":{"@type":"ImageObject","@id":"https:\/\/secure.gravatar.com\/avatar\/a3f43e8250594c4ed8be9e86201eefa6cc06ef89c032788db696432ac7e77173?s=96&d=monsterid&r=g","url":"https:\/\/secure.gravatar.com\/avatar\/a3f43e8250594c4ed8be9e86201eefa6cc06ef89c032788db696432ac7e77173?s=96&d=monsterid&r=g","height":96,"width":96}},"publisher":{"@type":"Person","name":"Dirk Bachhausen","image":{"@type":"ImageObject","@id":"https:\/\/www.bachhausen.de\/wp-content\/uploads\/2019\/07\/dirk_profil-300x300.jpg","url":"https:\/\/www.bachhausen.de\/wp-content\/uploads\/2019\/07\/dirk_profil-300x300.jpg","width":600,"height":60}},"image":{"@type":"ImageObject","@id":"https:\/\/www.bachhausen.de\/wp-content\/uploads\/2019\/07\/dirk_profil-300x300.jpg","url":"https:\/\/www.bachhausen.de\/wp-content\/uploads\/2019\/07\/dirk_profil-300x300.jpg","width":100,"height":100},"url":"https:\/\/www.bachhausen.de\/koeln-blumenberg-streit-eskaliert-mann-in-mehrfamilienhaus-niedergestochen\/","about":["K\u00f6ln","Stadtbezirk Chorweiler"],"wordCount":18,"articleBody":"Bei einer Auseinandersetzung soll ein 30-j\u00e4hriger Mann einen 39-J\u00e4hrigen mit einem spitzen Gegenstand schwer verletzt haben."},{"@context":"https:\/\/schema.org\/","@type":"BreadcrumbList","itemListElement":[{"@type":"ListItem","position":1,"name":"K\u00f6ln-Blumenberg: Streit eskaliert \u2013 Mann in Mehrfamilienhaus niedergestochen","item":"https:\/\/www.bachhausen.de\/koeln-blumenberg-streit-eskaliert-mann-in-mehrfamilienhaus-niedergestochen\/#breadcrumbitem"}]}]