[{"@context":"https:\/\/schema.org\/","@type":"NewsArticle","@id":"https:\/\/www.bachhausen.de\/koeln-chorweiler-bezirksvertretung-macht-druck-fuer-kita-bau-in-merkenich\/#NewsArticle","mainEntityOfPage":"https:\/\/www.bachhausen.de\/koeln-chorweiler-bezirksvertretung-macht-druck-fuer-kita-bau-in-merkenich\/","headline":"K\u00f6ln-Chorweiler: Bezirksvertretung macht Druck f\u00fcr Kita-Bau in Merkenich","name":"K\u00f6ln-Chorweiler: Bezirksvertretung macht Druck f\u00fcr Kita-Bau in Merkenich","description":"K\u00f6ln-ChorweilerBezirksvertretung macht Druck f\u00fcr Kita-Bau in Merkenich Von Christopher Dr\u00f6ge 01.08.2025, 13:59 Uhr 2 min In Merkenich gibt es aktuell ein Kita-Problem. Die BV Chorweiler fordert mehr Initiative. (Symbolbild) Copyright: Friso Gentsch\/dpa ANZEIGE ANZEIGE Die bisherigen Bem\u00fchungen der Verwaltung reichen nicht aus, so die \u00dcberzeugung der Bezirksvertreter: sie fordern schnellere&#8230;","datePublished":"2025-08-01","dateModified":"2025-08-01","author":{"@type":"Person","@id":"##Person","name":"K\u00f6lner Stadtanzeiger","url":"#","identifier":3,"image":{"@type":"ImageObject","@id":"https:\/\/secure.gravatar.com\/avatar\/a3f43e8250594c4ed8be9e86201eefa6cc06ef89c032788db696432ac7e77173?s=96&d=monsterid&r=g","url":"https:\/\/secure.gravatar.com\/avatar\/a3f43e8250594c4ed8be9e86201eefa6cc06ef89c032788db696432ac7e77173?s=96&d=monsterid&r=g","height":96,"width":96}},"publisher":{"@type":"Person","name":"Dirk Bachhausen","image":{"@type":"ImageObject","@id":"https:\/\/www.bachhausen.de\/wp-content\/uploads\/2019\/07\/dirk_profil-300x300.jpg","url":"https:\/\/www.bachhausen.de\/wp-content\/uploads\/2019\/07\/dirk_profil-300x300.jpg","width":600,"height":60}},"image":{"@type":"ImageObject","@id":"https:\/\/www.bachhausen.de\/wp-content\/uploads\/2025\/06\/news-e1749672185204.jpg","url":"https:\/\/www.bachhausen.de\/wp-content\/uploads\/2025\/06\/news-e1749672185204.jpg","height":582,"width":1280},"url":"https:\/\/www.bachhausen.de\/koeln-chorweiler-bezirksvertretung-macht-druck-fuer-kita-bau-in-merkenich\/","about":["K\u00f6ln","Stadtbezirk Chorweiler"],"wordCount":500,"keywords":["bezirksvertretung","chorweiler","druck","macht","merkenich"],"articleBody":"K\u00f6ln-ChorweilerBezirksvertretung macht Druck f\u00fcr Kita-Bau in MerkenichVon Christopher  Dr\u00f6ge01.08.2025, 13:59 Uhr 2 minIn Merkenich gibt es aktuell ein Kita-Problem. Die BV Chorweiler fordert mehr Initiative. (Symbolbild)Copyright: Friso Gentsch\/dpaANZEIGEANZEIGEDie bisherigen Bem\u00fchungen der Verwaltung reichen nicht aus, so die \u00dcberzeugung der Bezirksvertreter: sie fordern schnellere L\u00f6sungen.Das Merkenich ein Kita-Problem hat, ist weder neu noch ein Geheimnis. Der Fr\u00f6bel-Kindergarten Sternschnuppe in der Hildengasse ist seit geraumer Zeit die einzige Betreuungseinrichtung des Stadtteils und sein Platzangebot deckt den Bedarf bei weitem nicht \u2013 f\u00fcr Merkenicher Eltern ist es der Normalfall, auf Kinderg\u00e4rten in anderen Stadtteilen ausweichen zu m\u00fcssen.B\u00fcrger und politische Vertreter des K\u00f6lner Nordens beklagen den eklatanten Mangel an ortsnahen Kinderbetreuungspl\u00e4tzen seit Jahren, bisher ohne durchschlagenden Erfolg. Ein Lichtblick zeigte sich im vergangenen Fr\u00fchjahr bei der Bekanntgabe des Neubau-Projekts am H\u00f6fenweg: In dem geplanten neuen Quartier, dem die bisherigen Mehrfamilienh\u00e4user weichen m\u00fcssen, soll auch eine neue Kita angesiedelt werden. Bis diese jedoch den Merkenichern zur Verf\u00fcgung steht, werden mehrere Jahre vergehen.Suche nach Kita-Fl\u00e4chenDie CDU-Fraktion der Bezirksvertretung Chorweiler gibt sich mit dieser Perspektive nicht zufrieden. In der Sitzung des Gremiums im vergangenen Mai hatte sie daher den Antrag gestellt, schnellstm\u00f6glich eine weitere Kita im Stadtteil Merkenich zu errichten. Die Stadt K\u00f6ln d\u00fcrfe sich auf den Pl\u00e4nen f\u00fcr den H\u00f6fenweg nicht ausruhen, sondern m\u00fcsse selbst in Planung und Bau einer Kindertagesst\u00e4tte einsteigen \u2013 um dies m\u00f6glichst kurzfristig zu realisieren, verwies die Fraktion in ihrem Antrag ausdr\u00fccklich auf die M\u00f6glichkeit von provisorischen Containerl\u00f6sungen.Als m\u00f6gliche Standorte schlug sie das ehemalige \u00dcbergangsheim in der Causemannstra\u00dfe oder das Areal entlang der KVB-Bahntrasse vor, wo zurzeit neue Wohngeb\u00e4ude entstehen. Auch Standorte in den weiteren Merkenicher Ortsteilen Rheinkassel oder Feldkassel k\u00f6nnten Abhilfe schaffen und sollten in Betracht gezogen werden, so die Fraktion. Ihr Antrag wurde letztlich ohne \u00c4nderungen beschlossen.In einer Stellungnahme in der folgenden Sitzung versicherte die Verwaltung, dass sie die Einsch\u00e4tzung bez\u00fcglich der Dringlichkeit weiterer Kita-Pl\u00e4tze f\u00fcr den Stadtteil teile und die M\u00f6glichkeit von \u00dcbergangsl\u00f6sungen durch Containergeb\u00e4ude pr\u00fcfe. Auch die vorgeschlagenen Grundst\u00fccke w\u00fcrden gepr\u00fcft, auf dem Grundst\u00fcck des fr\u00fcheren \u00dcbergangsheims in der Causemannstra\u00dfe sei jedoch bereits eine Filiale eines Nahversorgers geplant \u2013 dessen Planungsverfahren sei bereits zu weit fortgeschritten, als dass das Vorhaben noch um eine Kita erweitert werden k\u00f6nne.Daf\u00fcr komme jedoch ein anderes st\u00e4dtisches Grundst\u00fcck in der Causemannstra\u00dfe infrage, da die dort befindlichen Mehrfamilienh\u00e4user marode seien und die Fl\u00e4che mittelfristig f\u00fcr eine Neubebauung infrage komme. F\u00fcr das Areal der Bahntrasse pr\u00fcfe die Verwaltung die M\u00f6glichkeit einer Kita-Ansiedlung entlang eines geplanten Radwegs, doch bef\u00e4nden sich die ben\u00f6tigten Fl\u00e4chen nicht in st\u00e4dtischem Besitz, was eine kurzfristige Umsetzung erschwere. Das erschwere auch die Suche nach Fl\u00e4chen in den \u00fcbrigen Ortsteilen."},{"@context":"https:\/\/schema.org\/","@type":"BreadcrumbList","itemListElement":[{"@type":"ListItem","position":1,"name":"K\u00f6ln-Chorweiler: Bezirksvertretung macht Druck f\u00fcr Kita-Bau in Merkenich","item":"https:\/\/www.bachhausen.de\/koeln-chorweiler-bezirksvertretung-macht-druck-fuer-kita-bau-in-merkenich\/#breadcrumbitem"}]}]