[{"@context":"https:\/\/schema.org\/","@type":"NewsArticle","@id":"https:\/\/www.bachhausen.de\/koeln-chorweiler-buerger-kuendigen-klage-gegen-geplante-klaerschlammverbrennung-in-merkenich-an\/#NewsArticle","mainEntityOfPage":"https:\/\/www.bachhausen.de\/koeln-chorweiler-buerger-kuendigen-klage-gegen-geplante-klaerschlammverbrennung-in-merkenich-an\/","headline":"K\u00f6ln-Chorweiler: B\u00fcrger k\u00fcndigen Klage gegen geplante Kl\u00e4rschlammverbrennung in Merkenich an","name":"K\u00f6ln-Chorweiler: B\u00fcrger k\u00fcndigen Klage gegen geplante Kl\u00e4rschlammverbrennung in Merkenich an","description":"Die Bezirksregierung K\u00f6ln hat den Bau einer Kl\u00e4rschlammverbrennungsanlage teilweise genehmigt \u2013 ein Merkenicher Verein will juristisch dagegen vorgehen.","datePublished":"2026-04-26","dateModified":"2026-04-26","author":{"@type":"Person","@id":"##Person","name":"K\u00f6lner Stadtanzeiger","url":"#","identifier":3,"image":{"@type":"ImageObject","@id":"https:\/\/secure.gravatar.com\/avatar\/a3f43e8250594c4ed8be9e86201eefa6cc06ef89c032788db696432ac7e77173?s=96&d=monsterid&r=g","url":"https:\/\/secure.gravatar.com\/avatar\/a3f43e8250594c4ed8be9e86201eefa6cc06ef89c032788db696432ac7e77173?s=96&d=monsterid&r=g","height":96,"width":96}},"publisher":{"@type":"Person","name":"Dirk Bachhausen","image":{"@type":"ImageObject","@id":"https:\/\/www.bachhausen.de\/wp-content\/uploads\/2019\/07\/dirk_profil-300x300.jpg","url":"https:\/\/www.bachhausen.de\/wp-content\/uploads\/2019\/07\/dirk_profil-300x300.jpg","width":600,"height":60}},"image":{"@type":"ImageObject","@id":"https:\/\/www.bachhausen.de\/wp-content\/uploads\/2019\/07\/dirk_profil-300x300.jpg","url":"https:\/\/www.bachhausen.de\/wp-content\/uploads\/2019\/07\/dirk_profil-300x300.jpg","width":100,"height":100},"url":"https:\/\/www.bachhausen.de\/koeln-chorweiler-buerger-kuendigen-klage-gegen-geplante-klaerschlammverbrennung-in-merkenich-an\/","about":["K\u00f6ln","Stadtbezirk Chorweiler"],"wordCount":19,"articleBody":"Die Bezirksregierung K\u00f6ln hat den Bau einer Kl\u00e4rschlammverbrennungsanlage teilweise genehmigt \u2013 ein Merkenicher Verein will juristisch dagegen vorgehen."},{"@context":"https:\/\/schema.org\/","@type":"BreadcrumbList","itemListElement":[{"@type":"ListItem","position":1,"name":"K\u00f6ln-Chorweiler: B\u00fcrger k\u00fcndigen Klage gegen geplante Kl\u00e4rschlammverbrennung in Merkenich an","item":"https:\/\/www.bachhausen.de\/koeln-chorweiler-buerger-kuendigen-klage-gegen-geplante-klaerschlammverbrennung-in-merkenich-an\/#breadcrumbitem"}]}]