[{"@context":"https:\/\/schema.org\/","@type":"NewsArticle","@id":"https:\/\/www.bachhausen.de\/koeln-merkenich-startsignal-fuer-den-bau-der-klaerschlammverbrennungsanlage\/#NewsArticle","mainEntityOfPage":"https:\/\/www.bachhausen.de\/koeln-merkenich-startsignal-fuer-den-bau-der-klaerschlammverbrennungsanlage\/","headline":"K\u00f6ln-Merkenich: Startsignal f\u00fcr den Bau der Kl\u00e4rschlammverbrennungsanlage","name":"K\u00f6ln-Merkenich: Startsignal f\u00fcr den Bau der Kl\u00e4rschlammverbrennungsanlage","description":"Erster Spatenstich am Ivenhofsweg: Die neue Anlage soll die Kl\u00e4rschlammentsorgung mehrerer Kommunen sichern.","datePublished":"2026-04-29","dateModified":"2026-04-29","author":{"@type":"Person","@id":"##Person","name":"K\u00f6lner Stadtanzeiger","url":"#","identifier":3,"image":{"@type":"ImageObject","@id":"https:\/\/secure.gravatar.com\/avatar\/a3f43e8250594c4ed8be9e86201eefa6cc06ef89c032788db696432ac7e77173?s=96&d=monsterid&r=g","url":"https:\/\/secure.gravatar.com\/avatar\/a3f43e8250594c4ed8be9e86201eefa6cc06ef89c032788db696432ac7e77173?s=96&d=monsterid&r=g","height":96,"width":96}},"publisher":{"@type":"Person","name":"Dirk Bachhausen","image":{"@type":"ImageObject","@id":"https:\/\/www.bachhausen.de\/wp-content\/uploads\/2019\/07\/dirk_profil-300x300.jpg","url":"https:\/\/www.bachhausen.de\/wp-content\/uploads\/2019\/07\/dirk_profil-300x300.jpg","width":600,"height":60}},"image":{"@type":"ImageObject","@id":"https:\/\/www.bachhausen.de\/wp-content\/uploads\/2019\/07\/dirk_profil-300x300.jpg","url":"https:\/\/www.bachhausen.de\/wp-content\/uploads\/2019\/07\/dirk_profil-300x300.jpg","width":100,"height":100},"url":"https:\/\/www.bachhausen.de\/koeln-merkenich-startsignal-fuer-den-bau-der-klaerschlammverbrennungsanlage\/","about":["K\u00f6ln","Stadtbezirk Chorweiler"],"wordCount":14,"articleBody":"Erster Spatenstich am Ivenhofsweg: Die neue Anlage soll die Kl\u00e4rschlammentsorgung mehrerer Kommunen sichern."},{"@context":"https:\/\/schema.org\/","@type":"BreadcrumbList","itemListElement":[{"@type":"ListItem","position":1,"name":"K\u00f6ln-Merkenich: Startsignal f\u00fcr den Bau der Kl\u00e4rschlammverbrennungsanlage","item":"https:\/\/www.bachhausen.de\/koeln-merkenich-startsignal-fuer-den-bau-der-klaerschlammverbrennungsanlage\/#breadcrumbitem"}]}]