[{"@context":"https:\/\/schema.org\/","@type":"NewsArticle","@id":"https:\/\/www.bachhausen.de\/koelner-cdu-und-deren-haltung-zu-den-koelner-gruenen\/#NewsArticle","mainEntityOfPage":"https:\/\/www.bachhausen.de\/koelner-cdu-und-deren-haltung-zu-den-koelner-gruenen\/","headline":"K\u00f6lner CDU und deren Haltung zu den K\u00f6lner Gr\u00fcnen","name":"K\u00f6lner CDU und deren Haltung zu den K\u00f6lner Gr\u00fcnen","description":"Report-K K\u00f6ln | Eine Aussage von Karl-Alexander Mandl, Kreisvorsitzender der CDU K\u00f6ln wirbelte am vergangenen Freitag jede Menge kommunalpolitischen Feinstaub auf. Jetzt erkl\u00e4rt sich die CDU in ihrem Newsletter erneut. Mandl hatte formuliert: \u201eIch m\u00f6chte das Ratsb\u00fcndnis gerne zeitnah beenden, die Gemeinsamkeiten sind mittlerweile abgearbeitet. Aufbruch und Erneuerung f\u00fcr K\u00f6ln&#8230;","datePublished":"2024-11-24","dateModified":"2024-11-24","author":{"@type":"Person","@id":"##Person","name":"Report K","url":"#","identifier":20,"image":{"@type":"ImageObject","@id":"https:\/\/secure.gravatar.com\/avatar\/36af2c4c1f6de1245282e2f6d3e4483d8c1fb911663df347a69e69f7ff897aac?s=96&d=monsterid&r=g","url":"https:\/\/secure.gravatar.com\/avatar\/36af2c4c1f6de1245282e2f6d3e4483d8c1fb911663df347a69e69f7ff897aac?s=96&d=monsterid&r=g","height":96,"width":96}},"publisher":{"@type":"Person","name":"Dirk Bachhausen","image":{"@type":"ImageObject","@id":"https:\/\/www.bachhausen.de\/wp-content\/uploads\/2019\/07\/dirk_profil-300x300.jpg","url":"https:\/\/www.bachhausen.de\/wp-content\/uploads\/2019\/07\/dirk_profil-300x300.jpg","width":600,"height":60}},"image":{"@type":"ImageObject","@id":"https:\/\/www.bachhausen.de\/wp-content\/uploads\/2024\/11\/cdu_511A0941_26012023.jpg","url":"https:\/\/www.bachhausen.de\/wp-content\/uploads\/2024\/11\/cdu_511A0941_26012023.jpg","height":768,"width":1064},"url":"https:\/\/www.bachhausen.de\/koelner-cdu-und-deren-haltung-zu-den-koelner-gruenen\/","about":["K\u00f6ln"],"wordCount":592,"keywords":["deren","grunen","haltung","kolner"],"articleBody":"Report-KK\u00f6ln | Eine Aussage von Karl-Alexander Mandl, Kreisvorsitzender der CDU K\u00f6ln wirbelte am vergangenen Freitag jede Menge kommunalpolitischen Feinstaub auf. Jetzt erkl\u00e4rt sich die CDU in ihrem Newsletter erneut.Mandl hatte formuliert: \u201eIch m\u00f6chte das Ratsb\u00fcndnis gerne zeitnah beenden, die Gemeinsamkeiten sind mittlerweile abgearbeitet. Aufbruch und Erneuerung f\u00fcr K\u00f6ln gehen nicht mit dieser gr\u00fcnen Partei.\u201c Die Partner des Gestaltungsb\u00fcndnisses f\u00fchlten sich massiv d\u00fcpiert, Volt sprach gar von Unanst\u00e4ndigkeit und die CDU ruderte zur\u00fcck. In einer gemeinsamen Erkl\u00e4rung von Mandl und dem Fraktionsvorsitzenden der CDU im Rat der Stadt K\u00f6ln, Bernd Petelkau las sich dann so: \u201eDie CDU-Ratsfraktion setzt weiterhin auf eine konstruktive Zusammenarbeit mit ihren B\u00fcndnispartnern und wird sich unver\u00e4ndert der Verantwortung f\u00fcr unsere Stadt stellen.\u201cReport-K berichtete ausf\u00fchrlich: Platzt das Ratsb\u00fcndnis aus Gr\u00fcnen, CDU und Volt und wann? \u2013 die CDU dementiertHeute im CDU-NewsletterIm Newsletter der CDU K\u00f6ln, der heute verschickt wurde, gibt es eine Mitteilung des gesch\u00e4ftsf\u00fchrenden Vorstandes der CDU K\u00f6ln zur Berichterstattung \u00fcber den Wirbel: \u201eDie CDU K\u00f6ln ist sich ihrer Verantwortung f\u00fcr unsere Stadt bewusst. Sie unterst\u00fctzt weiterhin die konstruktive Arbeit unserer Fraktion. Auf dem Kreisparteitag im kommenden M\u00e4rz werden wir unser Programm f\u00fcr die Kommunalwahl beschlie\u00dfen. Bis dahin werden Parteivorstand, Fraktion und unsere \u00fcber 4000 Mitglieder dar\u00fcber intensiv beraten. Dabei werden wir klar herausarbeiten, in welchen Punkten wir uns von der politischen Konkurrenz unterscheiden und abgrenzen. Uns ist in diesem Zusammenhang bewusst, dass die Zusammenarbeit mit den Gr\u00fcnen innerhalb der Partei, aber auch in gro\u00dfen Teilen der K\u00f6lner Gesellschaft, sehr kritisch betrachtet wird.\u201cBis M\u00e4rz 2025 soll zudem der von der K\u00f6lner Oberb\u00fcrgermeisterin Henriette Reker und K\u00e4mmerin D\u00f6rte Diemert eingebrachte Haushaltsplanentwurf vom Rat der Stadt K\u00f6ln verabschiedet sein. Erinnert sei daran, dass bei der OB-Wahl 2020 die Gr\u00fcnen und die CDU gemeinsam Reker unterst\u00fctzten und ihr so die Wiederwahl erm\u00f6glichten.Viel Raum f\u00fcr SpekulationWer mutma\u00dfen will, k\u00f6nnte aus den CDU Zeilen und diesem Wissen um OB Reker schlie\u00dfen, dass bis M\u00e4rz die CDU noch stillhalten will, um auch die eigene OB nicht zu besch\u00e4digen und dann die Karten neu gemischt werden. Dazu k\u00f6nnte das strategisch politische Argument z\u00e4hlen, dass am 23. Februar 2025, die Bundestagswahl stattfindet und m\u00f6glichst auf der kommunalpolitischen Ebene neben der schwierigen Verabschiedung des st\u00e4dtischen Haushalts nicht weitere Unruhe gestiftet wird. Ob das Gestaltungsb\u00fcndnis aus Gr\u00fcnen, CDU und Volt im April allerdings noch f\u00fcr die verbleibenden drei Restmonate vor der Sommerpause und den anschlie\u00dfenden Wahlkampf zusammenbleibt kann nur orakelt werden. Good und Bad GuyDie aktuelle Strategie der K\u00f6lner CDU k\u00f6nnte also sein, der Kreisverband in Person von Bad Boy Mandl zeigt seine Abneigung zu den Gr\u00fcnen, ideal f\u00fcr die Bundestagswahl, die Fraktion im Rat Good Boy Petelkau aus Loyalit\u00e4t gegen\u00fcber der OB politische Verantwortung. Das ergibt eine sch\u00f6ne politische, personalisierte Story, die ein abgrenzendes konservatives Momentum und staatstragende, liberale Verantwortung den K\u00f6lner:innen vermitteln k\u00f6nnte. So eine Art scharf gew\u00fcrzter Nicht-und Doch-Kuschelkurs. Interessant d\u00fcrfte werden, wie sich K\u00f6lns Gr\u00fcne und die politischen Gegner dazu verhalten und strategisch positionieren werden. Und da ist noch etwas. Mandl will Ende November von der CDU als OB-Kandidat nominiert werden. Da d\u00fcrfte es sich nicht schlecht machen, wenn er vorab Position zu den Gr\u00fcnen bezieht. Zur Quelle wechseln"},{"@context":"https:\/\/schema.org\/","@type":"BreadcrumbList","itemListElement":[{"@type":"ListItem","position":1,"name":"K\u00f6lner CDU und deren Haltung zu den K\u00f6lner Gr\u00fcnen","item":"https:\/\/www.bachhausen.de\/koelner-cdu-und-deren-haltung-zu-den-koelner-gruenen\/#breadcrumbitem"}]}]