[{"@context":"https:\/\/schema.org\/","@type":"NewsArticle","@id":"https:\/\/www.bachhausen.de\/kreisverband-der-koelner-cdu-bekennt-sich-zum-grossmarkt\/#NewsArticle","mainEntityOfPage":"https:\/\/www.bachhausen.de\/kreisverband-der-koelner-cdu-bekennt-sich-zum-grossmarkt\/","headline":"Kreisverband der K\u00f6lner CDU bekennt sich zum Gro\u00dfmarkt","name":"Kreisverband der K\u00f6lner CDU bekennt sich zum Gro\u00dfmarkt","description":"Report-K Gro\u00dfmarktgel\u00e4nde K\u00f6ln-Raderberg am 9. April 2024 K\u00f6ln | Sang und klanglos versenkte in der gestrigen Ratssitzung das Ratsb\u00fcndnis aus Gr\u00fcnen, CDU und Volt einen Antrag der SPD, FDP, Linken und Thor Zimmermann, die die H\u00e4ndler auf dem Gro\u00dfmarktgel\u00e4nde in Raderberg so lange absichern wollten bis es ein alternatives Gel\u00e4nde&#8230;","datePublished":"2024-06-28","dateModified":"2024-06-28","author":{"@type":"Person","@id":"##Person","name":"Report K","url":"#","identifier":20,"image":{"@type":"ImageObject","@id":"https:\/\/secure.gravatar.com\/avatar\/36af2c4c1f6de1245282e2f6d3e4483d8c1fb911663df347a69e69f7ff897aac?s=96&d=monsterid&r=g","url":"https:\/\/secure.gravatar.com\/avatar\/36af2c4c1f6de1245282e2f6d3e4483d8c1fb911663df347a69e69f7ff897aac?s=96&d=monsterid&r=g","height":96,"width":96}},"publisher":{"@type":"Person","name":"Dirk Bachhausen","image":{"@type":"ImageObject","@id":"https:\/\/www.bachhausen.de\/wp-content\/uploads\/2019\/07\/dirk_profil-300x300.jpg","url":"https:\/\/www.bachhausen.de\/wp-content\/uploads\/2019\/07\/dirk_profil-300x300.jpg","width":600,"height":60}},"image":{"@type":"ImageObject","@id":"https:\/\/www.bachhausen.de\/wp-content\/uploads\/2024\/06\/511A7570grossmarkt_09042024.jpg","url":"https:\/\/www.bachhausen.de\/wp-content\/uploads\/2024\/06\/511A7570grossmarkt_09042024.jpg","height":768,"width":1024},"url":"https:\/\/www.bachhausen.de\/kreisverband-der-koelner-cdu-bekennt-sich-zum-grossmarkt\/","about":["K\u00f6ln"],"wordCount":357,"keywords":["bekennt","kolner","kreisverband","markt"],"articleBody":"Report-KGro\u00dfmarktgel\u00e4nde K\u00f6ln-Raderberg am 9. April 2024K\u00f6ln | Sang und klanglos versenkte in der gestrigen Ratssitzung das Ratsb\u00fcndnis aus Gr\u00fcnen, CDU und Volt einen Antrag der SPD, FDP, Linken und Thor Zimmermann, die die H\u00e4ndler auf dem Gro\u00dfmarktgel\u00e4nde in Raderberg so lange absichern wollten bis es ein alternatives Gel\u00e4nde f\u00fcr einen Frischemarkt gibt. Heute gibt der Kreisverband der K\u00f6lner CDU ein Bekenntnis f\u00fcr den Gro\u00dfmarkt ab.Die gr\u00fcne Fraktionsvorsitzende Christiane Martin wurde f\u00fcr ihre Ehrlichkeit gelobt, dass sie sagte, dass der Gro\u00dfmarkt zum 31. Dezember 2025 in Raderberg schlie\u00dfen werde und es keinen alternativen Standort geben werde. Eine Aussage die \u00fcbersetzt hei\u00dft es wird einen Gro\u00dfmarkt in der Form nicht mehr geben. Der Redner nach Christiane Martin war der CDU Fraktionsgesch\u00e4ftsf\u00fchrer Niklas Kienitz, der zwar von einer Interimsoption sprach, aber ohne konkret zu werden. Isabella Venturini von Volt erteilte dem Gro\u00dfmarkt eine eiskalte Abfuhr.Der Kreisverband der K\u00f6lner CDU spricht heute von einer teils falschen Darstellungen politischer Mitbewerber in der Debatte um den K\u00f6lner Gro\u00dfmarkt. \u201eIch habe bereits im letzten Jahr klar formuliert, dass das Moratorium f\u00fcr das Gei\u00dfbockheim auch wegen der damit verbundenen Gro\u00dfmarktfrage ein Moratorium f\u00fcr die Parkstadt S\u00fcd ist. Die Moratoriumspolitik muss enden und eine Planungssicherheit f\u00fcr alle Beteiligten hergestellt werden\u201c, so der K\u00f6lner CDU-Parteichef Karl Alexander Mandl.\u201eIch fordere die Stadt vehement dazu auf, endlich bis sp\u00e4testens Herbst f\u00fcr unseren Gro\u00dfmarkt ein Konzept vorzulegen, um Klarheit zu schaffen und alle Interessen zusammen zu bekommen. Der Gro\u00dfmarkt ist eine unverzichtbare S\u00e4ule f\u00fcr nachhaltige, regionale Versorgung und lebendige Wochenm\u00e4rkte in unseren Veedeln\u201c. Die K\u00f6lner CDU stehe hinter dem Start f\u00fcr die Parkstadt S\u00fcd. \u201eDer Start darf nicht gef\u00e4hrdet werden. Wir m\u00fcssen unseren regionalen Erzeugern und unserem Mittelstand endlich ein faires Angebot unterbreiten, wie es weitergeht.\u201cReport-K berichtete ausf\u00fchrlich zur Debatte um den K\u00f6lner Gro\u00dfmarkt: Emotionale Debatte im Rat: Ende des Gro\u00dfmarktes zum 31. Dezember 2025 scheint endg\u00fcltig besiegeltZur Quelle wechseln"},{"@context":"https:\/\/schema.org\/","@type":"BreadcrumbList","itemListElement":[{"@type":"ListItem","position":1,"name":"Kreisverband der K\u00f6lner CDU bekennt sich zum Gro\u00dfmarkt","item":"https:\/\/www.bachhausen.de\/kreisverband-der-koelner-cdu-bekennt-sich-zum-grossmarkt\/#breadcrumbitem"}]}]