[{"@context":"https:\/\/schema.org\/","@type":"NewsArticle","@id":"https:\/\/www.bachhausen.de\/kritik-nach-koelner-cdu-parteitag-anfechtungen-und-wahlergebnisse-fuer-den-rat\/#NewsArticle","mainEntityOfPage":"https:\/\/www.bachhausen.de\/kritik-nach-koelner-cdu-parteitag-anfechtungen-und-wahlergebnisse-fuer-den-rat\/","headline":"Kritik nach K\u00f6lner CDU-Parteitag, Anfechtungen und Wahlergebnisse f\u00fcr den Rat","name":"Kritik nach K\u00f6lner CDU-Parteitag, Anfechtungen und Wahlergebnisse f\u00fcr den Rat","description":"Report-K Abstimmung beim CDU Kreisparteitag im Kristallsaal der K\u00f6lner Messe am 30. November 2024. | Foto: report-K K\u00f6ln | Der Parteitag der K\u00f6lner CDU im Kristallsaal der K\u00f6lner Messe verl\u00e4uft auch einige Tage nach der Veranstaltung nicht ger\u00e4uschlos. Es gibt viel Kritik an der Durchf\u00fchrung und sogar Anfechtungen. Zudem gab&#8230;","datePublished":"2024-12-03","dateModified":"2024-12-03","author":{"@type":"Person","@id":"##Person","name":"Report K","url":"#","identifier":20,"image":{"@type":"ImageObject","@id":"https:\/\/secure.gravatar.com\/avatar\/36af2c4c1f6de1245282e2f6d3e4483d8c1fb911663df347a69e69f7ff897aac?s=96&d=monsterid&r=g","url":"https:\/\/secure.gravatar.com\/avatar\/36af2c4c1f6de1245282e2f6d3e4483d8c1fb911663df347a69e69f7ff897aac?s=96&d=monsterid&r=g","height":96,"width":96}},"publisher":{"@type":"Person","name":"Dirk Bachhausen","image":{"@type":"ImageObject","@id":"https:\/\/www.bachhausen.de\/wp-content\/uploads\/2019\/07\/dirk_profil-300x300.jpg","url":"https:\/\/www.bachhausen.de\/wp-content\/uploads\/2019\/07\/dirk_profil-300x300.jpg","width":600,"height":60}},"image":{"@type":"ImageObject","@id":"https:\/\/www.bachhausen.de\/wp-content\/uploads\/2024\/12\/511A9799_CDU_02122024.jpg","url":"https:\/\/www.bachhausen.de\/wp-content\/uploads\/2024\/12\/511A9799_CDU_02122024.jpg","height":0,"width":0},"url":"https:\/\/www.bachhausen.de\/kritik-nach-koelner-cdu-parteitag-anfechtungen-und-wahlergebnisse-fuer-den-rat\/","about":["K\u00f6ln"],"wordCount":728,"keywords":["anfechtungen","kolner","kritik","parteitag","wahlergebnisse"],"articleBody":"Report-KAbstimmung beim CDU Kreisparteitag im Kristallsaal der K\u00f6lner Messe am 30. November 2024. | Foto: report-KK\u00f6ln | Der Parteitag der K\u00f6lner CDU im Kristallsaal der K\u00f6lner Messe verl\u00e4uft auch einige Tage nach der Veranstaltung nicht ger\u00e4uschlos. Es gibt viel Kritik an der Durchf\u00fchrung und sogar Anfechtungen. Zudem gab die CDU die Liste der Ratskandidaten bekannt. Eine Zusammenfassung.Die Vertagung der Wahl des OB-Kandidaten und die AusspracheEigentlich sollte Karl Alexander Mandl zum OB-Kandidaten der CDU f\u00fcr die OB-Wahl 2025 gek\u00fcrt werden. Mandl selbst war es, der die Absetzung des Tagesordnungspunktes beantragte und den Mitgliedern das Votum dar\u00fcber in die Hand gab. Es sollte eine Aussprache dar\u00fcber stattfinden, f\u00fcr die der Tagungsleiter Thomas Jarzombek 12 Redeantr\u00e4ge ank\u00fcndigte. So weit kam es nicht, denn schon nach wenigen Reden beantragte Ursula Heinen-Esser den \u201eSchluss der Debatte\u201c. Schon der Antrag l\u00f6ste bei einigen Anwesenden im Saal Emp\u00f6rung aus. Offen abgestimmt gab Jarzombek dem Antrag Heinen-Essers statt und beendete die Aussprache. Anschlie\u00dfend lie\u00df er abstimmen und die OB-Wahl wurde von der Tagesordnung genommen.\u201eB\u00e4rendienst f\u00fcr das Demokratieverst\u00e4ndnis\u201cDer Redaktion von report-K liegt ein offener Brief von Marcus W. Mosen vor. Dieser schreibt: \u201eDer Antrag von Ulla Heinen-Esser auf dem Kreisparteitag am 30.11.24 ist ein B\u00e4rendienst f\u00fcr das Demokratieverst\u00e4ndnis engagierter Mitglieder der K\u00f6lner CDU. Dass nach f\u00fcnf Wortmeldungen, die von Funktion\u00e4ren gehalten wurden, durch den Antrag zur Gesch\u00e4ftsordnung, nun die Debatte zu beenden, die weiteren sieben, zuvor schriftlich angemeldeten Wortmeldungen, nicht mehr zugelassen wurden, ist f\u00fcr viele Mitglieder der K\u00f6lner CDU ein schlechtes Zeichen. Dieser Antrag \u2013 nachdem die Redezeit zuvor bereits von f\u00fcnf auf drei Minuten reduziert wurde \u2013 hat lediglich 21 Minuten Redezeit gespart. Diesem marginalen Zeitgewinn steht jedoch der Verlust der Redefreiheit, des Diskurses und der Chance auf Impulse aus Sicht der einfachen Mitglieder entgegen.\u00a0 Ich bedauere, dass sich die Versammlungsleitung von dem Antrag einer Ministerin a.D. hat \u00fcberrumpeln lassen und nicht eingegriffen hat. Der Antrag \u201aSchluss der Debatte\u2018 steht im offensichtlichen Widerspruch zum zuvor festgelegten Prozedere der Aussprache, auf das ich mich als angemeldeter Redner sowie die weiteren angemeldeten Redner verlassen durften. Mein Verst\u00e4ndnis zur Debattenkultur in der CDU, der ich seit \u00fcber 40 Jahren angeh\u00f6re, ist ein anderes. Demokratie braucht Demokraten! So steht es im Grundsatzprogramm der CDU! Dieses \u201aSchauspiel\u2018 im Kreisparteitag ist eine Entmutigung zur politischen Beteiligung und zum Engagement im \u201aVerein CDU\u2018. Mein Fazit: Eine innerparteiliche Willensbildung ist offensichtlich nicht erw\u00fcnscht! Eine Clique von Parteifunktion\u00e4ren hat es geschafft, dass Meinungen und Impulse der Parteibasis unterdr\u00fcckt werden und eine offene Debatte nicht gef\u00fchrt wird. Das ist nicht der Geist einer \u201eVolkspartei der Mitte\u201c. Das erinnert vielmehr an Strukturen einer Kaderpartei.\u00a0 Diese \u201aChoreographie\u2018 wirkt ern\u00fcchternd auf zahlreiche Mitglieder und ist Zeugnis f\u00fcr ein fehlendes Verst\u00e4ndnis guter Governance!\u201cKreisparteitag wird angefochtenGegen den Kreisparteitag, der am Samstag 30. November 2024 im Kristallsaal der K\u00f6lnmesse stattfand, hat ein Mitglied das Kreisparteigericht der CDU K\u00f6ln angerufen und ficht die Veranstaltung an. Die Anschuldigung lautet, dass der Stadtbezirk Rodenkirchen und der Kreisvorstand nicht rechtm\u00e4\u00dfig im Amt seien, da deren Wahlen angefochten worden seien. Die Behauptung lautet dahingehend, dass der Kreisverband keinen g\u00fcltigen Vorstand besitze und damit auch keinen Vorstand der zum Kreisparteitag einladen k\u00f6nne. Weitere Vorw\u00fcrfe gehen in Richtung der Ortsverb\u00e4nde S\u00fcrth und Rodenkirchen, dort seien die Stadtratskandidaten unter Ausschluss der Mitglieder vom Stadtbezirksvorstand bestimmt worden, um nur einen Ausschnitt aus den Vorw\u00fcrfen zu schildern.Die Wahlen der Ratskandidat:innen545 Mitglieder der CDU K\u00f6ln w\u00e4hlten f\u00fcr die 45 K\u00f6lner Wahlkreise ihre Ratsvertreter, die zur Kommunalwahl 2025 im September antreten werden. 9 Frauen und 35 M\u00e4nner. Damit liegt der Frauenanteil bei 20 Prozent.Das sind die Kandidat:innen\u2022 Aengenvoort, Constanze\u2022 Akude, John\u2022 Beara, Kristian\u2022 Borchers, Harald\u2022 Born, Alexander\u2022 Caspari, Ingo\u2022 Crapis, Silvio\u2022 de Bellis-Olinger, Teresa\u2022 Elster, Ralph\u2022 Erkelenz, Martin\u2022 G\u00f6tz, Stefan\u2022 Gruner, Dieter\u2022 Gruner, Ulrike\u2022 Haeming, Eric\u2022 Heinzlmeier, Peter\u2022 Hoffmann, J\u00f6rg\u2022 Kaiser, Jutta\u2022 Kehrl, Oliver\u2022 Kienitz, Niklas\u2022 Kirchhof, Holger\u2022 Klein, Heinz\u2022 Kliegl, Oliver\u2022 Krassa, Paloma\u2022 Lorsbach, Barbara\u2022 Lupinski, Laura\u2022 Marx, Werner\u2022 Michel, Dirk\u2022 Nesseler-Komp, Birgitta\u2022 Neuberger, Anton\u2022 Nussholz, Robert\u2022 Pagel, Marvin\u2022 Petelkau, Bernd\u2022 Pohl, Stephan\u2022 Preu\u00df, Kerstin\u2022 Rummel, Engelbert\u2022 Schlieben, Nils Helge\u2022 \u00a0Schmitz, Christoph\u2022 Schmitz, Mario\u2022 Sch\u00f6nhoff, Dirk\u2022 Schoser, Martin\u2022 Sommer, Ira\u2022 Thiele, Andreas\u2022 Weber, Florian\u2022 Welter, Thomas\u2022 Yohannes, AlexanderZur Quelle wechseln"},{"@context":"https:\/\/schema.org\/","@type":"BreadcrumbList","itemListElement":[{"@type":"ListItem","position":1,"name":"Kritik nach K\u00f6lner CDU-Parteitag, Anfechtungen und Wahlergebnisse f\u00fcr den Rat","item":"https:\/\/www.bachhausen.de\/kritik-nach-koelner-cdu-parteitag-anfechtungen-und-wahlergebnisse-fuer-den-rat\/#breadcrumbitem"}]}]