[{"@context":"https:\/\/schema.org\/","@type":"NewsArticle","@id":"https:\/\/www.bachhausen.de\/leverkusener-bruecke-radler-bekommen-rampe-in-koeln-merkenich\/#NewsArticle","mainEntityOfPage":"https:\/\/www.bachhausen.de\/leverkusener-bruecke-radler-bekommen-rampe-in-koeln-merkenich\/","headline":"Leverkusener Br\u00fccke: Radler bekommen Rampe in K\u00f6ln-Merkenich","name":"Leverkusener Br\u00fccke: Radler bekommen Rampe in K\u00f6ln-Merkenich","description":"Leverkusener Br\u00fcckeRadler bekommen Rampe in K\u00f6ln-Merkenich Von Christopher Dr\u00f6ge 25.04.2025, 17:02 Uhr Lesezeit 2 Minuten Der Trampelpfad an der Br\u00fcckenb\u00f6schung soll einer Radwegverl\u00e4ngerung weichen. Copyright: Christopher Dr\u00f6ge ANZEIGE ANZEIGE Im Zuge des Ausbaus der Fu\u00dfg\u00e4nger- und Radwegrampe auf die Leverkusener Br\u00fccke soll diese bis zum Spoerkelhof in Merkenich verl\u00e4ngert werden.&#8230;","datePublished":"2025-04-25","dateModified":"2025-04-25","author":{"@type":"Person","@id":"##Person","name":"K\u00f6lner Stadtanzeiger","url":"#","identifier":3,"image":{"@type":"ImageObject","@id":"https:\/\/secure.gravatar.com\/avatar\/a3f43e8250594c4ed8be9e86201eefa6cc06ef89c032788db696432ac7e77173?s=96&d=monsterid&r=g","url":"https:\/\/secure.gravatar.com\/avatar\/a3f43e8250594c4ed8be9e86201eefa6cc06ef89c032788db696432ac7e77173?s=96&d=monsterid&r=g","height":96,"width":96}},"publisher":{"@type":"Person","name":"Dirk Bachhausen","image":{"@type":"ImageObject","@id":"https:\/\/www.bachhausen.de\/wp-content\/uploads\/2019\/07\/dirk_profil-300x300.jpg","url":"https:\/\/www.bachhausen.de\/wp-content\/uploads\/2019\/07\/dirk_profil-300x300.jpg","width":600,"height":60}},"image":{"@type":"ImageObject","@id":"https:\/\/www.bachhausen.de\/wp-content\/uploads\/2023\/09\/Zeitungsleser.webp","url":"https:\/\/www.bachhausen.de\/wp-content\/uploads\/2023\/09\/Zeitungsleser.webp","height":534,"width":800},"url":"https:\/\/www.bachhausen.de\/leverkusener-bruecke-radler-bekommen-rampe-in-koeln-merkenich\/","about":["Stadtbezirk Chorweiler"],"wordCount":463,"keywords":["bekommen","brucke","leverkusener","merkenich","radler","rampe"],"articleBody":"Leverkusener Br\u00fcckeRadler bekommen Rampe in K\u00f6ln-MerkenichVon Christopher  Dr\u00f6ge25.04.2025, 17:02 UhrLesezeit 2 MinutenDer Trampelpfad an der Br\u00fcckenb\u00f6schung soll einer Radwegverl\u00e4ngerung weichen.Copyright: Christopher Dr\u00f6geANZEIGEANZEIGEIm Zuge des Ausbaus der Fu\u00dfg\u00e4nger- und Radwegrampe auf die Leverkusener Br\u00fccke soll diese bis zum Spoerkelhof in Merkenich verl\u00e4ngert werden.F\u00fcr Zweiradfahrer, die regelm\u00e4\u00dfig die Leverkusener Br\u00fccke nutzen, um den Rhein zu \u00fcberqueren, ist es eine gute Nachricht: Sowohl der Verkehrsausschuss als auch die Bezirksvertretung Chorweiler haben den Beschluss f\u00fcr Planung und Bau einer neuen Radwegerampe am Spoerkelhof angenommen und den Weg f\u00fcr das Vorhaben damit freigemacht. Planung und Ausf\u00fchrung wird nun die Autobahn GmbH \u00fcbernehmen, die Stadt K\u00f6ln die Finanzierung.Trampelpfad in K\u00f6ln-Merkenich soll zu einer Rampe f\u00fcr Radler werdenBislang nutzen sowohl Fu\u00dfg\u00e4nger als auch Zweiradfahrer den gleichen Aufgang zum Geh- und Radweg der Leverkusener Br\u00fccke, der in die Kolmarer Stra\u00dfe m\u00fcndet. Zweiradfahrer durchqueren auf dem Weg dorthin den Ort, der von verkehrsberuhigten Stra\u00dfen gepr\u00e4gt ist, die Route f\u00fchrt auch an der Gemeinschaftsgrundschule Spoerkelhof vorbei \u2013 das Potenzial f\u00fcr Zusammenst\u00f6\u00dfe ist hier gro\u00df.Im Zuge des barrierefreien Ausbaus des Aufganges zur Br\u00fccke in der Kolmarer Stra\u00dfe soll der Radweg nun \u00fcber eine Verl\u00e4ngerung der Rampe an die Endstation der Stadtbahnlinie 12 am Spoerkelhof angeschlossen werden, um eine Verbindung zum Radweg entlang der Bahntrasse herzustellen. Rad- und Rollerfahrer, die aus dieser Richtung kommen, werden den Ortskern so umfahren k\u00f6nnen. \u00a0Die Rampenverl\u00e4ngerung soll entlang des Korridors zwischen der Spundwand des Br\u00fcckenbauwerks und den angrenzenden Privatgrundst\u00fccken gef\u00fchrt werden, durch den sich heute bereits ein Trampelpfad zieht \u2013 B\u00fcsche und B\u00e4ume auf diesem Streifen werden weichen m\u00fcssen.Alles zum Thema Rheinbr\u00fccke LeverkusenDurch die lange Strecke ist eine nur geringe Neigung der Rampe von 6 bis 10 Prozent m\u00f6glich. Da die Hauptrampe f\u00fcr den Fu\u00dfverkehr nach den Pl\u00e4nen der Autobahn GmbH weiterhin im Kolmarer Weg enden soll, wird die Rampenverl\u00e4ngerung dem Radverkehr vorbehalten sein. Die Planer der Ma\u00dfnahme rechnen ohnehin damit, dass der Gro\u00dfteil des Fu\u00dfverkehrs \u00fcber die Br\u00fccke den Treppenabgang an der Merkenicher Hauptstra\u00dfe nutzen wird.Die \u00dcbernahme der Planung durch die Autobahn GmbH ist f\u00fcr die Stadt K\u00f6ln ein Gl\u00fcckstreffer, denn die Verwaltung selbst kann f\u00fcr die Planung keine personellen Ressourcen er\u00fcbrigen. \u00a0Um die Ma\u00dfnahme zu finanzieren, deren Kosten sich voraussichtlich auf gut eine Million Euro belaufen werden, plant die Stadt F\u00f6rdermittel der Bezirksregierung zu beantragen. Auch wenn die Verwaltung bei dem Projekt nicht gen\u00fcgend Gestaltungsspielraum f\u00fcr eine Beteiligung der \u00d6ffentlichkeit sieht, baten Bezirksvertreter darum, ein entsprechendes Verfahren durchzuf\u00fchren."},{"@context":"https:\/\/schema.org\/","@type":"BreadcrumbList","itemListElement":[{"@type":"ListItem","position":1,"name":"Leverkusener Br\u00fccke: Radler bekommen Rampe in K\u00f6ln-Merkenich","item":"https:\/\/www.bachhausen.de\/leverkusener-bruecke-radler-bekommen-rampe-in-koeln-merkenich\/#breadcrumbitem"}]}]