[{"@context":"https:\/\/schema.org\/","@type":"NewsArticle","@id":"https:\/\/www.bachhausen.de\/nach-messerangriff-in-mannheim-tiktok-video-verkuerzt-aussagen-des-bmi-zu-handlungsbedarf\/#NewsArticle","mainEntityOfPage":"https:\/\/www.bachhausen.de\/nach-messerangriff-in-mannheim-tiktok-video-verkuerzt-aussagen-des-bmi-zu-handlungsbedarf\/","headline":"Nach Messerangriff in Mannheim: Tiktok-Video verk\u00fcrzt Aussagen des BMI zu Handlungsbedarf","name":"Nach Messerangriff in Mannheim: Tiktok-Video verk\u00fcrzt Aussagen des BMI zu Handlungsbedarf","description":"Dieser Artikel stammt von CORRECTIV.Faktencheck \/ Zur Quelle wechseln Nach dem t\u00f6dlichen Messerangriff auf einen Polizisten in Mannheim am 31. Mai 2024 soll das Bundesinnenministerium \u201evorerst keinen Handlungsbedarf\u201c sehen \u2013 das suggeriert zumindest ein 16-sek\u00fcndiger Zusammenschnitt der Bundespressekonferenz vom 3. Juni, der auf Tiktok kursiert.\u00a0 Gefragt danach, ob es \u201eirgendeinen&#8230;","datePublished":"2024-06-17","dateModified":"2024-06-17","author":{"@type":"Person","@id":"##Person","name":"Correctiv.org","url":"#","identifier":15,"image":{"@type":"ImageObject","@id":"https:\/\/secure.gravatar.com\/avatar\/51a6c0962ec4a7a9fff8508f3b6a21069f40fbb9a1ee7294cca7a040ced87b6c?s=96&d=monsterid&r=g","url":"https:\/\/secure.gravatar.com\/avatar\/51a6c0962ec4a7a9fff8508f3b6a21069f40fbb9a1ee7294cca7a040ced87b6c?s=96&d=monsterid&r=g","height":96,"width":96}},"publisher":{"@type":"Person","name":"Dirk Bachhausen","image":{"@type":"ImageObject","@id":"https:\/\/www.bachhausen.de\/wp-content\/uploads\/2019\/07\/dirk_profil-300x300.jpg","url":"https:\/\/www.bachhausen.de\/wp-content\/uploads\/2019\/07\/dirk_profil-300x300.jpg","width":600,"height":60}},"image":{"@type":"ImageObject","@id":"https:\/\/www.bachhausen.de\/wp-content\/uploads\/2024\/06\/Screenshot-2024-06-17-162355-1.png","url":"https:\/\/www.bachhausen.de\/wp-content\/uploads\/2024\/06\/Screenshot-2024-06-17-162355-1.png","height":902,"width":920},"url":"https:\/\/www.bachhausen.de\/nach-messerangriff-in-mannheim-tiktok-video-verkuerzt-aussagen-des-bmi-zu-handlungsbedarf\/","video":{"@context":"http:\/\/schema.org\/","@type":"VideoObject","@id":"https:\/\/www.youtube.com\/watch?v=CoVYqNzUeCA#VideoObject","contentUrl":"https:\/\/www.youtube.com\/watch?v=CoVYqNzUeCA","name":"3. Juni 2024 - Regierungspressekonferenz | BPK","description":"Unterst\u00fctzt unsere Arbeit \u25ba http:\/\/www.paypal.me\/JungNaiv\nDiskutiert im Jung & Naiv Forum \u25ba http:\/\/forum.jungundnaiv.de\/\n\nBundesregierung f\u00fcr Desinteressierte \u25ba BPK vom 3. Juni 2024\n\n00:00 Start\n00:09 Statement Aktuelle Ereignisse\n02:43 Angriffe auf Politiker & Wahlk\u00e4mpfer\n04:41 Hans zum Statement des Kanzlers\n05:57 Messerattacke in Mannheim\n09:00 Haushalt |\u00a0Sicherheitsetat\n10:56 EM |\u00a0Sicherheit\n13:10 Expertenrat f\u00fcr Klimafragen | Sondergutachten\n21:02 Treibhausgasemissionen Verkehrssektor\n23:15 Netzausbau | Stromtrassen (Hans)\n26:48 Finanzierung Energiewende\n28:44 Klimaschutzprogramm\n30:35 Klimaschutzgesetz\n32:54 Treibhausgasemissionen Verkehrs- & Bausektor\n34:59 Hochwasser S\u00fcddeutschland | Elementarschadensversicherung\n41:49 Katastrophenschutz\n44:08 Hochwasser S\u00fcddeutschland |\u00a0Haushalt\n45:24 Wahlen in Mexico\n47:17 Insolvenz Reiseveranstalter FTI (Hans)\n54:39 \"Tiergartenmord\" | Russland\n55:03 Joe Biden in Frankreich | USA\n55:51 Visa f\u00fcr Pal\u00e4stinenser (Hans)\n58:28 Cyberangriff auf die CDU\n59:49 B\u00fcrgerbeteiligung Nachhaltigkeitsstrategie | dialog-nachhaltigkeit.de\n\n Tickets f\u00fcr die PALASTREVOLUTION \u25ba https:\/\/palastrevolution.com\/\n\nBitte unterst\u00fctzt unsere Arbeit finanziell:\nKonto: Jung & Naiv\nIBAN: DE854 3060 967 104 779 2900\nGLS Gemeinschaftsbank\n\nPayPal \u25ba http:\/\/www.paypal.me\/JungNaiv","thumbnailUrl":["https:\/\/i.ytimg.com\/vi\/CoVYqNzUeCA\/default.jpg","https:\/\/i.ytimg.com\/vi\/CoVYqNzUeCA\/mqdefault.jpg","https:\/\/i.ytimg.com\/vi\/CoVYqNzUeCA\/hqdefault.jpg","https:\/\/i.ytimg.com\/vi\/CoVYqNzUeCA\/sddefault.jpg","https:\/\/i.ytimg.com\/vi\/CoVYqNzUeCA\/maxresdefault.jpg"],"uploadDate":"2024-06-03T12:39:14+00:00","duration":"PT1H2M38S","embedUrl":"https:\/\/www.youtube.com\/embed\/CoVYqNzUeCA","publisher":{"@type":"Organization","@id":"https:\/\/www.youtube.com\/channel\/UCv1WDP5EiipMQ__C4Cg6aow#Organization","url":"https:\/\/www.youtube.com\/channel\/UCv1WDP5EiipMQ__C4Cg6aow","name":"Jung & Naiv","description":"Angaben gem\u00e4\u00df \u00a7 5 TMG\nLupus & Castor GmbH\nSchumannstra\u00dfe 1\n10117 Berlin\n\nHandelsregister: 216842 B\nRegistergericht: Amtsgericht Charlottenburg (Berlin)\n\nVertreten durch:\nTilo Jung und Alexander Theiler\n\nKontakt\nE-Mail: tilo at jungundnaiv.de\n\nRedaktionell verantwortlich\nTilo Jung\n","logo":{"url":"https:\/\/yt3.ggpht.com\/E5ZUccr8t4dlMJt81AkTlyZAM3QvSLh6N2hDLKG7R8yYQlR2T1aGK6pmSwzBFNM04ZiYdH9qX-k=s800-c-k-c0x00ffffff-no-rj","width":800,"height":800,"@type":"ImageObject","@id":"https:\/\/www.youtube.com\/watch?v=CoVYqNzUeCA#VideoObject_publisher_logo_ImageObject"}},"potentialAction":{"@type":"SeekToAction","@id":"https:\/\/www.youtube.com\/watch?v=CoVYqNzUeCA#VideoObject_potentialAction","target":"https:\/\/www.youtube.com\/watch?v=CoVYqNzUeCA&t={seek_to_second_number}","startOffset-input":"required name=seek_to_second_number"},"interactionStatistic":[[{"@type":"InteractionCounter","@id":"https:\/\/www.youtube.com\/watch?v=CoVYqNzUeCA#VideoObject_interactionStatistic_WatchAction","interactionType":{"@type":"WatchAction"},"userInteractionCount":14442}],{"@type":"InteractionCounter","@id":"https:\/\/www.youtube.com\/watch?v=CoVYqNzUeCA#VideoObject_interactionStatistic_LikeAction","interactionType":{"@type":"LikeAction"},"userInteractionCount":249}]},"about":["Politik"],"wordCount":722,"keywords":["aussagen","handlungsbedarf","mannheim","messerangriff","tiktok","verkurzt","video"],"articleBody":"Dieser Artikel stammt von CORRECTIV.Faktencheck \/ Zur Quelle wechselnNach dem t\u00f6dlichen Messerangriff auf einen Polizisten in Mannheim am 31. Mai 2024 soll das Bundesinnenministerium \u201evorerst keinen Handlungsbedarf\u201c sehen \u2013 das suggeriert zumindest ein 16-sek\u00fcndiger Zusammenschnitt der Bundespressekonferenz vom 3. Juni, der auf Tiktok kursiert.\u00a0Gefragt danach, ob es \u201eirgendeinen Handlungsbedarf\u201c gebe, was gesetzliche Anpassungen betrifft, antwortet Mehmet Ata, Sprecher des Bundesinnenministeriums (BMI), es sei \u201ezu fr\u00fch\u201c, um dar\u00fcber zu spekulieren. Das Video hat \u00fcber 180.000 Aufrufe und wurde mehr als 2.000 Mal geteilt. Doch es ist irref\u00fchrend zusammengeschnitten.Dieses Tiktok-Video verk\u00fcrzt Aussagen von der Bundespressekonferenz nach dem t\u00f6dlichen Angriff in Mannheim (Quelle: Tiktok; Screenshot: CORRECTIV.Faktencheck)Sprecher Ata bezog sich konkret auf Gesetzes\u00e4nderungen zum Mitf\u00fchren spezifischer MesserDas Video ist in der Originalfassung auf Youtube zu finden. Der fragliche Abschnitt beginnt bei Minute 5:58. Eine Journalistin fragt: \u201eIch habe eine Frage wegen des Messerattentats in Mannheim an das BMI und vielleicht auch an das BMJ (Bundesministerium der Justiz, Anm. d. Red.). Sehen Sie jetzt im Nachgang \u2013 ich wei\u00df es ist nat\u00fcrlich sehr verfr\u00fcht \u2013 aber sehen Sie da irgendeinen Handlungsbedarf, was gesetzliche Anpassungen angeht, die Regelungen das Mitf\u00fchren von Messern oder anderen \u00e4hnlichen Waffen [betreffend]; gibt es da irgendetwas, das Sie jetzt sehen, was gemacht werden m\u00fcsste?\u201c\u00a0Mehmet Ata verweist auf die aktuelle Gesetzeslage zum F\u00fchren von Messern. Der Besitz und Umgang mit Spring-, Fall-, Faust- und Butterfly-Messern sei bereits verboten, wie auch das F\u00fchren von Messern mit einer feststehenden Klinge von einer L\u00e4nge \u00fcber zw\u00f6lf Zentimetern. Ausnahmen gebe es etwa, wenn das Messer in einem verschlossenen Beh\u00e4ltnis transportiert werde oder es ein berechtigtes Interesse gibt, es mitzuf\u00fchren, vor allem im beruflichen Kontext.\u00a0Die Journalistin hakt nach: \u201eDas hei\u00dft also: Kein weiterer \u00c4nderungsbedarf notwendig?\u201c Ata antwortet: \u201eIch denke, daf\u00fcr ist es jetzt zu fr\u00fch, um dar\u00fcber zu spekulieren.\u201cAnders als in dem kursierenden Video suggeriert wird, geht es hier also nicht um die Frage, ob das BMI allgemein Konsequenzen aus dem Attentat zieht, sondern ganz konkret, ob das BMI eine Gesetzes\u00e4nderung zum F\u00fchren von Messern erw\u00e4gt. Ata antwortet im Video auch nicht auf die erste Frage der Journalistin, wie im Tiktok-Video suggeriert, sondern auf die sp\u00e4tere Nachfrage.\u00a0Als Folge des Angriffs von Mannheim: Innenministerin Faeser k\u00fcndigte Gesetzes\u00e4nderung anDer BMI-Sprecher erg\u00e4nzt anschlie\u00dfend, Bundesinnenministerin Nancy Faeser habe ein generelles Waffenverbot in \u00f6ffentlichen Verkehrsmitteln vorgeschlagen. Dar\u00fcber  im Juni 2023.\u00a0Wir haben beim BMI nachgefragt, ob es Erw\u00e4gungen zur Versch\u00e4rfung des Waffenrechts bei Messern inzwischen gibt, erhielten jedoch keine klare Antwort. Eine Sprecherin des BMI verwies darauf, dass die L\u00e4nder eigenst\u00e4ndig Waffenverbotszonen einrichten k\u00f6nnten. Solche Waffenverbotszonen gibt es in mehreren deutschen St\u00e4dten \u2013 seit Dezember 2023 auch in Mannheim.\u00a0Der Bundesrat ver\u00f6ffentlichte am 14. Juni 2024 eine Erschlie\u00dfung, wonach Messerkriminalit\u00e4t gesenkt werden soll. Im Rahmen der Novelle des Waffenrechts soll demnach gepr\u00fcft werden, ob Springmesser generell verboten, der Umgang mit Dolchen und Kampfmessern verboten, und die maximal erlaubte L\u00e4nge von feststehenden Klingen von 12 auf 6 Zentimeter gesenkt werden.Scholz will Abschiebegr\u00fcnde erweiternNach dem t\u00f6dlichen Angriff in Mannheim k\u00fcndigte die Bundesregierung an, die Abschiebegr\u00fcnde erweitern zu wollen. Bundeskanzler Olaf Scholz sprach sich in einer Regierungserkl\u00e4rung vom 6. Juni daf\u00fcr aus, Schwerstkriminelle und Gef\u00e4hrder auch in L\u00e4nder wie Afghanistan und Syrien abzuschieben, in die Asylsuchende bisher nicht abgeschoben werden d\u00fcrfen, weil das der Menschenrechtskonvention entgegenl\u00e4uft, hei\u00dft es in diesem Artikel von Verfassungsblog.de. Selbst wer in Deutschland terroristische Anschl\u00e4ge plant, darf demnach nicht abgeschoben werden, wenn der Person im entsprechenden Land, etwa Afghanistan oder Syrien, zum Beispiel Folter droht. Zur genauen Umsetzung \u00e4u\u00dferte sich Scholz nicht.\u00a0\u201eAus der Billigung terroristischer Taten muss k\u00fcnftig ein schwerwiegendes Ausweisungsinteresse folgen\u201c, sagte Innenministerin Faeser Medienberichten vom 6. Juni zufolge. \u201eEinen Gesetzentwurf hierzu werde ich in K\u00fcrze vorlegen.\u201c\u00a0Ein Antrag der Unionsfraktion, \u201eden Bundesl\u00e4ndern jede m\u00f6gliche Unterst\u00fctzung zukommen zu lassen, damit abgelehnte Asylbewerber konsequent in ihre Herkunftsl\u00e4nder zur\u00fcckgef\u00fchrt werden, gegebenenfalls \u00fcber deren Nachbarstaaten\u201c, wurde am 13. Juni im Bundestag abgelehnt.\u00a0Redigatur: Matthias Bau, Sophie Timmermann\u00a0Die wichtigsten, \u00f6ffentlichen Quellen f\u00fcr diesen Faktencheck:Youtube-Video der Bundespressekonferenz vom 3. Juni 2024: LinkRegierungserkl\u00e4rung von Olaf Scholz vom 6. Juni 2024: LinkZur Quelle wechselnAuthor: Steffen Kutzner"},{"@context":"https:\/\/schema.org\/","@type":"BreadcrumbList","itemListElement":[{"@type":"ListItem","position":1,"name":"Nach Messerangriff in Mannheim: Tiktok-Video verk\u00fcrzt Aussagen des BMI zu Handlungsbedarf","item":"https:\/\/www.bachhausen.de\/nach-messerangriff-in-mannheim-tiktok-video-verkuerzt-aussagen-des-bmi-zu-handlungsbedarf\/#breadcrumbitem"}]}]