[{"@context":"https:\/\/schema.org\/","@type":"NewsArticle","@id":"https:\/\/www.bachhausen.de\/nau-kanton-wallis-will-inklusion-von-lgbtiq-personen-staerken\/#NewsArticle","mainEntityOfPage":"https:\/\/www.bachhausen.de\/nau-kanton-wallis-will-inklusion-von-lgbtiq-personen-staerken\/","headline":"(Nau) Kanton Wallis will Inklusion von LGBTIQ-Personen st\u00e4rken","name":"(Nau) Kanton Wallis will Inklusion von LGBTIQ-Personen st\u00e4rken","description":"Das Wallis will seinen Kampf gegen Diskriminierungen von LGBTIQ-Personen verst\u00e4rken. Nachdem 2022 ein erster Aktionsplan verabschiedet worden war, umfasst die kantonale Strategie 2035 nun 50 konkrete Massnahmen, die in den n\u00e4chsten zehn Jahren schrittweise umgesetzt werden sollen. Direktlink","datePublished":"2026-03-24","dateModified":"2026-03-24","author":{"@type":"Person","@id":"##Person","name":"Redaktion","url":"#","identifier":19,"image":{"@type":"ImageObject","@id":"https:\/\/secure.gravatar.com\/avatar\/?s=96&d=monsterid&r=g","url":"https:\/\/secure.gravatar.com\/avatar\/?s=96&d=monsterid&r=g","height":96,"width":96}},"publisher":{"@type":"Person","name":"Dirk Bachhausen","image":{"@type":"ImageObject","@id":"https:\/\/www.bachhausen.de\/wp-content\/uploads\/2019\/07\/dirk_profil-300x300.jpg","url":"https:\/\/www.bachhausen.de\/wp-content\/uploads\/2019\/07\/dirk_profil-300x300.jpg","width":600,"height":60}},"image":{"@type":"ImageObject","@id":"https:\/\/www.bachhausen.de\/wp-content\/uploads\/2019\/07\/dirk_profil-300x300.jpg","url":"https:\/\/www.bachhausen.de\/wp-content\/uploads\/2019\/07\/dirk_profil-300x300.jpg","width":100,"height":100},"url":"https:\/\/www.bachhausen.de\/nau-kanton-wallis-will-inklusion-von-lgbtiq-personen-staerken\/","about":["Allgemein"],"wordCount":37,"articleBody":"Das Wallis will seinen Kampf gegen Diskriminierungen von LGBTIQ-Personen verst\u00e4rken. Nachdem 2022 ein erster Aktionsplan verabschiedet worden war, umfasst die kantonale Strategie 2035 nun 50 konkrete Massnahmen, die in den n\u00e4chsten zehn Jahren schrittweise umgesetzt werden sollen. Direktlink"},{"@context":"https:\/\/schema.org\/","@type":"BreadcrumbList","itemListElement":[{"@type":"ListItem","position":1,"name":"(Nau) Kanton Wallis will Inklusion von LGBTIQ-Personen st\u00e4rken","item":"https:\/\/www.bachhausen.de\/nau-kanton-wallis-will-inklusion-von-lgbtiq-personen-staerken\/#breadcrumbitem"}]}]