[{"@context":"https:\/\/schema.org\/","@type":"NewsArticle","@id":"https:\/\/www.bachhausen.de\/nd-schwuler-imam-suedafrika-gedenkt-muhsin-hendricks\/#NewsArticle","mainEntityOfPage":"https:\/\/www.bachhausen.de\/nd-schwuler-imam-suedafrika-gedenkt-muhsin-hendricks\/","headline":"nd: Schwuler Imam &#8211; S\u00fcdafrika gedenkt Muhsin Hendricks&#8217;","name":"nd: Schwuler Imam &#8211; S\u00fcdafrika gedenkt Muhsin Hendricks&#8217;","description":"S\u00fcdafrika begeht am 21. M\u00e4rz allj\u00e4hrlich den Tag der Menschenrechte. Dieses Jahr steht das Gedenken an den im Februar ermordeten Muhsin Hendricks im Vordergrund &#8211; er galt als erster schwuler Imam der Welt. S.a.: Schwuler Imam in S\u00fcdafrika erschossen (16.02.2025) Direktlink","datePublished":"2025-03-21","dateModified":"2025-03-21","author":{"@type":"Person","@id":"##Person","name":"Redaktion","url":"#","identifier":19,"image":{"@type":"ImageObject","@id":"https:\/\/secure.gravatar.com\/avatar\/?s=96&d=monsterid&r=g","url":"https:\/\/secure.gravatar.com\/avatar\/?s=96&d=monsterid&r=g","height":96,"width":96}},"publisher":{"@type":"Person","name":"Dirk Bachhausen","image":{"@type":"ImageObject","@id":"https:\/\/www.bachhausen.de\/wp-content\/uploads\/2019\/07\/dirk_profil-300x300.jpg","url":"https:\/\/www.bachhausen.de\/wp-content\/uploads\/2019\/07\/dirk_profil-300x300.jpg","width":600,"height":60}},"image":{"@type":"ImageObject","@id":"https:\/\/www.bachhausen.de\/wp-content\/uploads\/2023\/09\/Zeitungsleser.webp","url":"https:\/\/www.bachhausen.de\/wp-content\/uploads\/2023\/09\/Zeitungsleser.webp","height":534,"width":800},"url":"https:\/\/www.bachhausen.de\/nd-schwuler-imam-suedafrika-gedenkt-muhsin-hendricks\/","about":["Allgemein"],"wordCount":43,"keywords":["gedenkt","hendricks","muhsin","schwuler","sudafrika"],"articleBody":"S\u00fcdafrika begeht am 21. M\u00e4rz allj\u00e4hrlich den Tag der Menschenrechte. Dieses Jahr steht das Gedenken an den im Februar ermordeten Muhsin Hendricks im Vordergrund &#8211; er galt als erster schwuler Imam der Welt. S.a.: Schwuler Imam in S\u00fcdafrika erschossen (16.02.2025) Direktlink"},{"@context":"https:\/\/schema.org\/","@type":"BreadcrumbList","itemListElement":[{"@type":"ListItem","position":1,"name":"nd: Schwuler Imam &#8211; S\u00fcdafrika gedenkt Muhsin Hendricks&#8217;","item":"https:\/\/www.bachhausen.de\/nd-schwuler-imam-suedafrika-gedenkt-muhsin-hendricks\/#breadcrumbitem"}]}]