[{"@context":"https:\/\/schema.org\/","@type":"NewsArticle","@id":"https:\/\/www.bachhausen.de\/neue-westfaelische-gegen-vorurteile-und-fuer-vielfalt-auf-bielefelder-altstadtplatz\/#NewsArticle","mainEntityOfPage":"https:\/\/www.bachhausen.de\/neue-westfaelische-gegen-vorurteile-und-fuer-vielfalt-auf-bielefelder-altstadtplatz\/","headline":"(Neue Westf\u00e4lische) Gegen Vorurteile und f\u00fcr Vielfalt auf Bielefelder Altstadtplatz","name":"(Neue Westf\u00e4lische) Gegen Vorurteile und f\u00fcr Vielfalt auf Bielefelder Altstadtplatz","description":"Auf dem neuen Klosterplatz soll an die Geschichte der queeren Bewegung in Bielefeld erinnert werden. In der Bezirksvertretung gibt es daf\u00fcr breite Zustimmung. Direktlink","datePublished":"2026-03-30","dateModified":"2026-03-30","author":{"@type":"Person","@id":"##Person","name":"Redaktion","url":"#","identifier":19,"image":{"@type":"ImageObject","@id":"https:\/\/secure.gravatar.com\/avatar\/?s=96&d=monsterid&r=g","url":"https:\/\/secure.gravatar.com\/avatar\/?s=96&d=monsterid&r=g","height":96,"width":96}},"publisher":{"@type":"Person","name":"Dirk Bachhausen","image":{"@type":"ImageObject","@id":"https:\/\/www.bachhausen.de\/wp-content\/uploads\/2019\/07\/dirk_profil-300x300.jpg","url":"https:\/\/www.bachhausen.de\/wp-content\/uploads\/2019\/07\/dirk_profil-300x300.jpg","width":600,"height":60}},"image":{"@type":"ImageObject","@id":"https:\/\/www.bachhausen.de\/wp-content\/uploads\/2019\/07\/dirk_profil-300x300.jpg","url":"https:\/\/www.bachhausen.de\/wp-content\/uploads\/2019\/07\/dirk_profil-300x300.jpg","width":100,"height":100},"url":"https:\/\/www.bachhausen.de\/neue-westfaelische-gegen-vorurteile-und-fuer-vielfalt-auf-bielefelder-altstadtplatz\/","about":["Allgemein"],"wordCount":25,"articleBody":"Auf dem neuen Klosterplatz soll an die Geschichte der queeren Bewegung in Bielefeld erinnert werden. In der Bezirksvertretung gibt es daf\u00fcr breite Zustimmung. Direktlink"},{"@context":"https:\/\/schema.org\/","@type":"BreadcrumbList","itemListElement":[{"@type":"ListItem","position":1,"name":"(Neue Westf\u00e4lische) Gegen Vorurteile und f\u00fcr Vielfalt auf Bielefelder Altstadtplatz","item":"https:\/\/www.bachhausen.de\/neue-westfaelische-gegen-vorurteile-und-fuer-vielfalt-auf-bielefelder-altstadtplatz\/#breadcrumbitem"}]}]