[{"@context":"https:\/\/schema.org\/","@type":"NewsArticle","@id":"https:\/\/www.bachhausen.de\/nrw-tag-in-koeln-ueber-100-organisationen-praesentieren-sich\/#NewsArticle","mainEntityOfPage":"https:\/\/www.bachhausen.de\/nrw-tag-in-koeln-ueber-100-organisationen-praesentieren-sich\/","headline":"NRW-Tag in K\u00f6ln: \u00dcber 100 Organisationen pr\u00e4sentieren sich","name":"NRW-Tag in K\u00f6ln: \u00dcber 100 Organisationen pr\u00e4sentieren sich","description":"Report-K Henriette Reker, Oberb\u00fcrgermeisterin von K\u00f6ln, und Hendrik W\u00fcst, Ministerpr\u00e4sident des Landes Nordrhein-Westfalen (CDU), verfolgen beim Nordrhein-Westfalen-Tag am 17.08.2024 eine Vorf\u00fchrung des Technischen Hilfswerks \u00fcber Dammbau bei Hochwasser. | Foto: picture alliance\/dpa | Henning Kaiser K\u00f6ln | Heute Morgen ist in K\u00f6ln der zweit\u00e4gige NRW-Tag mit einer \u00f6kumenischen Andacht im&#8230;","datePublished":"2024-08-17","dateModified":"2024-08-17","author":{"@type":"Person","@id":"##Person","name":"Report K","url":"#","identifier":20,"image":{"@type":"ImageObject","@id":"https:\/\/secure.gravatar.com\/avatar\/36af2c4c1f6de1245282e2f6d3e4483d8c1fb911663df347a69e69f7ff897aac?s=96&d=monsterid&r=g","url":"https:\/\/secure.gravatar.com\/avatar\/36af2c4c1f6de1245282e2f6d3e4483d8c1fb911663df347a69e69f7ff897aac?s=96&d=monsterid&r=g","height":96,"width":96}},"publisher":{"@type":"Person","name":"Dirk Bachhausen","image":{"@type":"ImageObject","@id":"https:\/\/www.bachhausen.de\/wp-content\/uploads\/2019\/07\/dirk_profil-300x300.jpg","url":"https:\/\/www.bachhausen.de\/wp-content\/uploads\/2019\/07\/dirk_profil-300x300.jpg","width":600,"height":60}},"image":{"@type":"ImageObject","@id":"https:\/\/www.bachhausen.de\/wp-content\/uploads\/2024\/08\/478371808.jpg","url":"https:\/\/www.bachhausen.de\/wp-content\/uploads\/2024\/08\/478371808.jpg","height":768,"width":1064},"url":"https:\/\/www.bachhausen.de\/nrw-tag-in-koeln-ueber-100-organisationen-praesentieren-sich\/","about":["K\u00f6ln"],"wordCount":807,"keywords":["organisationen","prasentieren"],"articleBody":"Report-KHenriette Reker, Oberb\u00fcrgermeisterin von K\u00f6ln, und Hendrik W\u00fcst, Ministerpr\u00e4sident des Landes Nordrhein-Westfalen (CDU), verfolgen beim Nordrhein-Westfalen-Tag am 17.08.2024 eine Vorf\u00fchrung des Technischen Hilfswerks \u00fcber Dammbau bei Hochwasser. | Foto: picture alliance\/dpa | Henning KaiserK\u00f6ln | Heute Morgen ist in K\u00f6ln der zweit\u00e4gige NRW-Tag mit einer \u00f6kumenischen Andacht im K\u00f6lner Dom gestartet. Ministerpr\u00e4sident Hendrik W\u00fcst und K\u00f6lns Oberb\u00fcrgermeisterin Henriette Reker machten sich bereits ein Bild von den \u00fcber 100 Organisationen, die sich im K\u00f6lner Rheinauhafen pr\u00e4sentieren. Heute Abend gibt es noch ein Konzert am Roncalliplatz.Der Nordrhein-Westfalen Tag findet am 17. und 18. August zum ersten Mal in K\u00f6ln statt und es ist der Erste nach der Corona-Pandemie. Heute besuchte Hendrik W\u00fcst den NRW-Tag: \u201eNordrhein-Westfalen steht f\u00fcr Zusammenhalt, Solidarit\u00e4t und Offenheit. Bereits bei der Gr\u00fcndung vor 78 Jahren haben diese St\u00e4rken aus zwei Landesteilen \u2013 sp\u00e4ter mit Lippe aus dreien \u2013 eine Einheit werden lassen. Nordrhein-Westfalen ist ein Land, in dem die Menschen zusammenhalten. Wir feiern gemeinsam, aber wir stehen auch f\u00fcreinander ein \u2013 das zeigen die vielen Ausstellerinnen und Aussteller mit ihren Projekten heute in K\u00f6ln. Wenn ich mir die vielen St\u00e4nde im K\u00f6lner Rheinauhafen anschaue, wird mir eindr\u00fccklich bewusst: Nordrhein-Westfalen ist unglaublich vielf\u00e4ltig \u2013 egal ob kulturell, wirtschaftlich oder gesellschaftlich. Besonders die vielen ehrenamtlich Engagierten der \u00fcber 100 Organisationen, die heute \u00fcber ihre so wichtige Arbeit informieren, beeindrucken mich sehr. Wir k\u00f6nnen stolz sein auf unser Land und auf das, was wir alle gemeinsam in Nordrhein-Westfalen leisten\u201c.Insgesamt sind rund 200 Aussteller:innen im Rheinauhafen versammelt und es gibt drei B\u00fchnen mit unterschiedlichem Programm. Eine \u00dcbersicht von report-K finden Sie hier:Zwei Tage lang ist NRW zu Gast im K\u00f6lner RheinauhafenDas Pressefoto zeigt Stadtdechant Msgr. Robert Kleine, NRW-Minister Natanael Liminski, Landtagsvizepr\u00e4sidentin Ber\u00eevan Aymaz, Oberb\u00fcrgermeisterin Henriette Reker, Landtagsvizepr\u00e4sident Christof Rasche, NRW-Ministerin Josefine Paul, stellvertretender Stadtsuperintendent Markus Zimmermann. | Foto: Beatrice TomasettiGebete f\u00fcr den FriedenZum Auftakt gab es im K\u00f6lner Dom eine \u00f6kumenische Friedensandacht. In den Dom kamen Staatskanzleichef und NRW-Minister Natanael Liminski und K\u00f6lns Oberb\u00fcrgermeisterin Henriette Reker, die beide eine der F\u00fcrbitten vortrugen, sowie die Landtagsvizepr\u00e4sidentin und -pr\u00e4sident Ber\u00eevan Aymaz und Christof Rasche sowie Ministerin Josefine Paul.\u00a0In seinen Worten bekr\u00e4ftigte Stadtdechant Msgr. Robert Kleine das Friedensthema und erkl\u00e4rte \u201eEs widerspreche dem, was Menschsein bedeutet, wenn wir eben nicht aufstehen, wo die Menschenw\u00fcrde mit den F\u00fc\u00dfen getreten wird, wo Krieg, Terror, Gewalt und Hetze die Oberhand haben\u201c.Oberb\u00fcrgermeisterin Reker: \u201eHass und Hetze, L\u00fcge und Gewalt deutlich entgegentreten\u201c\u201eWir bitten f\u00fcr alle, die eine besondere Verantwortung tragen in Politik und Gesellschaft f\u00fcr unsere Stadt und unser Bundesland NRW: dass sie die Werte von Demokratie, Toleranz und Solidarit\u00e4t st\u00e4rken und verteidigen. Und dass f\u00fcr alle au\u00dfer Frage steht, dass Hass, Hetze, L\u00fcge und Gewalt in der politischen Auseinandersetzung deutlich entgegengetreten werden muss\u201c, lautete die F\u00fcrbitte von K\u00f6lns Oberb\u00fcrgermeisterin Henriette Reker.Das Pressefoto zeigt Herbert Reul (2.v.r.) mit Albrecht Prinz von Cro\u00ff, Vize-Pr\u00e4sident des Malteser Hilfsdienstes (r.), Malteser Regional- und Landesgesch\u00e4ftsf\u00fchrerin Dr. Sophie von Preysing (2.v.r.) und Martin R\u00f6sler (l.), Gesch\u00e4ftsf\u00fchrer der Malteser in der Di\u00f6zese vor der Aktionsb\u00fchne auf der erfahrene Ausbilder den Besucherinnen und Besuchern des NRW-Tags die Reanimation beibringen. | Foto: Malteser NRW\u00dcber 100 OrganisationenDer NRW-Tag wird gepr\u00e4gt von vielen Hilfsorganisationen, die sich pr\u00e4sentieren. So auch die Malteser. Die bekamen heute Besuch von NRW-Innenminister Herbert Reul. Die Malteser bieten eine Reanimations-Challenge an. 22.222 Pump-Trainings (Herzdr\u00fccke) an den Reanimationspuppen seien bereits vollf\u00fchrt, so die Malteser, die mit einer App mitz\u00e4hlten. Am Ende sollen es 45.000 sein. Die Malteser wollen damit auf das wichtige Thema Wiederbelebung aufmerksam machen. Eine ganze Reihe Prominenter beteiligt sich an der Aktion, darunter Henning Krautmacher, die R\u00e4uber, Sport-Moderator Andreas von Thien, Micky Nauber von den Domst\u00fcrmern, oder Michael Trippel, Stadionsprecher des 1. FC K\u00f6ln.Heute Abend: SommerkonzertAuf dem Roncalliplatz findet heute Abend das Sommerkonzert der NRW-Landesregierung statt. \u00a0Unter der Leitung des Dirigenten Frank Beermann wird die Nordwestdeutsche Philharmonie den Abend gemeinsam mit den Solisten Ruzan Mantashyan, Joseph Calleja, Sayaka Shoji und dem Saxophonquartett clair-obscur gestalten.\u00dcber den Nordrhein-Westfalen-Tag 2024Alle zwei Jahre feiert die Landesregierung Nordrhein-Westfalen die Gr\u00fcndung des Landes mit einem zweit\u00e4gigen Fest. 2024 ist die Stadt K\u00f6ln Gastgeberin des Nordrhein-Westfalen-Tages. Der Nordrhein-Westfalen-Tag wurde erstmals 2006 anl\u00e4sslich des 60. Landesgeburtstags in D\u00fcsseldorf gefeiert. Seitdem findet er immer in einer anderen Region des Landes statt, seit 2012 im regelm\u00e4\u00dfigen Turnus von zwei Jahren. Bisher wurde der Nordrhein-Westfalen-Tag in D\u00fcsseldorf (2006), Paderborn (2007), Wuppertal (2008), Hamm (2009), Siegen (2010), Bonn (2011), Detmold\/Kreis Lippe (2012), Bielefeld (2014), D\u00fcsseldorf (2016) und Essen (2018) gefeiert. In den Jahren 2020 und 2022 konnte der Nordrhein-Westfalen-Tag pandemiebedingt nicht stattfinden.Zur Quelle wechseln"},{"@context":"https:\/\/schema.org\/","@type":"BreadcrumbList","itemListElement":[{"@type":"ListItem","position":1,"name":"NRW-Tag in K\u00f6ln: \u00dcber 100 Organisationen pr\u00e4sentieren sich","item":"https:\/\/www.bachhausen.de\/nrw-tag-in-koeln-ueber-100-organisationen-praesentieren-sich\/#breadcrumbitem"}]}]