[{"@context":"https:\/\/schema.org\/","@type":"NewsArticle","@id":"https:\/\/www.bachhausen.de\/olaf-scholz-in-koeln-deine-fragen-klare-antworten\/#NewsArticle","mainEntityOfPage":"https:\/\/www.bachhausen.de\/olaf-scholz-in-koeln-deine-fragen-klare-antworten\/","headline":"Olaf Scholz in K\u00f6ln: Deine Fragen. Klare Antworten.","name":"Olaf Scholz in K\u00f6ln: Deine Fragen. Klare Antworten.","description":"Freitag, 21. Februar 2025 Einlass: 09.00 Uhr Talk mit den vier K\u00f6lner SPD-Bundestagskandidierenden 10.30 Uhr Olaf Scholz im Gespr\u00e4ch 11.00 Uhr K\u00f6ln Messe \u2013 Confex Foyer S\u00fcd,\u00a0Messeplatz 1 (Einlass Barmer Stra\u00dfe \/ Tor H),\u00a050679 K\u00f6ln Ob starke Renten, faire L\u00f6hne, bessere Bildung oder der Kampf f\u00fcr eine gerechte Zukunft \u2013&#8230;","datePublished":"2025-02-16","dateModified":"2025-02-16","author":{"@type":"Person","@id":"##Person","name":"SPD K\u00f6ln","url":"#","identifier":4,"image":{"@type":"ImageObject","@id":"https:\/\/secure.gravatar.com\/avatar\/9e275a42f0e2d615e7358ea63859947f3ea63517a2bcb7a2b26010d9ca858396?s=96&d=monsterid&r=g","url":"https:\/\/secure.gravatar.com\/avatar\/9e275a42f0e2d615e7358ea63859947f3ea63517a2bcb7a2b26010d9ca858396?s=96&d=monsterid&r=g","height":96,"width":96}},"publisher":{"@type":"Person","name":"Dirk Bachhausen","image":{"@type":"ImageObject","@id":"https:\/\/www.bachhausen.de\/wp-content\/uploads\/2019\/07\/dirk_profil-300x300.jpg","url":"https:\/\/www.bachhausen.de\/wp-content\/uploads\/2019\/07\/dirk_profil-300x300.jpg","width":600,"height":60}},"image":{"@type":"ImageObject","@id":"https:\/\/www.bachhausen.de\/wp-content\/uploads\/2023\/09\/Zeitungsleser.webp","url":"https:\/\/www.bachhausen.de\/wp-content\/uploads\/2023\/09\/Zeitungsleser.webp","height":534,"width":800},"url":"https:\/\/www.bachhausen.de\/olaf-scholz-in-koeln-deine-fragen-klare-antworten\/","about":["K\u00f6ln","Politik"],"wordCount":133,"keywords":["antworten","deine","fragen","klare","scholz"],"articleBody":" Freitag, 21. Februar 2025Einlass: 09.00 Uhr Talk mit den vier K\u00f6lner SPD-Bundestagskandidierenden 10.30 Uhr Olaf Scholz im Gespr\u00e4ch 11.00 UhrK\u00f6ln Messe \u2013 Confex Foyer S\u00fcd,\u00a0Messeplatz 1 (Einlass Barmer Stra\u00dfe \/ Tor H),\u00a050679 K\u00f6lnOb starke Renten, faire L\u00f6hne, bessere Bildung oder der Kampf f\u00fcr eine gerechte Zukunft \u2013 die SPD-gef\u00fchrte Bundesregierung hat viel erreicht. Doch wir wissen: Es gibt noch viel zu tun.Du hast Fragen? W\u00fcnsche? Kritik? Komm vorbei und frag den Kanzler selbst! Ob starke Renten, faire L\u00f6hne, bessere Bildung oder der Kampf f\u00fcr eine gerechte Zukunft \u2013 die SPD-gef\u00fchrte Bundesregierung hat viel erreicht. Doch wir wissen: Es gibt noch viel zu tun. Du hast Fragen? W\u00fcnsche? Kritik? Komm vorbei und frag den Kanzler selbst!Jetzt bitte bis zum 14.02. anmelden: AnmeldelinkHier weiter lesen&#8230;"},{"@context":"https:\/\/schema.org\/","@type":"BreadcrumbList","itemListElement":[{"@type":"ListItem","position":1,"name":"Olaf Scholz in K\u00f6ln: Deine Fragen. Klare Antworten.","item":"https:\/\/www.bachhausen.de\/olaf-scholz-in-koeln-deine-fragen-klare-antworten\/#breadcrumbitem"}]}]