[{"@context":"https:\/\/schema.org\/","@type":"Blog","@id":"https:\/\/www.bachhausen.de#Blog","headline":"Dirk Bachhausen","description":"Sagen, was ist. \u2013 Tun, was man sagt. \u2013 Und sein, was man tut.","url":"https:\/\/www.bachhausen.de","hasPart":[{"@type":"NewsArticle","@id":"https:\/\/www.bachhausen.de\/jpgames-de-kingdom-come-schoepfer-feiert-gayming-award-findet-woken-unsinn-aber-ueberfluessig\/","headline":"(JPGAMES.DE) &#8220;Kingdom Come&#8221;-Sch\u00f6pfer feiert Gayming-Award, findet &#8220;woken Unsinn&#8221; aber \u00fcberfl\u00fcssig","url":"https:\/\/www.bachhausen.de\/jpgames-de-kingdom-come-schoepfer-feiert-gayming-award-findet-woken-unsinn-aber-ueberfluessig\/","datePublished":"2026-04-24","dateModified":"2026-04-24","mainEntityOfPage":"https:\/\/www.bachhausen.de\/jpgames-de-kingdom-come-schoepfer-feiert-gayming-award-findet-woken-unsinn-aber-ueberfluessig\/","author":{"@type":"Person","@id":"##Person","name":"Redaktion","url":"#","identifier":19,"image":{"@type":"ImageObject","@id":"https:\/\/secure.gravatar.com\/avatar\/?s=96&d=monsterid&r=g","url":"https:\/\/secure.gravatar.com\/avatar\/?s=96&d=monsterid&r=g","height":96,"width":96}},"publisher":{"@type":"Person","name":"Dirk Bachhausen","image":{"@type":"ImageObject","@id":"https:\/\/www.bachhausen.de\/wp-content\/uploads\/2019\/07\/dirk_profil-300x300.jpg","url":"https:\/\/www.bachhausen.de\/wp-content\/uploads\/2019\/07\/dirk_profil-300x300.jpg","width":600,"height":60}},"image":{"@type":"ImageObject","@id":"https:\/\/www.bachhausen.de\/wp-content\/uploads\/2019\/07\/dirk_profil-300x300.jpg","url":"https:\/\/www.bachhausen.de\/wp-content\/uploads\/2019\/07\/dirk_profil-300x300.jpg","width":100,"height":100},"wordCount":41,"keywords":null},{"@type":"NewsArticle","@id":"https:\/\/www.bachhausen.de\/grundsteuerreform-fuehrt-sie-wirklich-zu-steuererhoehungen\/","headline":"Grundsteuerreform: F\u00fchrt sie wirklich zu Steuererh\u00f6hungen?","url":"https:\/\/www.bachhausen.de\/grundsteuerreform-fuehrt-sie-wirklich-zu-steuererhoehungen\/","datePublished":"2026-04-23","dateModified":"2026-04-23","mainEntityOfPage":"https:\/\/www.bachhausen.de\/grundsteuerreform-fuehrt-sie-wirklich-zu-steuererhoehungen\/","author":{"@type":"Person","@id":"##Person","name":"Correctiv.org","url":"#","identifier":15,"description":"<div class=\"elementor-element elementor-element-3e1bf03c elementor-widget elementor-widget-heading\" data-id=\"3e1bf03c\">\r\n<div class=\"elementor-widget-container\">\r\n<h1 class=\"elementor-heading-title elementor-size-default\">Recherchen f\u00fcr die Gesellschaft und mit der Gesellschaft<\/h1>\r\n<\/div>\r\n<\/div>\r\n<section class=\"elementor-element elementor-element-5be37e09 elementor-section-content-middle elementor-section-boxed elementor-section-height-default elementor-section-height-default elementor-section elementor-inner-section\" data-id=\"5be37e09\">\r\n<div class=\"elementor-container elementor-column-gap-no\">\r\n<div class=\"elementor-row\">\r\n<div class=\"elementor-element elementor-element-63cc7109 elementor-column elementor-col-50 elementor-inner-column\" data-id=\"63cc7109\">\r\n<div class=\"elementor-column-wrap elementor-element-populated\">\r\n<div class=\"elementor-widget-wrap\">\r\n<div class=\"elementor-element elementor-element-7d9688e9 elementor-widget elementor-widget-text-editor\" data-id=\"7d9688e9\">\r\n<div class=\"elementor-widget-container\">\r\n<div class=\"elementor-text-editor elementor-clearfix\">\r\n\r\n<strong>Investigativ. Unabh\u00e4ngig. Gemeinn\u00fctzig.<\/strong>\r\nCORRECTIV\u00a0ist das erste gemeinn\u00fctzige Recherchezentrum im deutschsprachigen Raum. Wir recherchieren langfristig zu Missst\u00e4nden in der Gesellschaft, f\u00f6rdern Medienkompetenz und f\u00fchren Bildungsprogramme durch.\r\n\r\n<a href=\"https:\/\/correctiv.org\/\">https:\/\/correctiv.org\/<\/a>\r\n\r\n<\/div>\r\n<\/div>\r\n<\/div>\r\n<\/div>\r\n<\/div>\r\n<\/div>\r\n<\/div>\r\n<\/div>\r\n<\/section>","image":{"@type":"ImageObject","@id":"https:\/\/secure.gravatar.com\/avatar\/51a6c0962ec4a7a9fff8508f3b6a21069f40fbb9a1ee7294cca7a040ced87b6c?s=96&d=monsterid&r=g","url":"https:\/\/secure.gravatar.com\/avatar\/51a6c0962ec4a7a9fff8508f3b6a21069f40fbb9a1ee7294cca7a040ced87b6c?s=96&d=monsterid&r=g","height":96,"width":96}},"publisher":{"@type":"Person","name":"Dirk Bachhausen","image":{"@type":"ImageObject","@id":"https:\/\/www.bachhausen.de\/wp-content\/uploads\/2019\/07\/dirk_profil-300x300.jpg","url":"https:\/\/www.bachhausen.de\/wp-content\/uploads\/2019\/07\/dirk_profil-300x300.jpg","width":600,"height":60}},"image":{"@type":"ImageObject","@id":"https:\/\/www.bachhausen.de\/wp-content\/uploads\/2019\/07\/dirk_profil-300x300.jpg","url":"https:\/\/www.bachhausen.de\/wp-content\/uploads\/2019\/07\/dirk_profil-300x300.jpg","width":100,"height":100},"wordCount":2302,"keywords":null},{"@type":"NewsArticle","@id":"https:\/\/www.bachhausen.de\/warum-die-senkung-der-spritsteuer-nicht-beim-verbraucher-ankommen-wird\/","headline":"Warum die Senkung der Spritsteuer nicht beim Verbraucher ankommen wird","url":"https:\/\/www.bachhausen.de\/warum-die-senkung-der-spritsteuer-nicht-beim-verbraucher-ankommen-wird\/","datePublished":"2026-04-23","dateModified":"2026-04-23","mainEntityOfPage":"https:\/\/www.bachhausen.de\/warum-die-senkung-der-spritsteuer-nicht-beim-verbraucher-ankommen-wird\/","author":{"@type":"Person","@id":"##Person","name":"Makronom","url":"#","identifier":23,"image":{"@type":"ImageObject","@id":"https:\/\/secure.gravatar.com\/avatar\/aaf847ecf5c9a8f06736bfe382b9f0fadaf8c7f0a04e75fee72b1c14c6fe9656?s=96&d=monsterid&r=g","url":"https:\/\/secure.gravatar.com\/avatar\/aaf847ecf5c9a8f06736bfe382b9f0fadaf8c7f0a04e75fee72b1c14c6fe9656?s=96&d=monsterid&r=g","height":96,"width":96}},"publisher":{"@type":"Person","name":"Dirk Bachhausen","image":{"@type":"ImageObject","@id":"https:\/\/www.bachhausen.de\/wp-content\/uploads\/2019\/07\/dirk_profil-300x300.jpg","url":"https:\/\/www.bachhausen.de\/wp-content\/uploads\/2019\/07\/dirk_profil-300x300.jpg","width":600,"height":60}},"image":{"@type":"ImageObject","@id":"https:\/\/www.bachhausen.de\/wp-content\/uploads\/2019\/07\/dirk_profil-300x300.jpg","url":"https:\/\/www.bachhausen.de\/wp-content\/uploads\/2019\/07\/dirk_profil-300x300.jpg","width":100,"height":100},"wordCount":51,"keywords":null},{"@type":"NewsArticle","@id":"https:\/\/www.bachhausen.de\/spd-basis-startet-plattform-gegen-olympia-bewerbung-man-setzt-zeichen-fuer-transparenz-und-verantwortung\/","headline":"SPD Basis startet Plattform gegen Olympia-Bewerbung: Man setzt Zeichen f\u00fcr Transparenz und Verantwortung","url":"https:\/\/www.bachhausen.de\/spd-basis-startet-plattform-gegen-olympia-bewerbung-man-setzt-zeichen-fuer-transparenz-und-verantwortung\/","datePublished":"2026-04-23","dateModified":"2026-04-23","mainEntityOfPage":"https:\/\/www.bachhausen.de\/spd-basis-startet-plattform-gegen-olympia-bewerbung-man-setzt-zeichen-fuer-transparenz-und-verantwortung\/","author":{"@type":"Person","@id":"##Person","name":"Dirk Bachhausen","url":"#","identifier":22,"image":{"@type":"ImageObject","@id":"https:\/\/secure.gravatar.com\/avatar\/93ae70f78458966061adb399322453e29dbd2355588a233ff1df8b839ed01f72?s=96&d=monsterid&r=g","url":"https:\/\/secure.gravatar.com\/avatar\/93ae70f78458966061adb399322453e29dbd2355588a233ff1df8b839ed01f72?s=96&d=monsterid&r=g","height":96,"width":96}},"publisher":{"@type":"Person","name":"Dirk Bachhausen","image":{"@type":"ImageObject","@id":"https:\/\/www.bachhausen.de\/wp-content\/uploads\/2019\/07\/dirk_profil-300x300.jpg","url":"https:\/\/www.bachhausen.de\/wp-content\/uploads\/2019\/07\/dirk_profil-300x300.jpg","width":600,"height":60}},"image":{"@type":"ImageObject","@id":"https:\/\/www.bachhausen.de\/wp-content\/uploads\/2026\/04\/nolympiakoeln.png","url":"https:\/\/www.bachhausen.de\/wp-content\/uploads\/2026\/04\/nolympiakoeln.png","height":1254,"width":1254},"wordCount":338,"keywords":null},{"@type":"NewsArticle","@id":"https:\/\/www.bachhausen.de\/rechtliche-auseinandersetzungen-um-geheimplan-gegen-deutschland-eine-einordnung\/","headline":"Rechtliche Auseinandersetzungen um \u201eGeheimplan gegen Deutschland\u201d: Eine Einordnung","url":"https:\/\/www.bachhausen.de\/rechtliche-auseinandersetzungen-um-geheimplan-gegen-deutschland-eine-einordnung\/","datePublished":"2026-04-23","dateModified":"2026-04-23","mainEntityOfPage":"https:\/\/www.bachhausen.de\/rechtliche-auseinandersetzungen-um-geheimplan-gegen-deutschland-eine-einordnung\/","author":{"@type":"Person","@id":"##Person","name":"Correctiv.org","url":"#","identifier":15,"description":"<div class=\"elementor-element elementor-element-3e1bf03c elementor-widget elementor-widget-heading\" data-id=\"3e1bf03c\">\r\n<div class=\"elementor-widget-container\">\r\n<h1 class=\"elementor-heading-title elementor-size-default\">Recherchen f\u00fcr die Gesellschaft und mit der Gesellschaft<\/h1>\r\n<\/div>\r\n<\/div>\r\n<section class=\"elementor-element elementor-element-5be37e09 elementor-section-content-middle elementor-section-boxed elementor-section-height-default elementor-section-height-default elementor-section elementor-inner-section\" data-id=\"5be37e09\">\r\n<div class=\"elementor-container elementor-column-gap-no\">\r\n<div class=\"elementor-row\">\r\n<div class=\"elementor-element elementor-element-63cc7109 elementor-column elementor-col-50 elementor-inner-column\" data-id=\"63cc7109\">\r\n<div class=\"elementor-column-wrap elementor-element-populated\">\r\n<div class=\"elementor-widget-wrap\">\r\n<div class=\"elementor-element elementor-element-7d9688e9 elementor-widget elementor-widget-text-editor\" data-id=\"7d9688e9\">\r\n<div class=\"elementor-widget-container\">\r\n<div class=\"elementor-text-editor elementor-clearfix\">\r\n\r\n<strong>Investigativ. Unabh\u00e4ngig. Gemeinn\u00fctzig.<\/strong>\r\nCORRECTIV\u00a0ist das erste gemeinn\u00fctzige Recherchezentrum im deutschsprachigen Raum. Wir recherchieren langfristig zu Missst\u00e4nden in der Gesellschaft, f\u00f6rdern Medienkompetenz und f\u00fchren Bildungsprogramme durch.\r\n\r\n<a href=\"https:\/\/correctiv.org\/\">https:\/\/correctiv.org\/<\/a>\r\n\r\n<\/div>\r\n<\/div>\r\n<\/div>\r\n<\/div>\r\n<\/div>\r\n<\/div>\r\n<\/div>\r\n<\/div>\r\n<\/section>","image":{"@type":"ImageObject","@id":"https:\/\/secure.gravatar.com\/avatar\/51a6c0962ec4a7a9fff8508f3b6a21069f40fbb9a1ee7294cca7a040ced87b6c?s=96&d=monsterid&r=g","url":"https:\/\/secure.gravatar.com\/avatar\/51a6c0962ec4a7a9fff8508f3b6a21069f40fbb9a1ee7294cca7a040ced87b6c?s=96&d=monsterid&r=g","height":96,"width":96}},"publisher":{"@type":"Person","name":"Dirk Bachhausen","image":{"@type":"ImageObject","@id":"https:\/\/www.bachhausen.de\/wp-content\/uploads\/2019\/07\/dirk_profil-300x300.jpg","url":"https:\/\/www.bachhausen.de\/wp-content\/uploads\/2019\/07\/dirk_profil-300x300.jpg","width":600,"height":60}},"image":{"@type":"ImageObject","@id":"https:\/\/www.bachhausen.de\/wp-content\/uploads\/2019\/07\/dirk_profil-300x300.jpg","url":"https:\/\/www.bachhausen.de\/wp-content\/uploads\/2019\/07\/dirk_profil-300x300.jpg","width":100,"height":100},"wordCount":1065,"keywords":null},{"@type":"NewsArticle","@id":"https:\/\/www.bachhausen.de\/deutschland-hat-fuer-klimakonferenz-in-kolumbien-nichts-neues-im-gepaeck\/","headline":"Deutschland hat f\u00fcr Klimakonferenz in Kolumbien nichts Neues im Gep\u00e4ck","url":"https:\/\/www.bachhausen.de\/deutschland-hat-fuer-klimakonferenz-in-kolumbien-nichts-neues-im-gepaeck\/","datePublished":"2026-04-23","dateModified":"2026-04-23","mainEntityOfPage":"https:\/\/www.bachhausen.de\/deutschland-hat-fuer-klimakonferenz-in-kolumbien-nichts-neues-im-gepaeck\/","author":{"@type":"Person","@id":"##Person","name":"Correctiv.org","url":"#","identifier":15,"description":"<div class=\"elementor-element elementor-element-3e1bf03c elementor-widget elementor-widget-heading\" data-id=\"3e1bf03c\">\r\n<div class=\"elementor-widget-container\">\r\n<h1 class=\"elementor-heading-title elementor-size-default\">Recherchen f\u00fcr die Gesellschaft und mit der Gesellschaft<\/h1>\r\n<\/div>\r\n<\/div>\r\n<section class=\"elementor-element elementor-element-5be37e09 elementor-section-content-middle elementor-section-boxed elementor-section-height-default elementor-section-height-default elementor-section elementor-inner-section\" data-id=\"5be37e09\">\r\n<div class=\"elementor-container elementor-column-gap-no\">\r\n<div class=\"elementor-row\">\r\n<div class=\"elementor-element elementor-element-63cc7109 elementor-column elementor-col-50 elementor-inner-column\" data-id=\"63cc7109\">\r\n<div class=\"elementor-column-wrap elementor-element-populated\">\r\n<div class=\"elementor-widget-wrap\">\r\n<div class=\"elementor-element elementor-element-7d9688e9 elementor-widget elementor-widget-text-editor\" data-id=\"7d9688e9\">\r\n<div class=\"elementor-widget-container\">\r\n<div class=\"elementor-text-editor elementor-clearfix\">\r\n\r\n<strong>Investigativ. Unabh\u00e4ngig. Gemeinn\u00fctzig.<\/strong>\r\nCORRECTIV\u00a0ist das erste gemeinn\u00fctzige Recherchezentrum im deutschsprachigen Raum. Wir recherchieren langfristig zu Missst\u00e4nden in der Gesellschaft, f\u00f6rdern Medienkompetenz und f\u00fchren Bildungsprogramme durch.\r\n\r\n<a href=\"https:\/\/correctiv.org\/\">https:\/\/correctiv.org\/<\/a>\r\n\r\n<\/div>\r\n<\/div>\r\n<\/div>\r\n<\/div>\r\n<\/div>\r\n<\/div>\r\n<\/div>\r\n<\/div>\r\n<\/section>","image":{"@type":"ImageObject","@id":"https:\/\/secure.gravatar.com\/avatar\/51a6c0962ec4a7a9fff8508f3b6a21069f40fbb9a1ee7294cca7a040ced87b6c?s=96&d=monsterid&r=g","url":"https:\/\/secure.gravatar.com\/avatar\/51a6c0962ec4a7a9fff8508f3b6a21069f40fbb9a1ee7294cca7a040ced87b6c?s=96&d=monsterid&r=g","height":96,"width":96}},"publisher":{"@type":"Person","name":"Dirk Bachhausen","image":{"@type":"ImageObject","@id":"https:\/\/www.bachhausen.de\/wp-content\/uploads\/2019\/07\/dirk_profil-300x300.jpg","url":"https:\/\/www.bachhausen.de\/wp-content\/uploads\/2019\/07\/dirk_profil-300x300.jpg","width":600,"height":60}},"image":{"@type":"ImageObject","@id":"https:\/\/www.bachhausen.de\/wp-content\/uploads\/2019\/07\/dirk_profil-300x300.jpg","url":"https:\/\/www.bachhausen.de\/wp-content\/uploads\/2019\/07\/dirk_profil-300x300.jpg","width":100,"height":100},"wordCount":983,"keywords":null},{"@type":"NewsArticle","@id":"https:\/\/www.bachhausen.de\/dpa-factchecking-aeusserungen-zu-homosexualitaet-urteil-aus-finnland-falsch-wiedergegeben\/","headline":"(dpa-factchecking) \u00c4u\u00dferungen zu Homosexualit\u00e4t &#8211; Urteil aus Finnland falsch wiedergegeben","url":"https:\/\/www.bachhausen.de\/dpa-factchecking-aeusserungen-zu-homosexualitaet-urteil-aus-finnland-falsch-wiedergegeben\/","datePublished":"2026-04-23","dateModified":"2026-04-23","mainEntityOfPage":"https:\/\/www.bachhausen.de\/dpa-factchecking-aeusserungen-zu-homosexualitaet-urteil-aus-finnland-falsch-wiedergegeben\/","author":{"@type":"Person","@id":"##Person","name":"Redaktion","url":"#","identifier":19,"image":{"@type":"ImageObject","@id":"https:\/\/secure.gravatar.com\/avatar\/?s=96&d=monsterid&r=g","url":"https:\/\/secure.gravatar.com\/avatar\/?s=96&d=monsterid&r=g","height":96,"width":96}},"publisher":{"@type":"Person","name":"Dirk Bachhausen","image":{"@type":"ImageObject","@id":"https:\/\/www.bachhausen.de\/wp-content\/uploads\/2019\/07\/dirk_profil-300x300.jpg","url":"https:\/\/www.bachhausen.de\/wp-content\/uploads\/2019\/07\/dirk_profil-300x300.jpg","width":600,"height":60}},"image":{"@type":"ImageObject","@id":"https:\/\/www.bachhausen.de\/wp-content\/uploads\/2019\/07\/dirk_profil-300x300.jpg","url":"https:\/\/www.bachhausen.de\/wp-content\/uploads\/2019\/07\/dirk_profil-300x300.jpg","width":100,"height":100},"wordCount":134,"keywords":null},{"@type":"NewsArticle","@id":"https:\/\/www.bachhausen.de\/diffus-baran-kok-im-diffus-print-magazin-darf-eine-schw-spass-haben\/","headline":"(DIFFUS) Baran Kok im DIFFUS Print-Magazin: &#8220;Darf eine Schw****** Spa\u00df haben?&#8221;","url":"https:\/\/www.bachhausen.de\/diffus-baran-kok-im-diffus-print-magazin-darf-eine-schw-spass-haben\/","datePublished":"2026-04-23","dateModified":"2026-04-23","mainEntityOfPage":"https:\/\/www.bachhausen.de\/diffus-baran-kok-im-diffus-print-magazin-darf-eine-schw-spass-haben\/","author":{"@type":"Person","@id":"##Person","name":"Redaktion","url":"#","identifier":19,"image":{"@type":"ImageObject","@id":"https:\/\/secure.gravatar.com\/avatar\/?s=96&d=monsterid&r=g","url":"https:\/\/secure.gravatar.com\/avatar\/?s=96&d=monsterid&r=g","height":96,"width":96}},"publisher":{"@type":"Person","name":"Dirk Bachhausen","image":{"@type":"ImageObject","@id":"https:\/\/www.bachhausen.de\/wp-content\/uploads\/2019\/07\/dirk_profil-300x300.jpg","url":"https:\/\/www.bachhausen.de\/wp-content\/uploads\/2019\/07\/dirk_profil-300x300.jpg","width":600,"height":60}},"image":{"@type":"ImageObject","@id":"https:\/\/www.bachhausen.de\/wp-content\/uploads\/2019\/07\/dirk_profil-300x300.jpg","url":"https:\/\/www.bachhausen.de\/wp-content\/uploads\/2019\/07\/dirk_profil-300x300.jpg","width":100,"height":100},"wordCount":26,"keywords":null},{"@type":"NewsArticle","@id":"https:\/\/www.bachhausen.de\/taz-kim-de-lhorizons-blutbuch-im-theater-laub-abwerfen-ausharren-an-neuem-laub-arbeiten\/","headline":"(taz) Kim de l&#8217;Horizons &#8220;Blutbuch&#8221; im Theater: Laub abwerfen, ausharren, an neuem Laub arbeiten","url":"https:\/\/www.bachhausen.de\/taz-kim-de-lhorizons-blutbuch-im-theater-laub-abwerfen-ausharren-an-neuem-laub-arbeiten\/","datePublished":"2026-04-23","dateModified":"2026-04-23","mainEntityOfPage":"https:\/\/www.bachhausen.de\/taz-kim-de-lhorizons-blutbuch-im-theater-laub-abwerfen-ausharren-an-neuem-laub-arbeiten\/","author":{"@type":"Person","@id":"##Person","name":"Redaktion","url":"#","identifier":19,"image":{"@type":"ImageObject","@id":"https:\/\/secure.gravatar.com\/avatar\/?s=96&d=monsterid&r=g","url":"https:\/\/secure.gravatar.com\/avatar\/?s=96&d=monsterid&r=g","height":96,"width":96}},"publisher":{"@type":"Person","name":"Dirk Bachhausen","image":{"@type":"ImageObject","@id":"https:\/\/www.bachhausen.de\/wp-content\/uploads\/2019\/07\/dirk_profil-300x300.jpg","url":"https:\/\/www.bachhausen.de\/wp-content\/uploads\/2019\/07\/dirk_profil-300x300.jpg","width":600,"height":60}},"image":{"@type":"ImageObject","@id":"https:\/\/www.bachhausen.de\/wp-content\/uploads\/2019\/07\/dirk_profil-300x300.jpg","url":"https:\/\/www.bachhausen.de\/wp-content\/uploads\/2019\/07\/dirk_profil-300x300.jpg","width":100,"height":100},"wordCount":37,"keywords":null},{"@type":"NewsArticle","@id":"https:\/\/www.bachhausen.de\/tiroler-tageszeitung-feuer-gelegt-und-regenbogenflagge-zerstoert-gezielter-angriff-auf-hosi-tirol\/","headline":"(Tiroler Tageszeitung) Feuer gelegt und Regenbogenflagge zerst\u00f6rt: Gezielter Angriff auf HOSI Tirol","url":"https:\/\/www.bachhausen.de\/tiroler-tageszeitung-feuer-gelegt-und-regenbogenflagge-zerstoert-gezielter-angriff-auf-hosi-tirol\/","datePublished":"2026-04-23","dateModified":"2026-04-23","mainEntityOfPage":"https:\/\/www.bachhausen.de\/tiroler-tageszeitung-feuer-gelegt-und-regenbogenflagge-zerstoert-gezielter-angriff-auf-hosi-tirol\/","author":{"@type":"Person","@id":"##Person","name":"Redaktion","url":"#","identifier":19,"image":{"@type":"ImageObject","@id":"https:\/\/secure.gravatar.com\/avatar\/?s=96&d=monsterid&r=g","url":"https:\/\/secure.gravatar.com\/avatar\/?s=96&d=monsterid&r=g","height":96,"width":96}},"publisher":{"@type":"Person","name":"Dirk Bachhausen","image":{"@type":"ImageObject","@id":"https:\/\/www.bachhausen.de\/wp-content\/uploads\/2019\/07\/dirk_profil-300x300.jpg","url":"https:\/\/www.bachhausen.de\/wp-content\/uploads\/2019\/07\/dirk_profil-300x300.jpg","width":600,"height":60}},"image":{"@type":"ImageObject","@id":"https:\/\/www.bachhausen.de\/wp-content\/uploads\/2019\/07\/dirk_profil-300x300.jpg","url":"https:\/\/www.bachhausen.de\/wp-content\/uploads\/2019\/07\/dirk_profil-300x300.jpg","width":100,"height":100},"wordCount":39,"keywords":null}]},{"@context":"https:\/\/schema.org","@type":"WebSite","@id":"https:\/\/www.bachhausen.de\/#website","name":"Dirk Bachhausen","url":"https:\/\/www.bachhausen.de","potentialAction":{"@type":"SearchAction","target":"https:\/\/www.bachhausen.de\/?s={search_term_string}","query-input":"required name=search_term_string"}}]