[{"@context":"https:\/\/schema.org\/","@type":"Blog","@id":"https:\/\/www.bachhausen.de#Blog","headline":"Dirk Bachhausen","description":"Sagen, was ist. \u2013 Tun, was man sagt. \u2013 Und sein, was man tut.","url":"https:\/\/www.bachhausen.de","hasPart":[{"@type":"NewsArticle","@id":"https:\/\/www.bachhausen.de\/die-zeit-diversity-in-unternehmen-unsere-queere-vielfalt-wird-gebraucht\/","headline":"(Die Zeit) Diversity in Unternehmen: Unsere queere Vielfalt wird gebraucht","url":"https:\/\/www.bachhausen.de\/die-zeit-diversity-in-unternehmen-unsere-queere-vielfalt-wird-gebraucht\/","datePublished":"2026-04-20","dateModified":"2026-04-20","mainEntityOfPage":"https:\/\/www.bachhausen.de\/die-zeit-diversity-in-unternehmen-unsere-queere-vielfalt-wird-gebraucht\/","author":{"@type":"Person","@id":"##Person","name":"Redaktion","url":"#","identifier":19,"image":{"@type":"ImageObject","@id":"https:\/\/secure.gravatar.com\/avatar\/?s=96&d=monsterid&r=g","url":"https:\/\/secure.gravatar.com\/avatar\/?s=96&d=monsterid&r=g","height":96,"width":96}},"publisher":{"@type":"Person","name":"Dirk Bachhausen","image":{"@type":"ImageObject","@id":"https:\/\/www.bachhausen.de\/wp-content\/uploads\/2019\/07\/dirk_profil-300x300.jpg","url":"https:\/\/www.bachhausen.de\/wp-content\/uploads\/2019\/07\/dirk_profil-300x300.jpg","width":600,"height":60}},"image":{"@type":"ImageObject","@id":"https:\/\/www.bachhausen.de\/wp-content\/uploads\/2019\/07\/dirk_profil-300x300.jpg","url":"https:\/\/www.bachhausen.de\/wp-content\/uploads\/2019\/07\/dirk_profil-300x300.jpg","width":100,"height":100},"wordCount":37,"keywords":null},{"@type":"NewsArticle","@id":"https:\/\/www.bachhausen.de\/kulturfeder-de-mehr-als-ein-coming-out-rose-vandreys-weg-auf-die-musicalbuehne\/","headline":"(kulturfeder.de) Mehr als ein Coming-out: Rose Vandreys Weg auf die Musicalb\u00fchne","url":"https:\/\/www.bachhausen.de\/kulturfeder-de-mehr-als-ein-coming-out-rose-vandreys-weg-auf-die-musicalbuehne\/","datePublished":"2026-04-19","dateModified":"2026-04-19","mainEntityOfPage":"https:\/\/www.bachhausen.de\/kulturfeder-de-mehr-als-ein-coming-out-rose-vandreys-weg-auf-die-musicalbuehne\/","author":{"@type":"Person","@id":"##Person","name":"Redaktion","url":"#","identifier":19,"image":{"@type":"ImageObject","@id":"https:\/\/secure.gravatar.com\/avatar\/?s=96&d=monsterid&r=g","url":"https:\/\/secure.gravatar.com\/avatar\/?s=96&d=monsterid&r=g","height":96,"width":96}},"publisher":{"@type":"Person","name":"Dirk Bachhausen","image":{"@type":"ImageObject","@id":"https:\/\/www.bachhausen.de\/wp-content\/uploads\/2019\/07\/dirk_profil-300x300.jpg","url":"https:\/\/www.bachhausen.de\/wp-content\/uploads\/2019\/07\/dirk_profil-300x300.jpg","width":600,"height":60}},"image":{"@type":"ImageObject","@id":"https:\/\/www.bachhausen.de\/wp-content\/uploads\/2019\/07\/dirk_profil-300x300.jpg","url":"https:\/\/www.bachhausen.de\/wp-content\/uploads\/2019\/07\/dirk_profil-300x300.jpg","width":100,"height":100},"wordCount":92,"keywords":null},{"@type":"NewsArticle","@id":"https:\/\/www.bachhausen.de\/frankfurter-neue-presse-ex-kandidat-moechte-inka-bause-bei-bauer-sucht-frau-vertreten-rtl-moderatorin-reagiert-begeistert\/","headline":"(Frankfurter Neue Presse) Ex-Kandidat m\u00f6chte Inka Bause bei &#8220;Bauer sucht Frau&#8221; vertreten\u00a0&#8211; RTL-Moderatorin reagiert begeistert","url":"https:\/\/www.bachhausen.de\/frankfurter-neue-presse-ex-kandidat-moechte-inka-bause-bei-bauer-sucht-frau-vertreten-rtl-moderatorin-reagiert-begeistert\/","datePublished":"2026-04-19","dateModified":"2026-04-19","mainEntityOfPage":"https:\/\/www.bachhausen.de\/frankfurter-neue-presse-ex-kandidat-moechte-inka-bause-bei-bauer-sucht-frau-vertreten-rtl-moderatorin-reagiert-begeistert\/","author":{"@type":"Person","@id":"##Person","name":"Redaktion","url":"#","identifier":19,"image":{"@type":"ImageObject","@id":"https:\/\/secure.gravatar.com\/avatar\/?s=96&d=monsterid&r=g","url":"https:\/\/secure.gravatar.com\/avatar\/?s=96&d=monsterid&r=g","height":96,"width":96}},"publisher":{"@type":"Person","name":"Dirk Bachhausen","image":{"@type":"ImageObject","@id":"https:\/\/www.bachhausen.de\/wp-content\/uploads\/2019\/07\/dirk_profil-300x300.jpg","url":"https:\/\/www.bachhausen.de\/wp-content\/uploads\/2019\/07\/dirk_profil-300x300.jpg","width":600,"height":60}},"image":{"@type":"ImageObject","@id":"https:\/\/www.bachhausen.de\/wp-content\/uploads\/2019\/07\/dirk_profil-300x300.jpg","url":"https:\/\/www.bachhausen.de\/wp-content\/uploads\/2019\/07\/dirk_profil-300x300.jpg","width":100,"height":100},"wordCount":39,"keywords":null},{"@type":"NewsArticle","@id":"https:\/\/www.bachhausen.de\/5min-at-neue-affenpocken-variante-9-faelle-in-oesterreich-bestaetigt\/","headline":"(5min.at) Neue &#8220;Affenpocken&#8221;-Variante: 9 F\u00e4lle in \u00d6sterreich best\u00e4tigt","url":"https:\/\/www.bachhausen.de\/5min-at-neue-affenpocken-variante-9-faelle-in-oesterreich-bestaetigt\/","datePublished":"2026-04-19","dateModified":"2026-04-19","mainEntityOfPage":"https:\/\/www.bachhausen.de\/5min-at-neue-affenpocken-variante-9-faelle-in-oesterreich-bestaetigt\/","author":{"@type":"Person","@id":"##Person","name":"Redaktion","url":"#","identifier":19,"image":{"@type":"ImageObject","@id":"https:\/\/secure.gravatar.com\/avatar\/?s=96&d=monsterid&r=g","url":"https:\/\/secure.gravatar.com\/avatar\/?s=96&d=monsterid&r=g","height":96,"width":96}},"publisher":{"@type":"Person","name":"Dirk Bachhausen","image":{"@type":"ImageObject","@id":"https:\/\/www.bachhausen.de\/wp-content\/uploads\/2019\/07\/dirk_profil-300x300.jpg","url":"https:\/\/www.bachhausen.de\/wp-content\/uploads\/2019\/07\/dirk_profil-300x300.jpg","width":600,"height":60}},"image":{"@type":"ImageObject","@id":"https:\/\/www.bachhausen.de\/wp-content\/uploads\/2019\/07\/dirk_profil-300x300.jpg","url":"https:\/\/www.bachhausen.de\/wp-content\/uploads\/2019\/07\/dirk_profil-300x300.jpg","width":100,"height":100},"wordCount":44,"keywords":null},{"@type":"NewsArticle","@id":"https:\/\/www.bachhausen.de\/passauer-neue-presse-lgbtq-serie-queeres-leben-in-passau-rechtsanwalt-reidel-fordert-mehr-toleranz\/","headline":"(Passauer Neue Presse) LGBTQ-Serie &#8220;Queeres Leben in Passau&#8221;: Rechtsanwalt Reidel fordert mehr Toleranz","url":"https:\/\/www.bachhausen.de\/passauer-neue-presse-lgbtq-serie-queeres-leben-in-passau-rechtsanwalt-reidel-fordert-mehr-toleranz\/","datePublished":"2026-04-19","dateModified":"2026-04-19","mainEntityOfPage":"https:\/\/www.bachhausen.de\/passauer-neue-presse-lgbtq-serie-queeres-leben-in-passau-rechtsanwalt-reidel-fordert-mehr-toleranz\/","author":{"@type":"Person","@id":"##Person","name":"Redaktion","url":"#","identifier":19,"image":{"@type":"ImageObject","@id":"https:\/\/secure.gravatar.com\/avatar\/?s=96&d=monsterid&r=g","url":"https:\/\/secure.gravatar.com\/avatar\/?s=96&d=monsterid&r=g","height":96,"width":96}},"publisher":{"@type":"Person","name":"Dirk Bachhausen","image":{"@type":"ImageObject","@id":"https:\/\/www.bachhausen.de\/wp-content\/uploads\/2019\/07\/dirk_profil-300x300.jpg","url":"https:\/\/www.bachhausen.de\/wp-content\/uploads\/2019\/07\/dirk_profil-300x300.jpg","width":600,"height":60}},"image":{"@type":"ImageObject","@id":"https:\/\/www.bachhausen.de\/wp-content\/uploads\/2019\/07\/dirk_profil-300x300.jpg","url":"https:\/\/www.bachhausen.de\/wp-content\/uploads\/2019\/07\/dirk_profil-300x300.jpg","width":100,"height":100},"wordCount":72,"keywords":null},{"@type":"NewsArticle","@id":"https:\/\/www.bachhausen.de\/evangelisch-de-anglikaner-in-wales-beschliessen-homo-segnung\/","headline":"(evangelisch.de) Anglikaner in Wales beschlie\u00dfen Homo-Segnung","url":"https:\/\/www.bachhausen.de\/evangelisch-de-anglikaner-in-wales-beschliessen-homo-segnung\/","datePublished":"2026-04-19","dateModified":"2026-04-19","mainEntityOfPage":"https:\/\/www.bachhausen.de\/evangelisch-de-anglikaner-in-wales-beschliessen-homo-segnung\/","author":{"@type":"Person","@id":"##Person","name":"Redaktion","url":"#","identifier":19,"image":{"@type":"ImageObject","@id":"https:\/\/secure.gravatar.com\/avatar\/?s=96&d=monsterid&r=g","url":"https:\/\/secure.gravatar.com\/avatar\/?s=96&d=monsterid&r=g","height":96,"width":96}},"publisher":{"@type":"Person","name":"Dirk Bachhausen","image":{"@type":"ImageObject","@id":"https:\/\/www.bachhausen.de\/wp-content\/uploads\/2019\/07\/dirk_profil-300x300.jpg","url":"https:\/\/www.bachhausen.de\/wp-content\/uploads\/2019\/07\/dirk_profil-300x300.jpg","width":600,"height":60}},"image":{"@type":"ImageObject","@id":"https:\/\/www.bachhausen.de\/wp-content\/uploads\/2019\/07\/dirk_profil-300x300.jpg","url":"https:\/\/www.bachhausen.de\/wp-content\/uploads\/2019\/07\/dirk_profil-300x300.jpg","width":100,"height":100},"wordCount":44,"keywords":null},{"@type":"NewsArticle","@id":"https:\/\/www.bachhausen.de\/blick-eklat-nach-homophoben-drohungen-co-praesidentin-der-jungen-evp-wechselt-die-partei\/","headline":"(Blick) Eklat nach homophoben Drohungen: Co-Pr\u00e4sidentin der Jungen EVP wechselt die Partei","url":"https:\/\/www.bachhausen.de\/blick-eklat-nach-homophoben-drohungen-co-praesidentin-der-jungen-evp-wechselt-die-partei\/","datePublished":"2026-04-19","dateModified":"2026-04-19","mainEntityOfPage":"https:\/\/www.bachhausen.de\/blick-eklat-nach-homophoben-drohungen-co-praesidentin-der-jungen-evp-wechselt-die-partei\/","author":{"@type":"Person","@id":"##Person","name":"Redaktion","url":"#","identifier":19,"image":{"@type":"ImageObject","@id":"https:\/\/secure.gravatar.com\/avatar\/?s=96&d=monsterid&r=g","url":"https:\/\/secure.gravatar.com\/avatar\/?s=96&d=monsterid&r=g","height":96,"width":96}},"publisher":{"@type":"Person","name":"Dirk Bachhausen","image":{"@type":"ImageObject","@id":"https:\/\/www.bachhausen.de\/wp-content\/uploads\/2019\/07\/dirk_profil-300x300.jpg","url":"https:\/\/www.bachhausen.de\/wp-content\/uploads\/2019\/07\/dirk_profil-300x300.jpg","width":600,"height":60}},"image":{"@type":"ImageObject","@id":"https:\/\/www.bachhausen.de\/wp-content\/uploads\/2019\/07\/dirk_profil-300x300.jpg","url":"https:\/\/www.bachhausen.de\/wp-content\/uploads\/2019\/07\/dirk_profil-300x300.jpg","width":100,"height":100},"wordCount":40,"keywords":null},{"@type":"NewsArticle","@id":"https:\/\/www.bachhausen.de\/spiegel-eurovision-song-contest-in-wien-kann-der-esc-unpolitisch-sein\/","headline":"(Spiegel) Eurovision Song Contest in Wien: Kann der ESC unpolitisch sein?","url":"https:\/\/www.bachhausen.de\/spiegel-eurovision-song-contest-in-wien-kann-der-esc-unpolitisch-sein\/","datePublished":"2026-04-18","dateModified":"2026-04-18","mainEntityOfPage":"https:\/\/www.bachhausen.de\/spiegel-eurovision-song-contest-in-wien-kann-der-esc-unpolitisch-sein\/","author":{"@type":"Person","@id":"##Person","name":"Redaktion","url":"#","identifier":19,"image":{"@type":"ImageObject","@id":"https:\/\/secure.gravatar.com\/avatar\/?s=96&d=monsterid&r=g","url":"https:\/\/secure.gravatar.com\/avatar\/?s=96&d=monsterid&r=g","height":96,"width":96}},"publisher":{"@type":"Person","name":"Dirk Bachhausen","image":{"@type":"ImageObject","@id":"https:\/\/www.bachhausen.de\/wp-content\/uploads\/2019\/07\/dirk_profil-300x300.jpg","url":"https:\/\/www.bachhausen.de\/wp-content\/uploads\/2019\/07\/dirk_profil-300x300.jpg","width":600,"height":60}},"image":{"@type":"ImageObject","@id":"https:\/\/www.bachhausen.de\/wp-content\/uploads\/2019\/07\/dirk_profil-300x300.jpg","url":"https:\/\/www.bachhausen.de\/wp-content\/uploads\/2019\/07\/dirk_profil-300x300.jpg","width":100,"height":100},"wordCount":43,"keywords":null},{"@type":"NewsArticle","@id":"https:\/\/www.bachhausen.de\/taz-niederlage-fuer-viktor-orban-endlich-wieder-queere-hoffnung\/","headline":"(taz) Niederlage f\u00fcr Viktor Orb\u00e1n: Endlich wieder queere Hoffnung?","url":"https:\/\/www.bachhausen.de\/taz-niederlage-fuer-viktor-orban-endlich-wieder-queere-hoffnung\/","datePublished":"2026-04-18","dateModified":"2026-04-18","mainEntityOfPage":"https:\/\/www.bachhausen.de\/taz-niederlage-fuer-viktor-orban-endlich-wieder-queere-hoffnung\/","author":{"@type":"Person","@id":"##Person","name":"Redaktion","url":"#","identifier":19,"image":{"@type":"ImageObject","@id":"https:\/\/secure.gravatar.com\/avatar\/?s=96&d=monsterid&r=g","url":"https:\/\/secure.gravatar.com\/avatar\/?s=96&d=monsterid&r=g","height":96,"width":96}},"publisher":{"@type":"Person","name":"Dirk Bachhausen","image":{"@type":"ImageObject","@id":"https:\/\/www.bachhausen.de\/wp-content\/uploads\/2019\/07\/dirk_profil-300x300.jpg","url":"https:\/\/www.bachhausen.de\/wp-content\/uploads\/2019\/07\/dirk_profil-300x300.jpg","width":600,"height":60}},"image":{"@type":"ImageObject","@id":"https:\/\/www.bachhausen.de\/wp-content\/uploads\/2019\/07\/dirk_profil-300x300.jpg","url":"https:\/\/www.bachhausen.de\/wp-content\/uploads\/2019\/07\/dirk_profil-300x300.jpg","width":100,"height":100},"wordCount":36,"keywords":null},{"@type":"NewsArticle","@id":"https:\/\/www.bachhausen.de\/rbb24-erstes-queeres-team-frost-ibex-will-zeigen-was-eishockey-alles-sein-kann\/","headline":"(rbb24) Erstes queeres Team: &#8220;Frost Ibex&#8221; will zeigen, was Eishockey alles sein kann","url":"https:\/\/www.bachhausen.de\/rbb24-erstes-queeres-team-frost-ibex-will-zeigen-was-eishockey-alles-sein-kann\/","datePublished":"2026-04-18","dateModified":"2026-04-18","mainEntityOfPage":"https:\/\/www.bachhausen.de\/rbb24-erstes-queeres-team-frost-ibex-will-zeigen-was-eishockey-alles-sein-kann\/","author":{"@type":"Person","@id":"##Person","name":"Redaktion","url":"#","identifier":19,"image":{"@type":"ImageObject","@id":"https:\/\/secure.gravatar.com\/avatar\/?s=96&d=monsterid&r=g","url":"https:\/\/secure.gravatar.com\/avatar\/?s=96&d=monsterid&r=g","height":96,"width":96}},"publisher":{"@type":"Person","name":"Dirk Bachhausen","image":{"@type":"ImageObject","@id":"https:\/\/www.bachhausen.de\/wp-content\/uploads\/2019\/07\/dirk_profil-300x300.jpg","url":"https:\/\/www.bachhausen.de\/wp-content\/uploads\/2019\/07\/dirk_profil-300x300.jpg","width":600,"height":60}},"image":{"@type":"ImageObject","@id":"https:\/\/www.bachhausen.de\/wp-content\/uploads\/2019\/07\/dirk_profil-300x300.jpg","url":"https:\/\/www.bachhausen.de\/wp-content\/uploads\/2019\/07\/dirk_profil-300x300.jpg","width":100,"height":100},"wordCount":53,"keywords":null}]},{"@context":"https:\/\/schema.org","@type":"WebSite","@id":"https:\/\/www.bachhausen.de\/#website","name":"Dirk Bachhausen","url":"https:\/\/www.bachhausen.de","potentialAction":{"@type":"SearchAction","target":"https:\/\/www.bachhausen.de\/?s={search_term_string}","query-input":"required name=search_term_string"}}]