[{"@context":"https:\/\/schema.org\/","@type":"Blog","@id":"https:\/\/www.bachhausen.de#Blog","headline":"Dirk Bachhausen","description":"Sagen, was ist. \u2013 Tun, was man sagt. \u2013 Und sein, was man tut.","url":"https:\/\/www.bachhausen.de","hasPart":[{"@type":"NewsArticle","@id":"https:\/\/www.bachhausen.de\/rbb24-erstes-queeres-team-frost-ibex-will-zeigen-was-eishockey-alles-sein-kann\/","headline":"(rbb24) Erstes queeres Team: &#8220;Frost Ibex&#8221; will zeigen, was Eishockey alles sein kann","url":"https:\/\/www.bachhausen.de\/rbb24-erstes-queeres-team-frost-ibex-will-zeigen-was-eishockey-alles-sein-kann\/","datePublished":"2026-04-18","dateModified":"2026-04-18","mainEntityOfPage":"https:\/\/www.bachhausen.de\/rbb24-erstes-queeres-team-frost-ibex-will-zeigen-was-eishockey-alles-sein-kann\/","author":{"@type":"Person","@id":"##Person","name":"Redaktion","url":"#","identifier":19,"image":{"@type":"ImageObject","@id":"https:\/\/secure.gravatar.com\/avatar\/?s=96&d=monsterid&r=g","url":"https:\/\/secure.gravatar.com\/avatar\/?s=96&d=monsterid&r=g","height":96,"width":96}},"publisher":{"@type":"Person","name":"Dirk Bachhausen","image":{"@type":"ImageObject","@id":"https:\/\/www.bachhausen.de\/wp-content\/uploads\/2019\/07\/dirk_profil-300x300.jpg","url":"https:\/\/www.bachhausen.de\/wp-content\/uploads\/2019\/07\/dirk_profil-300x300.jpg","width":600,"height":60}},"image":{"@type":"ImageObject","@id":"https:\/\/www.bachhausen.de\/wp-content\/uploads\/2019\/07\/dirk_profil-300x300.jpg","url":"https:\/\/www.bachhausen.de\/wp-content\/uploads\/2019\/07\/dirk_profil-300x300.jpg","width":100,"height":100},"wordCount":53,"keywords":null},{"@type":"NewsArticle","@id":"https:\/\/www.bachhausen.de\/br-de-house-szene-wie-sich-dj-hovr-gegen-queerfeindlichkeit-wehrt\/","headline":"(BR.de) House-Szene: Wie sich DJ Hovr gegen Queerfeindlichkeit wehrt","url":"https:\/\/www.bachhausen.de\/br-de-house-szene-wie-sich-dj-hovr-gegen-queerfeindlichkeit-wehrt\/","datePublished":"2026-04-18","dateModified":"2026-04-18","mainEntityOfPage":"https:\/\/www.bachhausen.de\/br-de-house-szene-wie-sich-dj-hovr-gegen-queerfeindlichkeit-wehrt\/","author":{"@type":"Person","@id":"##Person","name":"Redaktion","url":"#","identifier":19,"image":{"@type":"ImageObject","@id":"https:\/\/secure.gravatar.com\/avatar\/?s=96&d=monsterid&r=g","url":"https:\/\/secure.gravatar.com\/avatar\/?s=96&d=monsterid&r=g","height":96,"width":96}},"publisher":{"@type":"Person","name":"Dirk Bachhausen","image":{"@type":"ImageObject","@id":"https:\/\/www.bachhausen.de\/wp-content\/uploads\/2019\/07\/dirk_profil-300x300.jpg","url":"https:\/\/www.bachhausen.de\/wp-content\/uploads\/2019\/07\/dirk_profil-300x300.jpg","width":600,"height":60}},"image":{"@type":"ImageObject","@id":"https:\/\/www.bachhausen.de\/wp-content\/uploads\/2019\/07\/dirk_profil-300x300.jpg","url":"https:\/\/www.bachhausen.de\/wp-content\/uploads\/2019\/07\/dirk_profil-300x300.jpg","width":100,"height":100},"wordCount":56,"keywords":null},{"@type":"NewsArticle","@id":"https:\/\/www.bachhausen.de\/lessentiel-manche-sehen-regenbogenfarben-und-fuehlen-sich-provoziert\/","headline":"(L&#8217;essentiel) &#8220;Manche sehen Regenbogenfarben und f\u00fchlen sich provoziert&#8221;","url":"https:\/\/www.bachhausen.de\/lessentiel-manche-sehen-regenbogenfarben-und-fuehlen-sich-provoziert\/","datePublished":"2026-04-18","dateModified":"2026-04-18","mainEntityOfPage":"https:\/\/www.bachhausen.de\/lessentiel-manche-sehen-regenbogenfarben-und-fuehlen-sich-provoziert\/","author":{"@type":"Person","@id":"##Person","name":"Redaktion","url":"#","identifier":19,"image":{"@type":"ImageObject","@id":"https:\/\/secure.gravatar.com\/avatar\/?s=96&d=monsterid&r=g","url":"https:\/\/secure.gravatar.com\/avatar\/?s=96&d=monsterid&r=g","height":96,"width":96}},"publisher":{"@type":"Person","name":"Dirk Bachhausen","image":{"@type":"ImageObject","@id":"https:\/\/www.bachhausen.de\/wp-content\/uploads\/2019\/07\/dirk_profil-300x300.jpg","url":"https:\/\/www.bachhausen.de\/wp-content\/uploads\/2019\/07\/dirk_profil-300x300.jpg","width":600,"height":60}},"image":{"@type":"ImageObject","@id":"https:\/\/www.bachhausen.de\/wp-content\/uploads\/2019\/07\/dirk_profil-300x300.jpg","url":"https:\/\/www.bachhausen.de\/wp-content\/uploads\/2019\/07\/dirk_profil-300x300.jpg","width":100,"height":100},"wordCount":33,"keywords":null},{"@type":"NewsArticle","@id":"https:\/\/www.bachhausen.de\/rheinische-post-denkanstoss-nicht-lifestyle-und-nicht-modische-entgleisung\/","headline":"(Rheinische Post) Denkansto\u00df: Nicht Lifestyle und nicht modische Entgleisung","url":"https:\/\/www.bachhausen.de\/rheinische-post-denkanstoss-nicht-lifestyle-und-nicht-modische-entgleisung\/","datePublished":"2026-04-18","dateModified":"2026-04-18","mainEntityOfPage":"https:\/\/www.bachhausen.de\/rheinische-post-denkanstoss-nicht-lifestyle-und-nicht-modische-entgleisung\/","author":{"@type":"Person","@id":"##Person","name":"Redaktion","url":"#","identifier":19,"image":{"@type":"ImageObject","@id":"https:\/\/secure.gravatar.com\/avatar\/?s=96&d=monsterid&r=g","url":"https:\/\/secure.gravatar.com\/avatar\/?s=96&d=monsterid&r=g","height":96,"width":96}},"publisher":{"@type":"Person","name":"Dirk Bachhausen","image":{"@type":"ImageObject","@id":"https:\/\/www.bachhausen.de\/wp-content\/uploads\/2019\/07\/dirk_profil-300x300.jpg","url":"https:\/\/www.bachhausen.de\/wp-content\/uploads\/2019\/07\/dirk_profil-300x300.jpg","width":600,"height":60}},"image":{"@type":"ImageObject","@id":"https:\/\/www.bachhausen.de\/wp-content\/uploads\/2019\/07\/dirk_profil-300x300.jpg","url":"https:\/\/www.bachhausen.de\/wp-content\/uploads\/2019\/07\/dirk_profil-300x300.jpg","width":100,"height":100},"wordCount":35,"keywords":null},{"@type":"NewsArticle","@id":"https:\/\/www.bachhausen.de\/juwissblog-zwischen-sparpolitik-und-rechtsstaat-die-zukunft-der-behoerdenunabhaengigen-asylverfahrensberatung\/","headline":"(JuWissBlog) Zwischen Sparpolitik und Rechtsstaat: Die Zukunft der beh\u00f6rdenunabh\u00e4ngigen Asylverfahrensberatung","url":"https:\/\/www.bachhausen.de\/juwissblog-zwischen-sparpolitik-und-rechtsstaat-die-zukunft-der-behoerdenunabhaengigen-asylverfahrensberatung\/","datePublished":"2026-04-18","dateModified":"2026-04-18","mainEntityOfPage":"https:\/\/www.bachhausen.de\/juwissblog-zwischen-sparpolitik-und-rechtsstaat-die-zukunft-der-behoerdenunabhaengigen-asylverfahrensberatung\/","author":{"@type":"Person","@id":"##Person","name":"Redaktion","url":"#","identifier":19,"image":{"@type":"ImageObject","@id":"https:\/\/secure.gravatar.com\/avatar\/?s=96&d=monsterid&r=g","url":"https:\/\/secure.gravatar.com\/avatar\/?s=96&d=monsterid&r=g","height":96,"width":96}},"publisher":{"@type":"Person","name":"Dirk Bachhausen","image":{"@type":"ImageObject","@id":"https:\/\/www.bachhausen.de\/wp-content\/uploads\/2019\/07\/dirk_profil-300x300.jpg","url":"https:\/\/www.bachhausen.de\/wp-content\/uploads\/2019\/07\/dirk_profil-300x300.jpg","width":600,"height":60}},"image":{"@type":"ImageObject","@id":"https:\/\/www.bachhausen.de\/wp-content\/uploads\/2019\/07\/dirk_profil-300x300.jpg","url":"https:\/\/www.bachhausen.de\/wp-content\/uploads\/2019\/07\/dirk_profil-300x300.jpg","width":100,"height":100},"wordCount":106,"keywords":null},{"@type":"NewsArticle","@id":"https:\/\/www.bachhausen.de\/autonome-waffen-made-in-germany\/","headline":"Autonome Waffen made in Germany","url":"https:\/\/www.bachhausen.de\/autonome-waffen-made-in-germany\/","datePublished":"2026-04-17","dateModified":"2026-04-17","mainEntityOfPage":"https:\/\/www.bachhausen.de\/autonome-waffen-made-in-germany\/","author":{"@type":"Person","@id":"##Person","name":"Correctiv.org","url":"#","identifier":15,"description":"<div class=\"elementor-element elementor-element-3e1bf03c elementor-widget elementor-widget-heading\" data-id=\"3e1bf03c\">\r\n<div class=\"elementor-widget-container\">\r\n<h1 class=\"elementor-heading-title elementor-size-default\">Recherchen f\u00fcr die Gesellschaft und mit der Gesellschaft<\/h1>\r\n<\/div>\r\n<\/div>\r\n<section class=\"elementor-element elementor-element-5be37e09 elementor-section-content-middle elementor-section-boxed elementor-section-height-default elementor-section-height-default elementor-section elementor-inner-section\" data-id=\"5be37e09\">\r\n<div class=\"elementor-container elementor-column-gap-no\">\r\n<div class=\"elementor-row\">\r\n<div class=\"elementor-element elementor-element-63cc7109 elementor-column elementor-col-50 elementor-inner-column\" data-id=\"63cc7109\">\r\n<div class=\"elementor-column-wrap elementor-element-populated\">\r\n<div class=\"elementor-widget-wrap\">\r\n<div class=\"elementor-element elementor-element-7d9688e9 elementor-widget elementor-widget-text-editor\" data-id=\"7d9688e9\">\r\n<div class=\"elementor-widget-container\">\r\n<div class=\"elementor-text-editor elementor-clearfix\">\r\n\r\n<strong>Investigativ. Unabh\u00e4ngig. Gemeinn\u00fctzig.<\/strong>\r\nCORRECTIV\u00a0ist das erste gemeinn\u00fctzige Recherchezentrum im deutschsprachigen Raum. Wir recherchieren langfristig zu Missst\u00e4nden in der Gesellschaft, f\u00f6rdern Medienkompetenz und f\u00fchren Bildungsprogramme durch.\r\n\r\n<a href=\"https:\/\/correctiv.org\/\">https:\/\/correctiv.org\/<\/a>\r\n\r\n<\/div>\r\n<\/div>\r\n<\/div>\r\n<\/div>\r\n<\/div>\r\n<\/div>\r\n<\/div>\r\n<\/div>\r\n<\/section>","image":{"@type":"ImageObject","@id":"https:\/\/secure.gravatar.com\/avatar\/51a6c0962ec4a7a9fff8508f3b6a21069f40fbb9a1ee7294cca7a040ced87b6c?s=96&d=monsterid&r=g","url":"https:\/\/secure.gravatar.com\/avatar\/51a6c0962ec4a7a9fff8508f3b6a21069f40fbb9a1ee7294cca7a040ced87b6c?s=96&d=monsterid&r=g","height":96,"width":96}},"publisher":{"@type":"Person","name":"Dirk Bachhausen","image":{"@type":"ImageObject","@id":"https:\/\/www.bachhausen.de\/wp-content\/uploads\/2019\/07\/dirk_profil-300x300.jpg","url":"https:\/\/www.bachhausen.de\/wp-content\/uploads\/2019\/07\/dirk_profil-300x300.jpg","width":600,"height":60}},"image":{"@type":"ImageObject","@id":"https:\/\/correctiv.org\/wp-content\/uploads\/2026\/04\/562771292-scaled.jpg","url":"https:\/\/correctiv.org\/wp-content\/uploads\/2026\/04\/562771292-scaled.jpg","height":"","width":""},"wordCount":1785,"keywords":null},{"@type":"NewsArticle","@id":"https:\/\/www.bachhausen.de\/cartoon-arena-die-debatte-zu-sexualisierter-digitaler-gewalt-gegen-frauen\/","headline":"Cartoon-Arena: Die Debatte zu sexualisierter digitaler Gewalt gegen Frauen","url":"https:\/\/www.bachhausen.de\/cartoon-arena-die-debatte-zu-sexualisierter-digitaler-gewalt-gegen-frauen\/","datePublished":"2026-04-17","dateModified":"2026-04-17","mainEntityOfPage":"https:\/\/www.bachhausen.de\/cartoon-arena-die-debatte-zu-sexualisierter-digitaler-gewalt-gegen-frauen\/","author":{"@type":"Person","@id":"##Person","name":"Correctiv.org","url":"#","identifier":15,"description":"<div class=\"elementor-element elementor-element-3e1bf03c elementor-widget elementor-widget-heading\" data-id=\"3e1bf03c\">\r\n<div class=\"elementor-widget-container\">\r\n<h1 class=\"elementor-heading-title elementor-size-default\">Recherchen f\u00fcr die Gesellschaft und mit der Gesellschaft<\/h1>\r\n<\/div>\r\n<\/div>\r\n<section class=\"elementor-element elementor-element-5be37e09 elementor-section-content-middle elementor-section-boxed elementor-section-height-default elementor-section-height-default elementor-section elementor-inner-section\" data-id=\"5be37e09\">\r\n<div class=\"elementor-container elementor-column-gap-no\">\r\n<div class=\"elementor-row\">\r\n<div class=\"elementor-element elementor-element-63cc7109 elementor-column elementor-col-50 elementor-inner-column\" data-id=\"63cc7109\">\r\n<div class=\"elementor-column-wrap elementor-element-populated\">\r\n<div class=\"elementor-widget-wrap\">\r\n<div class=\"elementor-element elementor-element-7d9688e9 elementor-widget elementor-widget-text-editor\" data-id=\"7d9688e9\">\r\n<div class=\"elementor-widget-container\">\r\n<div class=\"elementor-text-editor elementor-clearfix\">\r\n\r\n<strong>Investigativ. Unabh\u00e4ngig. Gemeinn\u00fctzig.<\/strong>\r\nCORRECTIV\u00a0ist das erste gemeinn\u00fctzige Recherchezentrum im deutschsprachigen Raum. Wir recherchieren langfristig zu Missst\u00e4nden in der Gesellschaft, f\u00f6rdern Medienkompetenz und f\u00fchren Bildungsprogramme durch.\r\n\r\n<a href=\"https:\/\/correctiv.org\/\">https:\/\/correctiv.org\/<\/a>\r\n\r\n<\/div>\r\n<\/div>\r\n<\/div>\r\n<\/div>\r\n<\/div>\r\n<\/div>\r\n<\/div>\r\n<\/div>\r\n<\/section>","image":{"@type":"ImageObject","@id":"https:\/\/secure.gravatar.com\/avatar\/51a6c0962ec4a7a9fff8508f3b6a21069f40fbb9a1ee7294cca7a040ced87b6c?s=96&d=monsterid&r=g","url":"https:\/\/secure.gravatar.com\/avatar\/51a6c0962ec4a7a9fff8508f3b6a21069f40fbb9a1ee7294cca7a040ced87b6c?s=96&d=monsterid&r=g","height":96,"width":96}},"publisher":{"@type":"Person","name":"Dirk Bachhausen","image":{"@type":"ImageObject","@id":"https:\/\/www.bachhausen.de\/wp-content\/uploads\/2019\/07\/dirk_profil-300x300.jpg","url":"https:\/\/www.bachhausen.de\/wp-content\/uploads\/2019\/07\/dirk_profil-300x300.jpg","width":600,"height":60}},"image":{"@type":"ImageObject","@id":"https:\/\/www.bachhausen.de\/wp-content\/uploads\/2019\/07\/dirk_profil-300x300.jpg","url":"https:\/\/www.bachhausen.de\/wp-content\/uploads\/2019\/07\/dirk_profil-300x300.jpg","width":100,"height":100},"wordCount":72,"keywords":null},{"@type":"NewsArticle","@id":"https:\/\/www.bachhausen.de\/dritter-fall-in-fuenf-tagen-erneut-zigarettenautomat-in-koeln-chorweiler-gesprengt\/","headline":"Dritter Fall in f\u00fcnf Tagen: Erneut Zigarettenautomat in K\u00f6ln-Chorweiler gesprengt","url":"https:\/\/www.bachhausen.de\/dritter-fall-in-fuenf-tagen-erneut-zigarettenautomat-in-koeln-chorweiler-gesprengt\/","datePublished":"2026-04-17","dateModified":"2026-04-17","mainEntityOfPage":"https:\/\/www.bachhausen.de\/dritter-fall-in-fuenf-tagen-erneut-zigarettenautomat-in-koeln-chorweiler-gesprengt\/","author":{"@type":"Person","@id":"##Person","name":"K\u00f6lner Stadtanzeiger","url":"#","identifier":3,"description":"Der K\u00f6lner Stadtanzeiger","image":{"@type":"ImageObject","@id":"https:\/\/secure.gravatar.com\/avatar\/a3f43e8250594c4ed8be9e86201eefa6cc06ef89c032788db696432ac7e77173?s=96&d=monsterid&r=g","url":"https:\/\/secure.gravatar.com\/avatar\/a3f43e8250594c4ed8be9e86201eefa6cc06ef89c032788db696432ac7e77173?s=96&d=monsterid&r=g","height":96,"width":96}},"publisher":{"@type":"Person","name":"Dirk Bachhausen","image":{"@type":"ImageObject","@id":"https:\/\/www.bachhausen.de\/wp-content\/uploads\/2019\/07\/dirk_profil-300x300.jpg","url":"https:\/\/www.bachhausen.de\/wp-content\/uploads\/2019\/07\/dirk_profil-300x300.jpg","width":600,"height":60}},"image":{"@type":"ImageObject","@id":"https:\/\/www.bachhausen.de\/wp-content\/uploads\/2019\/07\/dirk_profil-300x300.jpg","url":"https:\/\/www.bachhausen.de\/wp-content\/uploads\/2019\/07\/dirk_profil-300x300.jpg","width":100,"height":100},"wordCount":34,"keywords":null},{"@type":"NewsArticle","@id":"https:\/\/www.bachhausen.de\/wir-rechnen-uns-zu-reich\/","headline":"Wir rechnen uns zu reich","url":"https:\/\/www.bachhausen.de\/wir-rechnen-uns-zu-reich\/","datePublished":"2026-04-17","dateModified":"2026-04-17","mainEntityOfPage":"https:\/\/www.bachhausen.de\/wir-rechnen-uns-zu-reich\/","author":{"@type":"Person","@id":"##Person","name":"Makronom","url":"#","identifier":23,"image":{"@type":"ImageObject","@id":"https:\/\/secure.gravatar.com\/avatar\/aaf847ecf5c9a8f06736bfe382b9f0fadaf8c7f0a04e75fee72b1c14c6fe9656?s=96&d=monsterid&r=g","url":"https:\/\/secure.gravatar.com\/avatar\/aaf847ecf5c9a8f06736bfe382b9f0fadaf8c7f0a04e75fee72b1c14c6fe9656?s=96&d=monsterid&r=g","height":96,"width":96}},"publisher":{"@type":"Person","name":"Dirk Bachhausen","image":{"@type":"ImageObject","@id":"https:\/\/www.bachhausen.de\/wp-content\/uploads\/2019\/07\/dirk_profil-300x300.jpg","url":"https:\/\/www.bachhausen.de\/wp-content\/uploads\/2019\/07\/dirk_profil-300x300.jpg","width":600,"height":60}},"image":{"@type":"ImageObject","@id":"https:\/\/www.bachhausen.de\/wp-content\/uploads\/2019\/07\/dirk_profil-300x300.jpg","url":"https:\/\/www.bachhausen.de\/wp-content\/uploads\/2019\/07\/dirk_profil-300x300.jpg","width":100,"height":100},"wordCount":50,"keywords":null},{"@type":"NewsArticle","@id":"https:\/\/www.bachhausen.de\/t-online-bekannter-maenner-treffpunkt-schockiert-koelnerin-frau-berichtet-von-unschoener-szene\/","headline":"(t-online) Bekannter M\u00e4nner-Treffpunkt schockiert K\u00f6lnerin: Frau berichtet von unsch\u00f6ner Szene","url":"https:\/\/www.bachhausen.de\/t-online-bekannter-maenner-treffpunkt-schockiert-koelnerin-frau-berichtet-von-unschoener-szene\/","datePublished":"2026-04-17","dateModified":"2026-04-17","mainEntityOfPage":"https:\/\/www.bachhausen.de\/t-online-bekannter-maenner-treffpunkt-schockiert-koelnerin-frau-berichtet-von-unschoener-szene\/","author":{"@type":"Person","@id":"##Person","name":"Redaktion","url":"#","identifier":19,"image":{"@type":"ImageObject","@id":"https:\/\/secure.gravatar.com\/avatar\/?s=96&d=monsterid&r=g","url":"https:\/\/secure.gravatar.com\/avatar\/?s=96&d=monsterid&r=g","height":96,"width":96}},"publisher":{"@type":"Person","name":"Dirk Bachhausen","image":{"@type":"ImageObject","@id":"https:\/\/www.bachhausen.de\/wp-content\/uploads\/2019\/07\/dirk_profil-300x300.jpg","url":"https:\/\/www.bachhausen.de\/wp-content\/uploads\/2019\/07\/dirk_profil-300x300.jpg","width":600,"height":60}},"image":{"@type":"ImageObject","@id":"https:\/\/www.bachhausen.de\/wp-content\/uploads\/2019\/07\/dirk_profil-300x300.jpg","url":"https:\/\/www.bachhausen.de\/wp-content\/uploads\/2019\/07\/dirk_profil-300x300.jpg","width":100,"height":100},"wordCount":42,"keywords":null}]},{"@context":"https:\/\/schema.org","@type":"WebSite","@id":"https:\/\/www.bachhausen.de\/#website","name":"Dirk Bachhausen","url":"https:\/\/www.bachhausen.de","potentialAction":{"@type":"SearchAction","target":"https:\/\/www.bachhausen.de\/?s={search_term_string}","query-input":"required name=search_term_string"}}]