[{"@context":"https:\/\/schema.org\/","@type":"Blog","@id":"https:\/\/www.bachhausen.de#Blog","headline":"Dirk Bachhausen","description":"Sagen, was ist. \u2013 Tun, was man sagt. \u2013 Und sein, was man tut.","url":"https:\/\/www.bachhausen.de","hasPart":[{"@type":"NewsArticle","@id":"https:\/\/www.bachhausen.de\/kulturelles-zusammenkommen-kuenstlergruppe-chorweilerart-laedt-zum-16-kunstmarkt-ein\/","headline":"Kulturelles Zusammenkommen: K\u00fcnstlergruppe \u201eChorweilerArt\u201c l\u00e4dt zum 16. Kunstmarkt ein","url":"https:\/\/www.bachhausen.de\/kulturelles-zusammenkommen-kuenstlergruppe-chorweilerart-laedt-zum-16-kunstmarkt-ein\/","datePublished":"2024-12-07","dateModified":"2024-12-07","mainEntityOfPage":"https:\/\/www.bachhausen.de\/kulturelles-zusammenkommen-kuenstlergruppe-chorweilerart-laedt-zum-16-kunstmarkt-ein\/","author":{"@type":"Person","@id":"##Person","name":"K\u00f6lner Stadtanzeiger","url":"#","identifier":3,"description":"Der K\u00f6lner Stadtanzeiger","image":{"@type":"ImageObject","@id":"https:\/\/secure.gravatar.com\/avatar\/a3f43e8250594c4ed8be9e86201eefa6cc06ef89c032788db696432ac7e77173?s=96&d=monsterid&r=g","url":"https:\/\/secure.gravatar.com\/avatar\/a3f43e8250594c4ed8be9e86201eefa6cc06ef89c032788db696432ac7e77173?s=96&d=monsterid&r=g","height":96,"width":96}},"publisher":{"@type":"Person","name":"Dirk Bachhausen","image":{"@type":"ImageObject","@id":"https:\/\/www.bachhausen.de\/wp-content\/uploads\/2019\/07\/dirk_profil-300x300.jpg","url":"https:\/\/www.bachhausen.de\/wp-content\/uploads\/2019\/07\/dirk_profil-300x300.jpg","width":600,"height":60}},"image":{"@type":"ImageObject","@id":"https:\/\/www.bachhausen.de\/wp-content\/uploads\/2023\/09\/Zeitungsleser.webp","url":"https:\/\/www.bachhausen.de\/wp-content\/uploads\/2023\/09\/Zeitungsleser.webp","height":534,"width":800},"wordCount":514,"keywords":["chorweilerart","kulturelles","kunstlergruppe","kunstmarkt","zusammenkommen"]},{"@type":"NewsArticle","@id":"https:\/\/www.bachhausen.de\/kommentar-zur-ost-west-achse-ein-blick-auf-den-scheinriese\/","headline":"Kommentar zur Ost-West-Achse: ein Blick auf den \u201eScheinriese\u201c","url":"https:\/\/www.bachhausen.de\/kommentar-zur-ost-west-achse-ein-blick-auf-den-scheinriese\/","datePublished":"2024-12-07","dateModified":"2024-12-07","mainEntityOfPage":"https:\/\/www.bachhausen.de\/kommentar-zur-ost-west-achse-ein-blick-auf-den-scheinriese\/","author":{"@type":"Person","@id":"##Person","name":"Report K","url":"#","identifier":20,"image":{"@type":"ImageObject","@id":"https:\/\/secure.gravatar.com\/avatar\/36af2c4c1f6de1245282e2f6d3e4483d8c1fb911663df347a69e69f7ff897aac?s=96&d=monsterid&r=g","url":"https:\/\/secure.gravatar.com\/avatar\/36af2c4c1f6de1245282e2f6d3e4483d8c1fb911663df347a69e69f7ff897aac?s=96&d=monsterid&r=g","height":96,"width":96}},"publisher":{"@type":"Person","name":"Dirk Bachhausen","image":{"@type":"ImageObject","@id":"https:\/\/www.bachhausen.de\/wp-content\/uploads\/2019\/07\/dirk_profil-300x300.jpg","url":"https:\/\/www.bachhausen.de\/wp-content\/uploads\/2019\/07\/dirk_profil-300x300.jpg","width":600,"height":60}},"image":{"@type":"ImageObject","@id":"https:\/\/www.bachhausen.de\/wp-content\/uploads\/2024\/12\/ost_west_kommentar_7122024.png","url":"https:\/\/www.bachhausen.de\/wp-content\/uploads\/2024\/12\/ost_west_kommentar_7122024.png","height":0,"width":0},"wordCount":1660,"keywords":["achse","blick","kommentar","scheinriese"]},{"@type":"NewsArticle","@id":"https:\/\/www.bachhausen.de\/aus-dem-landtag-die-digitale-kompetenz-von-senorinnen-und-senioren-staerken\/","headline":"Aus dem Landtag: Die digitale Kompetenz von Senorinnen und Senioren st\u00e4rken","url":"https:\/\/www.bachhausen.de\/aus-dem-landtag-die-digitale-kompetenz-von-senorinnen-und-senioren-staerken\/","datePublished":"2024-12-07","dateModified":"2024-12-07","mainEntityOfPage":"https:\/\/www.bachhausen.de\/aus-dem-landtag-die-digitale-kompetenz-von-senorinnen-und-senioren-staerken\/","author":{"@type":"Person","@id":"##Person","name":"SPD K\u00f6ln","url":"#","identifier":4,"image":{"@type":"ImageObject","@id":"https:\/\/secure.gravatar.com\/avatar\/9e275a42f0e2d615e7358ea63859947f3ea63517a2bcb7a2b26010d9ca858396?s=96&d=monsterid&r=g","url":"https:\/\/secure.gravatar.com\/avatar\/9e275a42f0e2d615e7358ea63859947f3ea63517a2bcb7a2b26010d9ca858396?s=96&d=monsterid&r=g","height":96,"width":96}},"publisher":{"@type":"Person","name":"Dirk Bachhausen","image":{"@type":"ImageObject","@id":"https:\/\/www.bachhausen.de\/wp-content\/uploads\/2019\/07\/dirk_profil-300x300.jpg","url":"https:\/\/www.bachhausen.de\/wp-content\/uploads\/2019\/07\/dirk_profil-300x300.jpg","width":600,"height":60}},"image":{"@type":"ImageObject","@id":"https:\/\/i3.wp.com\/www.spdkoelnnord.de\/wp-content\/uploads\/2024\/03\/spd-verschw.png?w=920&resize=920,425&ssl=1","url":"https:\/\/i3.wp.com\/www.spdkoelnnord.de\/wp-content\/uploads\/2024\/03\/spd-verschw.png?w=920&resize=920,425&ssl=1","height":"","width":""},"wordCount":581,"keywords":["digitale","kompetenz","landtag","senioren","senorinnen","starken"]},{"@type":"NewsArticle","@id":"https:\/\/www.bachhausen.de\/dreierbuendnis-aus-cdu-spd-und-fdp-zur-ost-west-achse\/","headline":"Dreierb\u00fcndnis aus CDU, SPD und FDP zur Ost-West-Achse","url":"https:\/\/www.bachhausen.de\/dreierbuendnis-aus-cdu-spd-und-fdp-zur-ost-west-achse\/","datePublished":"2024-12-07","dateModified":"2024-12-07","mainEntityOfPage":"https:\/\/www.bachhausen.de\/dreierbuendnis-aus-cdu-spd-und-fdp-zur-ost-west-achse\/","author":{"@type":"Person","@id":"##Person","name":"Report K","url":"#","identifier":20,"image":{"@type":"ImageObject","@id":"https:\/\/secure.gravatar.com\/avatar\/36af2c4c1f6de1245282e2f6d3e4483d8c1fb911663df347a69e69f7ff897aac?s=96&d=monsterid&r=g","url":"https:\/\/secure.gravatar.com\/avatar\/36af2c4c1f6de1245282e2f6d3e4483d8c1fb911663df347a69e69f7ff897aac?s=96&d=monsterid&r=g","height":96,"width":96}},"publisher":{"@type":"Person","name":"Dirk Bachhausen","image":{"@type":"ImageObject","@id":"https:\/\/www.bachhausen.de\/wp-content\/uploads\/2019\/07\/dirk_profil-300x300.jpg","url":"https:\/\/www.bachhausen.de\/wp-content\/uploads\/2019\/07\/dirk_profil-300x300.jpg","width":600,"height":60}},"image":{"@type":"ImageObject","@id":"https:\/\/www.bachhausen.de\/wp-content\/uploads\/2024\/12\/kvb511A6816.jpg","url":"https:\/\/www.bachhausen.de\/wp-content\/uploads\/2024\/12\/kvb511A6816.jpg","height":768,"width":1024},"wordCount":523,"keywords":["achse","dreierbundnis"]},{"@type":"NewsArticle","@id":"https:\/\/www.bachhausen.de\/gewalt-gegen-frauen-stoppen\/","headline":"Gewalt gegen Frauen stoppen","url":"https:\/\/www.bachhausen.de\/gewalt-gegen-frauen-stoppen\/","datePublished":"2024-12-06","dateModified":"2024-12-06","mainEntityOfPage":"https:\/\/www.bachhausen.de\/gewalt-gegen-frauen-stoppen\/","author":{"@type":"Person","@id":"##Person","name":"SPD K\u00f6ln","url":"#","identifier":4,"image":{"@type":"ImageObject","@id":"https:\/\/secure.gravatar.com\/avatar\/9e275a42f0e2d615e7358ea63859947f3ea63517a2bcb7a2b26010d9ca858396?s=96&d=monsterid&r=g","url":"https:\/\/secure.gravatar.com\/avatar\/9e275a42f0e2d615e7358ea63859947f3ea63517a2bcb7a2b26010d9ca858396?s=96&d=monsterid&r=g","height":96,"width":96}},"publisher":{"@type":"Person","name":"Dirk Bachhausen","image":{"@type":"ImageObject","@id":"https:\/\/www.bachhausen.de\/wp-content\/uploads\/2019\/07\/dirk_profil-300x300.jpg","url":"https:\/\/www.bachhausen.de\/wp-content\/uploads\/2019\/07\/dirk_profil-300x300.jpg","width":600,"height":60}},"image":{"@type":"ImageObject","@id":"https:\/\/i3.wp.com\/www.spdkoelnnord.de\/wp-content\/uploads\/2024\/03\/spd-verschw.png?w=1200&resize=1200,0&ssl=1","url":"https:\/\/i3.wp.com\/www.spdkoelnnord.de\/wp-content\/uploads\/2024\/03\/spd-verschw.png?w=1200&resize=1200,0&ssl=1","height":"","width":""},"wordCount":508,"keywords":["frauen","gegen","gewalt","stoppen"]},{"@type":"NewsArticle","@id":"https:\/\/www.bachhausen.de\/wird-crime-cologne-opfer-der-sparmassnahmen-des-koelner-stadthaushaltes\/","headline":"Wird Crime Cologne Opfer der Sparma\u00dfnahmen des K\u00f6lner Stadthaushaltes?","url":"https:\/\/www.bachhausen.de\/wird-crime-cologne-opfer-der-sparmassnahmen-des-koelner-stadthaushaltes\/","datePublished":"2024-12-06","dateModified":"2024-12-06","mainEntityOfPage":"https:\/\/www.bachhausen.de\/wird-crime-cologne-opfer-der-sparmassnahmen-des-koelner-stadthaushaltes\/","author":{"@type":"Person","@id":"##Person","name":"Report K","url":"#","identifier":20,"image":{"@type":"ImageObject","@id":"https:\/\/secure.gravatar.com\/avatar\/36af2c4c1f6de1245282e2f6d3e4483d8c1fb911663df347a69e69f7ff897aac?s=96&d=monsterid&r=g","url":"https:\/\/secure.gravatar.com\/avatar\/36af2c4c1f6de1245282e2f6d3e4483d8c1fb911663df347a69e69f7ff897aac?s=96&d=monsterid&r=g","height":96,"width":96}},"publisher":{"@type":"Person","name":"Dirk Bachhausen","image":{"@type":"ImageObject","@id":"https:\/\/www.bachhausen.de\/wp-content\/uploads\/2019\/07\/dirk_profil-300x300.jpg","url":"https:\/\/www.bachhausen.de\/wp-content\/uploads\/2019\/07\/dirk_profil-300x300.jpg","width":600,"height":60}},"image":{"@type":"ImageObject","@id":"https:\/\/www.bachhausen.de\/wp-content\/uploads\/2024\/12\/crimecologne_06122024repk.png","url":"https:\/\/www.bachhausen.de\/wp-content\/uploads\/2024\/12\/crimecologne_06122024repk.png","height":768,"width":1024},"wordCount":353,"keywords":["cologne","crime","kolner","nahmen","opfer","sparma","stadthaushaltes"]},{"@type":"NewsArticle","@id":"https:\/\/www.bachhausen.de\/stadt-koeln-schliesst-weihnachtsmaerkte-voruebergehend\/","headline":"Stadt K\u00f6ln schlie\u00dft Weihnachtsm\u00e4rkte vor\u00fcbergehend","url":"https:\/\/www.bachhausen.de\/stadt-koeln-schliesst-weihnachtsmaerkte-voruebergehend\/","datePublished":"2024-12-06","dateModified":"2024-12-06","mainEntityOfPage":"https:\/\/www.bachhausen.de\/stadt-koeln-schliesst-weihnachtsmaerkte-voruebergehend\/","author":{"@type":"Person","@id":"##Person","name":"Report K","url":"#","identifier":20,"image":{"@type":"ImageObject","@id":"https:\/\/secure.gravatar.com\/avatar\/36af2c4c1f6de1245282e2f6d3e4483d8c1fb911663df347a69e69f7ff897aac?s=96&d=monsterid&r=g","url":"https:\/\/secure.gravatar.com\/avatar\/36af2c4c1f6de1245282e2f6d3e4483d8c1fb911663df347a69e69f7ff897aac?s=96&d=monsterid&r=g","height":96,"width":96}},"publisher":{"@type":"Person","name":"Dirk Bachhausen","image":{"@type":"ImageObject","@id":"https:\/\/www.bachhausen.de\/wp-content\/uploads\/2019\/07\/dirk_profil-300x300.jpg","url":"https:\/\/www.bachhausen.de\/wp-content\/uploads\/2019\/07\/dirk_profil-300x300.jpg","width":600,"height":60}},"image":{"@type":"ImageObject","@id":"https:\/\/www.bachhausen.de\/wp-content\/uploads\/2024\/12\/511A5416_dom_weihnachtsmarkt_30112023-1068x759.jpg","url":"https:\/\/www.bachhausen.de\/wp-content\/uploads\/2024\/12\/511A5416_dom_weihnachtsmarkt_30112023-1068x759.jpg","height":759,"width":1068},"wordCount":262,"keywords":["schlie","stadt","vorubergehend","weihnachtsmarkte"]},{"@type":"NewsArticle","@id":"https:\/\/www.bachhausen.de\/sozialabbau-in-nrw-rechentricks-statt-gerechtigkeit\/","headline":"Sozialabbau in NRW \u2013 Rechentricks statt Gerechtigkeit","url":"https:\/\/www.bachhausen.de\/sozialabbau-in-nrw-rechentricks-statt-gerechtigkeit\/","datePublished":"2024-12-06","dateModified":"2024-12-06","mainEntityOfPage":"https:\/\/www.bachhausen.de\/sozialabbau-in-nrw-rechentricks-statt-gerechtigkeit\/","author":{"@type":"Person","@id":"##Person","name":"SPD K\u00f6ln","url":"#","identifier":4,"image":{"@type":"ImageObject","@id":"https:\/\/secure.gravatar.com\/avatar\/9e275a42f0e2d615e7358ea63859947f3ea63517a2bcb7a2b26010d9ca858396?s=96&d=monsterid&r=g","url":"https:\/\/secure.gravatar.com\/avatar\/9e275a42f0e2d615e7358ea63859947f3ea63517a2bcb7a2b26010d9ca858396?s=96&d=monsterid&r=g","height":96,"width":96}},"publisher":{"@type":"Person","name":"Dirk Bachhausen","image":{"@type":"ImageObject","@id":"https:\/\/www.bachhausen.de\/wp-content\/uploads\/2019\/07\/dirk_profil-300x300.jpg","url":"https:\/\/www.bachhausen.de\/wp-content\/uploads\/2019\/07\/dirk_profil-300x300.jpg","width":600,"height":60}},"image":{"@type":"ImageObject","@id":"https:\/\/i1.wp.com\/www.carolin-kirsch.de\/wp-content\/uploads\/sites\/1473\/2024\/12\/cashbox-1642989-1280-1-300x300.jpg?w=1200&resize=1200,0&ssl=1","url":"https:\/\/i1.wp.com\/www.carolin-kirsch.de\/wp-content\/uploads\/sites\/1473\/2024\/12\/cashbox-1642989-1280-1-300x300.jpg?w=1200&resize=1200,0&ssl=1","height":"","width":""},"wordCount":668,"keywords":["gerechtigkeit","rechentricks","sozialabbau","statt"]},{"@type":"NewsArticle","@id":"https:\/\/www.bachhausen.de\/rueckwaertsfahrt-ohne-rueckspiegel-schwarz-gruen-kuerzt-bei-den-schwaechsten\/","headline":"R\u00fcckw\u00e4rtsfahrt ohne R\u00fcckspiegel: Schwarz-Gr\u00fcn k\u00fcrzt bei den Schw\u00e4chsten!","url":"https:\/\/www.bachhausen.de\/rueckwaertsfahrt-ohne-rueckspiegel-schwarz-gruen-kuerzt-bei-den-schwaechsten\/","datePublished":"2024-12-06","dateModified":"2024-12-06","mainEntityOfPage":"https:\/\/www.bachhausen.de\/rueckwaertsfahrt-ohne-rueckspiegel-schwarz-gruen-kuerzt-bei-den-schwaechsten\/","author":{"@type":"Person","@id":"##Person","name":"SPD K\u00f6ln","url":"#","identifier":4,"image":{"@type":"ImageObject","@id":"https:\/\/secure.gravatar.com\/avatar\/9e275a42f0e2d615e7358ea63859947f3ea63517a2bcb7a2b26010d9ca858396?s=96&d=monsterid&r=g","url":"https:\/\/secure.gravatar.com\/avatar\/9e275a42f0e2d615e7358ea63859947f3ea63517a2bcb7a2b26010d9ca858396?s=96&d=monsterid&r=g","height":96,"width":96}},"publisher":{"@type":"Person","name":"Dirk Bachhausen","image":{"@type":"ImageObject","@id":"https:\/\/www.bachhausen.de\/wp-content\/uploads\/2019\/07\/dirk_profil-300x300.jpg","url":"https:\/\/www.bachhausen.de\/wp-content\/uploads\/2019\/07\/dirk_profil-300x300.jpg","width":600,"height":60}},"image":{"@type":"ImageObject","@id":"https:\/\/i3.wp.com\/www.spdkoelnnord.de\/wp-content\/uploads\/2024\/03\/spd-verschw.png?w=1200&resize=1200,0&ssl=1","url":"https:\/\/i3.wp.com\/www.spdkoelnnord.de\/wp-content\/uploads\/2024\/03\/spd-verschw.png?w=1200&resize=1200,0&ssl=1","height":"","width":""},"wordCount":499,"keywords":["kurzt","ruckspiegel","ruckwartsfahrt","schwachsten","schwarz"]},{"@type":"NewsArticle","@id":"https:\/\/www.bachhausen.de\/ost-west-achse-showdown-im-koelner-rat-kuendigt-sich-an-wird-die-afd-der-cdu-spd-und-fdp-die-mehrheit-beschaffen\/","headline":"Ost-West-Achse: Showdown im K\u00f6lner Rat k\u00fcndigt sich an \u2013 wird die AfD der CDU, SPD und FDP die Mehrheit beschaffen?","url":"https:\/\/www.bachhausen.de\/ost-west-achse-showdown-im-koelner-rat-kuendigt-sich-an-wird-die-afd-der-cdu-spd-und-fdp-die-mehrheit-beschaffen\/","datePublished":"2024-12-05","dateModified":"2024-12-05","mainEntityOfPage":"https:\/\/www.bachhausen.de\/ost-west-achse-showdown-im-koelner-rat-kuendigt-sich-an-wird-die-afd-der-cdu-spd-und-fdp-die-mehrheit-beschaffen\/","author":{"@type":"Person","@id":"##Person","name":"Report K","url":"#","identifier":20,"image":{"@type":"ImageObject","@id":"https:\/\/secure.gravatar.com\/avatar\/36af2c4c1f6de1245282e2f6d3e4483d8c1fb911663df347a69e69f7ff897aac?s=96&d=monsterid&r=g","url":"https:\/\/secure.gravatar.com\/avatar\/36af2c4c1f6de1245282e2f6d3e4483d8c1fb911663df347a69e69f7ff897aac?s=96&d=monsterid&r=g","height":96,"width":96}},"publisher":{"@type":"Person","name":"Dirk Bachhausen","image":{"@type":"ImageObject","@id":"https:\/\/www.bachhausen.de\/wp-content\/uploads\/2019\/07\/dirk_profil-300x300.jpg","url":"https:\/\/www.bachhausen.de\/wp-content\/uploads\/2019\/07\/dirk_profil-300x300.jpg","width":600,"height":60}},"image":{"@type":"ImageObject","@id":"https:\/\/www.bachhausen.de\/wp-content\/uploads\/2024\/02\/kvb511A6816.jpg","url":"https:\/\/www.bachhausen.de\/wp-content\/uploads\/2024\/02\/kvb511A6816.jpg","height":0,"width":0},"wordCount":630,"keywords":["achse","beschaffen","kolner","kundigt","mehrheit","showdown"]}]},{"@context":"https:\/\/schema.org","@type":"WebSite","@id":"https:\/\/www.bachhausen.de\/#website","name":"Dirk Bachhausen","url":"https:\/\/www.bachhausen.de","potentialAction":{"@type":"SearchAction","target":"https:\/\/www.bachhausen.de\/?s={search_term_string}","query-input":"required name=search_term_string"}}]