[{"@context":"https:\/\/schema.org\/","@type":"Blog","@id":"https:\/\/www.bachhausen.de#Blog","headline":"Dirk Bachhausen","description":"Sagen, was ist. \u2013 Tun, was man sagt. \u2013 Und sein, was man tut.","url":"https:\/\/www.bachhausen.de","hasPart":[{"@type":"NewsArticle","@id":"https:\/\/www.bachhausen.de\/tee-tut-weh-koelner-feuerwehr-und-kinderklinik-warnen-vor-gefahren-durch-heisse-fluessigkeiten\/","headline":"\u201eTee tut weh\u201c: K\u00f6lner Feuerwehr und Kinderklinik warnen vor Gefahren durch hei\u00dfe Fl\u00fcssigkeiten","url":"https:\/\/www.bachhausen.de\/tee-tut-weh-koelner-feuerwehr-und-kinderklinik-warnen-vor-gefahren-durch-heisse-fluessigkeiten\/","datePublished":"2024-12-05","dateModified":"2024-12-05","mainEntityOfPage":"https:\/\/www.bachhausen.de\/tee-tut-weh-koelner-feuerwehr-und-kinderklinik-warnen-vor-gefahren-durch-heisse-fluessigkeiten\/","author":{"@type":"Person","@id":"##Person","name":"K\u00f6lner Stadtanzeiger","url":"#","identifier":3,"description":"Der K\u00f6lner Stadtanzeiger","image":{"@type":"ImageObject","@id":"https:\/\/secure.gravatar.com\/avatar\/a3f43e8250594c4ed8be9e86201eefa6cc06ef89c032788db696432ac7e77173?s=96&d=monsterid&r=g","url":"https:\/\/secure.gravatar.com\/avatar\/a3f43e8250594c4ed8be9e86201eefa6cc06ef89c032788db696432ac7e77173?s=96&d=monsterid&r=g","height":96,"width":96}},"publisher":{"@type":"Person","name":"Dirk Bachhausen","image":{"@type":"ImageObject","@id":"https:\/\/www.bachhausen.de\/wp-content\/uploads\/2019\/07\/dirk_profil-300x300.jpg","url":"https:\/\/www.bachhausen.de\/wp-content\/uploads\/2019\/07\/dirk_profil-300x300.jpg","width":600,"height":60}},"image":{"@type":"ImageObject","@id":"https:\/\/static.ksta.de\/__images\/2024\/12\/05\/58fb3c5c-950f-43e2-8c72-4399b00ff828.jpeg?q=75&q=70&rect=0,281,4000,2250&w=2000&h=1330&fm=jpeg&s=c7524db256ac57443596fb7c876d6c59","url":"https:\/\/static.ksta.de\/__images\/2024\/12\/05\/58fb3c5c-950f-43e2-8c72-4399b00ff828.jpeg?q=75&q=70&rect=0,281,4000,2250&w=2000&h=1330&fm=jpeg&s=c7524db256ac57443596fb7c876d6c59","height":"","width":""},"wordCount":668,"keywords":["durch","feuerwehr","flussigkeiten","gefahren","kinderklinik","kolner","warnen"]},{"@type":"NewsArticle","@id":"https:\/\/www.bachhausen.de\/dieses-fahrrad-gewinnspiel-ist-nicht-von-zweirad-hackmann-sondern-fake\/","headline":"Dieses Fahrrad-Gewinnspiel ist nicht von Zweirad Hackmann, sondern fake","url":"https:\/\/www.bachhausen.de\/dieses-fahrrad-gewinnspiel-ist-nicht-von-zweirad-hackmann-sondern-fake\/","datePublished":"2024-12-05","dateModified":"2024-12-05","mainEntityOfPage":"https:\/\/www.bachhausen.de\/dieses-fahrrad-gewinnspiel-ist-nicht-von-zweirad-hackmann-sondern-fake\/","author":{"@type":"Person","@id":"##Person","name":"Correctiv.org","url":"#","identifier":15,"description":"<div class=\"elementor-element elementor-element-3e1bf03c elementor-widget elementor-widget-heading\" data-id=\"3e1bf03c\">\r\n<div class=\"elementor-widget-container\">\r\n<h1 class=\"elementor-heading-title elementor-size-default\">Recherchen f\u00fcr die Gesellschaft und mit der Gesellschaft<\/h1>\r\n<\/div>\r\n<\/div>\r\n<section class=\"elementor-element elementor-element-5be37e09 elementor-section-content-middle elementor-section-boxed elementor-section-height-default elementor-section-height-default elementor-section elementor-inner-section\" data-id=\"5be37e09\">\r\n<div class=\"elementor-container elementor-column-gap-no\">\r\n<div class=\"elementor-row\">\r\n<div class=\"elementor-element elementor-element-63cc7109 elementor-column elementor-col-50 elementor-inner-column\" data-id=\"63cc7109\">\r\n<div class=\"elementor-column-wrap elementor-element-populated\">\r\n<div class=\"elementor-widget-wrap\">\r\n<div class=\"elementor-element elementor-element-7d9688e9 elementor-widget elementor-widget-text-editor\" data-id=\"7d9688e9\">\r\n<div class=\"elementor-widget-container\">\r\n<div class=\"elementor-text-editor elementor-clearfix\">\r\n\r\n<strong>Investigativ. Unabh\u00e4ngig. Gemeinn\u00fctzig.<\/strong>\r\nCORRECTIV\u00a0ist das erste gemeinn\u00fctzige Recherchezentrum im deutschsprachigen Raum. Wir recherchieren langfristig zu Missst\u00e4nden in der Gesellschaft, f\u00f6rdern Medienkompetenz und f\u00fchren Bildungsprogramme durch.\r\n\r\n<a href=\"https:\/\/correctiv.org\/\">https:\/\/correctiv.org\/<\/a>\r\n\r\n<\/div>\r\n<\/div>\r\n<\/div>\r\n<\/div>\r\n<\/div>\r\n<\/div>\r\n<\/div>\r\n<\/div>\r\n<\/section>","image":{"@type":"ImageObject","@id":"https:\/\/secure.gravatar.com\/avatar\/51a6c0962ec4a7a9fff8508f3b6a21069f40fbb9a1ee7294cca7a040ced87b6c?s=96&d=monsterid&r=g","url":"https:\/\/secure.gravatar.com\/avatar\/51a6c0962ec4a7a9fff8508f3b6a21069f40fbb9a1ee7294cca7a040ced87b6c?s=96&d=monsterid&r=g","height":96,"width":96}},"publisher":{"@type":"Person","name":"Dirk Bachhausen","image":{"@type":"ImageObject","@id":"https:\/\/www.bachhausen.de\/wp-content\/uploads\/2019\/07\/dirk_profil-300x300.jpg","url":"https:\/\/www.bachhausen.de\/wp-content\/uploads\/2019\/07\/dirk_profil-300x300.jpg","width":600,"height":60}},"image":{"@type":"ImageObject","@id":"https:\/\/correctiv.org\/wp-content\/themes\/correctiv-theme\/img\/rating\/false.svg","url":"https:\/\/correctiv.org\/wp-content\/themes\/correctiv-theme\/img\/rating\/false.svg","height":"","width":""},"wordCount":1045,"keywords":["dieses","fahrrad","gewinnspiel","hackmann","nicht","sondern","zweirad"]},{"@type":"NewsArticle","@id":"https:\/\/www.bachhausen.de\/nrw-gegen-gewalt-an-frauen-und-maedchen\/","headline":"NRW gegen Gewalt an Frauen und M\u00e4dchen","url":"https:\/\/www.bachhausen.de\/nrw-gegen-gewalt-an-frauen-und-maedchen\/","datePublished":"2024-12-05","dateModified":"2024-12-05","mainEntityOfPage":"https:\/\/www.bachhausen.de\/nrw-gegen-gewalt-an-frauen-und-maedchen\/","author":{"@type":"Person","@id":"##Person","name":"SPD K\u00f6ln","url":"#","identifier":4,"image":{"@type":"ImageObject","@id":"https:\/\/secure.gravatar.com\/avatar\/9e275a42f0e2d615e7358ea63859947f3ea63517a2bcb7a2b26010d9ca858396?s=96&d=monsterid&r=g","url":"https:\/\/secure.gravatar.com\/avatar\/9e275a42f0e2d615e7358ea63859947f3ea63517a2bcb7a2b26010d9ca858396?s=96&d=monsterid&r=g","height":96,"width":96}},"publisher":{"@type":"Person","name":"Dirk Bachhausen","image":{"@type":"ImageObject","@id":"https:\/\/www.bachhausen.de\/wp-content\/uploads\/2019\/07\/dirk_profil-300x300.jpg","url":"https:\/\/www.bachhausen.de\/wp-content\/uploads\/2019\/07\/dirk_profil-300x300.jpg","width":600,"height":60}},"image":{"@type":"ImageObject","@id":"https:\/\/i3.wp.com\/www.spdkoelnnord.de\/wp-content\/uploads\/2024\/03\/spd-verschw.png?w=920&resize=920,425&ssl=1","url":"https:\/\/i3.wp.com\/www.spdkoelnnord.de\/wp-content\/uploads\/2024\/03\/spd-verschw.png?w=920&resize=920,425&ssl=1","height":"","width":""},"wordCount":615,"keywords":["frauen","gegen","gewalt","madchen"]},{"@type":"NewsArticle","@id":"https:\/\/www.bachhausen.de\/wehrpflicht-2025-angebliche-bundeswehr-webseite-ist-eine-faelschung\/","headline":"Wehrpflicht 2025? Angebliche Bundeswehr-Webseite ist eine F\u00e4lschung","url":"https:\/\/www.bachhausen.de\/wehrpflicht-2025-angebliche-bundeswehr-webseite-ist-eine-faelschung\/","datePublished":"2024-12-05","dateModified":"2024-12-05","mainEntityOfPage":"https:\/\/www.bachhausen.de\/wehrpflicht-2025-angebliche-bundeswehr-webseite-ist-eine-faelschung\/","author":{"@type":"Person","@id":"##Person","name":"Correctiv.org","url":"#","identifier":15,"description":"<div class=\"elementor-element elementor-element-3e1bf03c elementor-widget elementor-widget-heading\" data-id=\"3e1bf03c\">\r\n<div class=\"elementor-widget-container\">\r\n<h1 class=\"elementor-heading-title elementor-size-default\">Recherchen f\u00fcr die Gesellschaft und mit der Gesellschaft<\/h1>\r\n<\/div>\r\n<\/div>\r\n<section class=\"elementor-element elementor-element-5be37e09 elementor-section-content-middle elementor-section-boxed elementor-section-height-default elementor-section-height-default elementor-section elementor-inner-section\" data-id=\"5be37e09\">\r\n<div class=\"elementor-container elementor-column-gap-no\">\r\n<div class=\"elementor-row\">\r\n<div class=\"elementor-element elementor-element-63cc7109 elementor-column elementor-col-50 elementor-inner-column\" data-id=\"63cc7109\">\r\n<div class=\"elementor-column-wrap elementor-element-populated\">\r\n<div class=\"elementor-widget-wrap\">\r\n<div class=\"elementor-element elementor-element-7d9688e9 elementor-widget elementor-widget-text-editor\" data-id=\"7d9688e9\">\r\n<div class=\"elementor-widget-container\">\r\n<div class=\"elementor-text-editor elementor-clearfix\">\r\n\r\n<strong>Investigativ. Unabh\u00e4ngig. Gemeinn\u00fctzig.<\/strong>\r\nCORRECTIV\u00a0ist das erste gemeinn\u00fctzige Recherchezentrum im deutschsprachigen Raum. Wir recherchieren langfristig zu Missst\u00e4nden in der Gesellschaft, f\u00f6rdern Medienkompetenz und f\u00fchren Bildungsprogramme durch.\r\n\r\n<a href=\"https:\/\/correctiv.org\/\">https:\/\/correctiv.org\/<\/a>\r\n\r\n<\/div>\r\n<\/div>\r\n<\/div>\r\n<\/div>\r\n<\/div>\r\n<\/div>\r\n<\/div>\r\n<\/div>\r\n<\/section>","image":{"@type":"ImageObject","@id":"https:\/\/secure.gravatar.com\/avatar\/51a6c0962ec4a7a9fff8508f3b6a21069f40fbb9a1ee7294cca7a040ced87b6c?s=96&d=monsterid&r=g","url":"https:\/\/secure.gravatar.com\/avatar\/51a6c0962ec4a7a9fff8508f3b6a21069f40fbb9a1ee7294cca7a040ced87b6c?s=96&d=monsterid&r=g","height":96,"width":96}},"publisher":{"@type":"Person","name":"Dirk Bachhausen","image":{"@type":"ImageObject","@id":"https:\/\/www.bachhausen.de\/wp-content\/uploads\/2019\/07\/dirk_profil-300x300.jpg","url":"https:\/\/www.bachhausen.de\/wp-content\/uploads\/2019\/07\/dirk_profil-300x300.jpg","width":600,"height":60}},"image":{"@type":"ImageObject","@id":"https:\/\/www.bachhausen.de\/wp-content\/uploads\/2024\/12\/bundeswehr-wehrpflicht-2025-faktencheck.png","url":"https:\/\/www.bachhausen.de\/wp-content\/uploads\/2024\/12\/bundeswehr-wehrpflicht-2025-faktencheck.png","height":740,"width":896},"wordCount":1201,"keywords":["angebliche","bundeswehr","falschung","webseite","wehrpflicht"]},{"@type":"NewsArticle","@id":"https:\/\/www.bachhausen.de\/buergergeld-angebliche-pauschale-fuer-haustiere-ab-januar-2025-frei-erfunden\/","headline":"B\u00fcrgergeld: Angebliche Pauschale f\u00fcr Haustiere ab Januar 2025 frei erfunden","url":"https:\/\/www.bachhausen.de\/buergergeld-angebliche-pauschale-fuer-haustiere-ab-januar-2025-frei-erfunden\/","datePublished":"2024-12-05","dateModified":"2024-12-05","mainEntityOfPage":"https:\/\/www.bachhausen.de\/buergergeld-angebliche-pauschale-fuer-haustiere-ab-januar-2025-frei-erfunden\/","author":{"@type":"Person","@id":"##Person","name":"Correctiv.org","url":"#","identifier":15,"description":"<div class=\"elementor-element elementor-element-3e1bf03c elementor-widget elementor-widget-heading\" data-id=\"3e1bf03c\">\r\n<div class=\"elementor-widget-container\">\r\n<h1 class=\"elementor-heading-title elementor-size-default\">Recherchen f\u00fcr die Gesellschaft und mit der Gesellschaft<\/h1>\r\n<\/div>\r\n<\/div>\r\n<section class=\"elementor-element elementor-element-5be37e09 elementor-section-content-middle elementor-section-boxed elementor-section-height-default elementor-section-height-default elementor-section elementor-inner-section\" data-id=\"5be37e09\">\r\n<div class=\"elementor-container elementor-column-gap-no\">\r\n<div class=\"elementor-row\">\r\n<div class=\"elementor-element elementor-element-63cc7109 elementor-column elementor-col-50 elementor-inner-column\" data-id=\"63cc7109\">\r\n<div class=\"elementor-column-wrap elementor-element-populated\">\r\n<div class=\"elementor-widget-wrap\">\r\n<div class=\"elementor-element elementor-element-7d9688e9 elementor-widget elementor-widget-text-editor\" data-id=\"7d9688e9\">\r\n<div class=\"elementor-widget-container\">\r\n<div class=\"elementor-text-editor elementor-clearfix\">\r\n\r\n<strong>Investigativ. Unabh\u00e4ngig. Gemeinn\u00fctzig.<\/strong>\r\nCORRECTIV\u00a0ist das erste gemeinn\u00fctzige Recherchezentrum im deutschsprachigen Raum. Wir recherchieren langfristig zu Missst\u00e4nden in der Gesellschaft, f\u00f6rdern Medienkompetenz und f\u00fchren Bildungsprogramme durch.\r\n\r\n<a href=\"https:\/\/correctiv.org\/\">https:\/\/correctiv.org\/<\/a>\r\n\r\n<\/div>\r\n<\/div>\r\n<\/div>\r\n<\/div>\r\n<\/div>\r\n<\/div>\r\n<\/div>\r\n<\/div>\r\n<\/section>","image":{"@type":"ImageObject","@id":"https:\/\/secure.gravatar.com\/avatar\/51a6c0962ec4a7a9fff8508f3b6a21069f40fbb9a1ee7294cca7a040ced87b6c?s=96&d=monsterid&r=g","url":"https:\/\/secure.gravatar.com\/avatar\/51a6c0962ec4a7a9fff8508f3b6a21069f40fbb9a1ee7294cca7a040ced87b6c?s=96&d=monsterid&r=g","height":96,"width":96}},"publisher":{"@type":"Person","name":"Dirk Bachhausen","image":{"@type":"ImageObject","@id":"https:\/\/www.bachhausen.de\/wp-content\/uploads\/2019\/07\/dirk_profil-300x300.jpg","url":"https:\/\/www.bachhausen.de\/wp-content\/uploads\/2019\/07\/dirk_profil-300x300.jpg","width":600,"height":60}},"image":{"@type":"ImageObject","@id":"https:\/\/correctiv.org\/wp-content\/themes\/correctiv-theme\/img\/rating\/false.svg","url":"https:\/\/correctiv.org\/wp-content\/themes\/correctiv-theme\/img\/rating\/false.svg","height":"","width":""},"wordCount":995,"keywords":["angebliche","burgergeld","erfunden","haustiere","januar","pauschale"]},{"@type":"NewsArticle","@id":"https:\/\/www.bachhausen.de\/fruehkindliche-bildung-droht-zum-opfer-der-kitastrophe-zu-werden\/","headline":"Fr\u00fchkindliche Bildung droht zum Opfer der Kitastrophe zu werden","url":"https:\/\/www.bachhausen.de\/fruehkindliche-bildung-droht-zum-opfer-der-kitastrophe-zu-werden\/","datePublished":"2024-12-05","dateModified":"2024-12-05","mainEntityOfPage":"https:\/\/www.bachhausen.de\/fruehkindliche-bildung-droht-zum-opfer-der-kitastrophe-zu-werden\/","author":{"@type":"Person","@id":"##Person","name":"SPD K\u00f6ln","url":"#","identifier":4,"image":{"@type":"ImageObject","@id":"https:\/\/secure.gravatar.com\/avatar\/9e275a42f0e2d615e7358ea63859947f3ea63517a2bcb7a2b26010d9ca858396?s=96&d=monsterid&r=g","url":"https:\/\/secure.gravatar.com\/avatar\/9e275a42f0e2d615e7358ea63859947f3ea63517a2bcb7a2b26010d9ca858396?s=96&d=monsterid&r=g","height":96,"width":96}},"publisher":{"@type":"Person","name":"Dirk Bachhausen","image":{"@type":"ImageObject","@id":"https:\/\/www.bachhausen.de\/wp-content\/uploads\/2019\/07\/dirk_profil-300x300.jpg","url":"https:\/\/www.bachhausen.de\/wp-content\/uploads\/2019\/07\/dirk_profil-300x300.jpg","width":600,"height":60}},"image":{"@type":"ImageObject","@id":"https:\/\/www.bachhausen.de\/wp-content\/uploads\/2023\/09\/Zeitungsleser.webp","url":"https:\/\/www.bachhausen.de\/wp-content\/uploads\/2023\/09\/Zeitungsleser.webp","height":534,"width":800},"wordCount":386,"keywords":["bildung","droht","fruhkindliche","kitastrophe","opfer","werden"]},{"@type":"NewsArticle","@id":"https:\/\/www.bachhausen.de\/ultraschall-video-einer-abtreibung-ist-nicht-echt-sondern-aus-einem-film\/","headline":"Ultraschall-Video einer Abtreibung ist nicht echt, sondern aus einem Film","url":"https:\/\/www.bachhausen.de\/ultraschall-video-einer-abtreibung-ist-nicht-echt-sondern-aus-einem-film\/","datePublished":"2024-12-04","dateModified":"2024-12-04","mainEntityOfPage":"https:\/\/www.bachhausen.de\/ultraschall-video-einer-abtreibung-ist-nicht-echt-sondern-aus-einem-film\/","author":{"@type":"Person","@id":"##Person","name":"Correctiv.org","url":"#","identifier":15,"description":"<div class=\"elementor-element elementor-element-3e1bf03c elementor-widget elementor-widget-heading\" data-id=\"3e1bf03c\">\r\n<div class=\"elementor-widget-container\">\r\n<h1 class=\"elementor-heading-title elementor-size-default\">Recherchen f\u00fcr die Gesellschaft und mit der Gesellschaft<\/h1>\r\n<\/div>\r\n<\/div>\r\n<section class=\"elementor-element elementor-element-5be37e09 elementor-section-content-middle elementor-section-boxed elementor-section-height-default elementor-section-height-default elementor-section elementor-inner-section\" data-id=\"5be37e09\">\r\n<div class=\"elementor-container elementor-column-gap-no\">\r\n<div class=\"elementor-row\">\r\n<div class=\"elementor-element elementor-element-63cc7109 elementor-column elementor-col-50 elementor-inner-column\" data-id=\"63cc7109\">\r\n<div class=\"elementor-column-wrap elementor-element-populated\">\r\n<div class=\"elementor-widget-wrap\">\r\n<div class=\"elementor-element elementor-element-7d9688e9 elementor-widget elementor-widget-text-editor\" data-id=\"7d9688e9\">\r\n<div class=\"elementor-widget-container\">\r\n<div class=\"elementor-text-editor elementor-clearfix\">\r\n\r\n<strong>Investigativ. Unabh\u00e4ngig. Gemeinn\u00fctzig.<\/strong>\r\nCORRECTIV\u00a0ist das erste gemeinn\u00fctzige Recherchezentrum im deutschsprachigen Raum. Wir recherchieren langfristig zu Missst\u00e4nden in der Gesellschaft, f\u00f6rdern Medienkompetenz und f\u00fchren Bildungsprogramme durch.\r\n\r\n<a href=\"https:\/\/correctiv.org\/\">https:\/\/correctiv.org\/<\/a>\r\n\r\n<\/div>\r\n<\/div>\r\n<\/div>\r\n<\/div>\r\n<\/div>\r\n<\/div>\r\n<\/div>\r\n<\/div>\r\n<\/section>","image":{"@type":"ImageObject","@id":"https:\/\/secure.gravatar.com\/avatar\/51a6c0962ec4a7a9fff8508f3b6a21069f40fbb9a1ee7294cca7a040ced87b6c?s=96&d=monsterid&r=g","url":"https:\/\/secure.gravatar.com\/avatar\/51a6c0962ec4a7a9fff8508f3b6a21069f40fbb9a1ee7294cca7a040ced87b6c?s=96&d=monsterid&r=g","height":96,"width":96}},"publisher":{"@type":"Person","name":"Dirk Bachhausen","image":{"@type":"ImageObject","@id":"https:\/\/www.bachhausen.de\/wp-content\/uploads\/2019\/07\/dirk_profil-300x300.jpg","url":"https:\/\/www.bachhausen.de\/wp-content\/uploads\/2019\/07\/dirk_profil-300x300.jpg","width":600,"height":60}},"image":{"@type":"ImageObject","@id":"https:\/\/correctiv.org\/wp-content\/themes\/correctiv-theme\/img\/rating\/false.svg","url":"https:\/\/correctiv.org\/wp-content\/themes\/correctiv-theme\/img\/rating\/false.svg","height":"","width":""},"wordCount":1816,"keywords":["abtreibung","einem","einer","nicht","sondern","ultraschall","video"]},{"@type":"NewsArticle","@id":"https:\/\/www.bachhausen.de\/video-ueber-blackrock-zeigt-nicht-friedrich-merz-sohn\/","headline":"Video \u00fcber \u201eBlackrock\u201c zeigt nicht Friedrich Merz\u2019 Sohn","url":"https:\/\/www.bachhausen.de\/video-ueber-blackrock-zeigt-nicht-friedrich-merz-sohn\/","datePublished":"2024-12-04","dateModified":"2024-12-04","mainEntityOfPage":"https:\/\/www.bachhausen.de\/video-ueber-blackrock-zeigt-nicht-friedrich-merz-sohn\/","author":{"@type":"Person","@id":"##Person","name":"Correctiv.org","url":"#","identifier":15,"description":"<div class=\"elementor-element elementor-element-3e1bf03c elementor-widget elementor-widget-heading\" data-id=\"3e1bf03c\">\r\n<div class=\"elementor-widget-container\">\r\n<h1 class=\"elementor-heading-title elementor-size-default\">Recherchen f\u00fcr die Gesellschaft und mit der Gesellschaft<\/h1>\r\n<\/div>\r\n<\/div>\r\n<section class=\"elementor-element elementor-element-5be37e09 elementor-section-content-middle elementor-section-boxed elementor-section-height-default elementor-section-height-default elementor-section elementor-inner-section\" data-id=\"5be37e09\">\r\n<div class=\"elementor-container elementor-column-gap-no\">\r\n<div class=\"elementor-row\">\r\n<div class=\"elementor-element elementor-element-63cc7109 elementor-column elementor-col-50 elementor-inner-column\" data-id=\"63cc7109\">\r\n<div class=\"elementor-column-wrap elementor-element-populated\">\r\n<div class=\"elementor-widget-wrap\">\r\n<div class=\"elementor-element elementor-element-7d9688e9 elementor-widget elementor-widget-text-editor\" data-id=\"7d9688e9\">\r\n<div class=\"elementor-widget-container\">\r\n<div class=\"elementor-text-editor elementor-clearfix\">\r\n\r\n<strong>Investigativ. Unabh\u00e4ngig. Gemeinn\u00fctzig.<\/strong>\r\nCORRECTIV\u00a0ist das erste gemeinn\u00fctzige Recherchezentrum im deutschsprachigen Raum. Wir recherchieren langfristig zu Missst\u00e4nden in der Gesellschaft, f\u00f6rdern Medienkompetenz und f\u00fchren Bildungsprogramme durch.\r\n\r\n<a href=\"https:\/\/correctiv.org\/\">https:\/\/correctiv.org\/<\/a>\r\n\r\n<\/div>\r\n<\/div>\r\n<\/div>\r\n<\/div>\r\n<\/div>\r\n<\/div>\r\n<\/div>\r\n<\/div>\r\n<\/section>","image":{"@type":"ImageObject","@id":"https:\/\/secure.gravatar.com\/avatar\/51a6c0962ec4a7a9fff8508f3b6a21069f40fbb9a1ee7294cca7a040ced87b6c?s=96&d=monsterid&r=g","url":"https:\/\/secure.gravatar.com\/avatar\/51a6c0962ec4a7a9fff8508f3b6a21069f40fbb9a1ee7294cca7a040ced87b6c?s=96&d=monsterid&r=g","height":96,"width":96}},"publisher":{"@type":"Person","name":"Dirk Bachhausen","image":{"@type":"ImageObject","@id":"https:\/\/www.bachhausen.de\/wp-content\/uploads\/2019\/07\/dirk_profil-300x300.jpg","url":"https:\/\/www.bachhausen.de\/wp-content\/uploads\/2019\/07\/dirk_profil-300x300.jpg","width":600,"height":60}},"image":{"@type":"ImageObject","@id":"https:\/\/correctiv.org\/wp-content\/themes\/correctiv-theme\/img\/rating\/false.svg","url":"https:\/\/correctiv.org\/wp-content\/themes\/correctiv-theme\/img\/rating\/false.svg","height":"","width":""},"wordCount":880,"keywords":["blackrock","friedrich","nicht","video","zeigt"]},{"@type":"NewsArticle","@id":"https:\/\/www.bachhausen.de\/aus-protest-gegen-kuerzungen-koelner-jugendring-gibt-ehrenamtspreis-zurueck-massive-kritik-an-der-stadt\/","headline":"Aus Protest gegen K\u00fcrzungen: K\u00f6lner Jugendring gibt Ehrenamtspreis zur\u00fcck \u2013 Massive Kritik an der Stadt","url":"https:\/\/www.bachhausen.de\/aus-protest-gegen-kuerzungen-koelner-jugendring-gibt-ehrenamtspreis-zurueck-massive-kritik-an-der-stadt\/","datePublished":"2024-12-04","dateModified":"2024-12-04","mainEntityOfPage":"https:\/\/www.bachhausen.de\/aus-protest-gegen-kuerzungen-koelner-jugendring-gibt-ehrenamtspreis-zurueck-massive-kritik-an-der-stadt\/","author":{"@type":"Person","@id":"##Person","name":"K\u00f6lner Stadtanzeiger","url":"#","identifier":3,"description":"Der K\u00f6lner Stadtanzeiger","image":{"@type":"ImageObject","@id":"https:\/\/secure.gravatar.com\/avatar\/a3f43e8250594c4ed8be9e86201eefa6cc06ef89c032788db696432ac7e77173?s=96&d=monsterid&r=g","url":"https:\/\/secure.gravatar.com\/avatar\/a3f43e8250594c4ed8be9e86201eefa6cc06ef89c032788db696432ac7e77173?s=96&d=monsterid&r=g","height":96,"width":96}},"publisher":{"@type":"Person","name":"Dirk Bachhausen","image":{"@type":"ImageObject","@id":"https:\/\/www.bachhausen.de\/wp-content\/uploads\/2019\/07\/dirk_profil-300x300.jpg","url":"https:\/\/www.bachhausen.de\/wp-content\/uploads\/2019\/07\/dirk_profil-300x300.jpg","width":600,"height":60}},"image":{"@type":"ImageObject","@id":"https:\/\/www.bachhausen.de\/wp-content\/uploads\/2023\/09\/Zeitungsleser.webp","url":"https:\/\/www.bachhausen.de\/wp-content\/uploads\/2023\/09\/Zeitungsleser.webp","height":534,"width":800},"wordCount":623,"keywords":["ehrenamtspreis","gegen","jugendring","kolner","kurzungen","protest","zuruck"]},{"@type":"NewsArticle","@id":"https:\/\/www.bachhausen.de\/wir-kaempfen-fuer-die-komplette-ruecknahme-der-sozialkuerzungen\/","headline":"Wir k\u00e4mpfen f\u00fcr die komplette R\u00fccknahme der Sozialk\u00fcrzungen","url":"https:\/\/www.bachhausen.de\/wir-kaempfen-fuer-die-komplette-ruecknahme-der-sozialkuerzungen\/","datePublished":"2024-12-04","dateModified":"2024-12-04","mainEntityOfPage":"https:\/\/www.bachhausen.de\/wir-kaempfen-fuer-die-komplette-ruecknahme-der-sozialkuerzungen\/","author":{"@type":"Person","@id":"##Person","name":"SPD K\u00f6ln","url":"#","identifier":4,"image":{"@type":"ImageObject","@id":"https:\/\/secure.gravatar.com\/avatar\/9e275a42f0e2d615e7358ea63859947f3ea63517a2bcb7a2b26010d9ca858396?s=96&d=monsterid&r=g","url":"https:\/\/secure.gravatar.com\/avatar\/9e275a42f0e2d615e7358ea63859947f3ea63517a2bcb7a2b26010d9ca858396?s=96&d=monsterid&r=g","height":96,"width":96}},"publisher":{"@type":"Person","name":"Dirk Bachhausen","image":{"@type":"ImageObject","@id":"https:\/\/www.bachhausen.de\/wp-content\/uploads\/2019\/07\/dirk_profil-300x300.jpg","url":"https:\/\/www.bachhausen.de\/wp-content\/uploads\/2019\/07\/dirk_profil-300x300.jpg","width":600,"height":60}},"image":{"@type":"ImageObject","@id":"https:\/\/i3.wp.com\/www.spdkoelnnord.de\/wp-content\/uploads\/2024\/03\/spd-verschw.png?w=1200&resize=1200,0&ssl=1","url":"https:\/\/i3.wp.com\/www.spdkoelnnord.de\/wp-content\/uploads\/2024\/03\/spd-verschw.png?w=1200&resize=1200,0&ssl=1","height":"","width":""},"wordCount":374,"keywords":["kampfen","komplette","rucknahme","sozialkurzungen"]}]},{"@context":"https:\/\/schema.org","@type":"WebSite","@id":"https:\/\/www.bachhausen.de\/#website","name":"Dirk Bachhausen","url":"https:\/\/www.bachhausen.de","potentialAction":{"@type":"SearchAction","target":"https:\/\/www.bachhausen.de\/?s={search_term_string}","query-input":"required name=search_term_string"}}]