[{"@context":"https:\/\/schema.org\/","@type":"Blog","@id":"https:\/\/www.bachhausen.de#Blog","headline":"Dirk Bachhausen","description":"Sagen, was ist. \u2013 Tun, was man sagt. \u2013 Und sein, was man tut.","url":"https:\/\/www.bachhausen.de","hasPart":[{"@type":"NewsArticle","@id":"https:\/\/www.bachhausen.de\/bundesregierung-will-bevoelkerung-gegen-hybride-kriegsfuehrung-wappnen\/","headline":"Bundesregierung will Bev\u00f6lkerung gegen hybride Kriegsf\u00fchrung wappnen","url":"https:\/\/www.bachhausen.de\/bundesregierung-will-bevoelkerung-gegen-hybride-kriegsfuehrung-wappnen\/","datePublished":"2024-12-03","dateModified":"2024-12-03","mainEntityOfPage":"https:\/\/www.bachhausen.de\/bundesregierung-will-bevoelkerung-gegen-hybride-kriegsfuehrung-wappnen\/","author":{"@type":"Person","@id":"##Person","name":"Correctiv.org","url":"#","identifier":15,"description":"<div class=\"elementor-element elementor-element-3e1bf03c elementor-widget elementor-widget-heading\" data-id=\"3e1bf03c\">\r\n<div class=\"elementor-widget-container\">\r\n<h1 class=\"elementor-heading-title elementor-size-default\">Recherchen f\u00fcr die Gesellschaft und mit der Gesellschaft<\/h1>\r\n<\/div>\r\n<\/div>\r\n<section class=\"elementor-element elementor-element-5be37e09 elementor-section-content-middle elementor-section-boxed elementor-section-height-default elementor-section-height-default elementor-section elementor-inner-section\" data-id=\"5be37e09\">\r\n<div class=\"elementor-container elementor-column-gap-no\">\r\n<div class=\"elementor-row\">\r\n<div class=\"elementor-element elementor-element-63cc7109 elementor-column elementor-col-50 elementor-inner-column\" data-id=\"63cc7109\">\r\n<div class=\"elementor-column-wrap elementor-element-populated\">\r\n<div class=\"elementor-widget-wrap\">\r\n<div class=\"elementor-element elementor-element-7d9688e9 elementor-widget elementor-widget-text-editor\" data-id=\"7d9688e9\">\r\n<div class=\"elementor-widget-container\">\r\n<div class=\"elementor-text-editor elementor-clearfix\">\r\n\r\n<strong>Investigativ. Unabh\u00e4ngig. Gemeinn\u00fctzig.<\/strong>\r\nCORRECTIV\u00a0ist das erste gemeinn\u00fctzige Recherchezentrum im deutschsprachigen Raum. Wir recherchieren langfristig zu Missst\u00e4nden in der Gesellschaft, f\u00f6rdern Medienkompetenz und f\u00fchren Bildungsprogramme durch.\r\n\r\n<a href=\"https:\/\/correctiv.org\/\">https:\/\/correctiv.org\/<\/a>\r\n\r\n<\/div>\r\n<\/div>\r\n<\/div>\r\n<\/div>\r\n<\/div>\r\n<\/div>\r\n<\/div>\r\n<\/div>\r\n<\/section>","image":{"@type":"ImageObject","@id":"https:\/\/secure.gravatar.com\/avatar\/51a6c0962ec4a7a9fff8508f3b6a21069f40fbb9a1ee7294cca7a040ced87b6c?s=96&d=monsterid&r=g","url":"https:\/\/secure.gravatar.com\/avatar\/51a6c0962ec4a7a9fff8508f3b6a21069f40fbb9a1ee7294cca7a040ced87b6c?s=96&d=monsterid&r=g","height":96,"width":96}},"publisher":{"@type":"Person","name":"Dirk Bachhausen","image":{"@type":"ImageObject","@id":"https:\/\/www.bachhausen.de\/wp-content\/uploads\/2019\/07\/dirk_profil-300x300.jpg","url":"https:\/\/www.bachhausen.de\/wp-content\/uploads\/2019\/07\/dirk_profil-300x300.jpg","width":600,"height":60}},"image":{"@type":"ImageObject","@id":"https:\/\/www.bachhausen.de\/wp-content\/uploads\/2023\/09\/Zeitungsleser.webp","url":"https:\/\/www.bachhausen.de\/wp-content\/uploads\/2023\/09\/Zeitungsleser.webp","height":534,"width":800},"wordCount":658,"keywords":["bevolkerung","bundesregierung","gegen","hybride","kriegsfuhrung","wappnen"]},{"@type":"NewsArticle","@id":"https:\/\/www.bachhausen.de\/kritik-nach-koelner-cdu-parteitag-anfechtungen-und-wahlergebnisse-fuer-den-rat\/","headline":"Kritik nach K\u00f6lner CDU-Parteitag, Anfechtungen und Wahlergebnisse f\u00fcr den Rat","url":"https:\/\/www.bachhausen.de\/kritik-nach-koelner-cdu-parteitag-anfechtungen-und-wahlergebnisse-fuer-den-rat\/","datePublished":"2024-12-03","dateModified":"2024-12-03","mainEntityOfPage":"https:\/\/www.bachhausen.de\/kritik-nach-koelner-cdu-parteitag-anfechtungen-und-wahlergebnisse-fuer-den-rat\/","author":{"@type":"Person","@id":"##Person","name":"Report K","url":"#","identifier":20,"image":{"@type":"ImageObject","@id":"https:\/\/secure.gravatar.com\/avatar\/36af2c4c1f6de1245282e2f6d3e4483d8c1fb911663df347a69e69f7ff897aac?s=96&d=monsterid&r=g","url":"https:\/\/secure.gravatar.com\/avatar\/36af2c4c1f6de1245282e2f6d3e4483d8c1fb911663df347a69e69f7ff897aac?s=96&d=monsterid&r=g","height":96,"width":96}},"publisher":{"@type":"Person","name":"Dirk Bachhausen","image":{"@type":"ImageObject","@id":"https:\/\/www.bachhausen.de\/wp-content\/uploads\/2019\/07\/dirk_profil-300x300.jpg","url":"https:\/\/www.bachhausen.de\/wp-content\/uploads\/2019\/07\/dirk_profil-300x300.jpg","width":600,"height":60}},"image":{"@type":"ImageObject","@id":"https:\/\/www.bachhausen.de\/wp-content\/uploads\/2024\/12\/511A9799_CDU_02122024.jpg","url":"https:\/\/www.bachhausen.de\/wp-content\/uploads\/2024\/12\/511A9799_CDU_02122024.jpg","height":0,"width":0},"wordCount":879,"keywords":["anfechtungen","kolner","kritik","parteitag","wahlergebnisse"]},{"@type":"NewsArticle","@id":"https:\/\/www.bachhausen.de\/correctiv-reicht-eilantrag-gegen-bundesamt-fuer-verfassungsschutz-ein\/","headline":"CORRECTIV reicht Eilantrag gegen Bundesamt f\u00fcr Verfassungsschutz ein","url":"https:\/\/www.bachhausen.de\/correctiv-reicht-eilantrag-gegen-bundesamt-fuer-verfassungsschutz-ein\/","datePublished":"2024-12-02","dateModified":"2024-12-02","mainEntityOfPage":"https:\/\/www.bachhausen.de\/correctiv-reicht-eilantrag-gegen-bundesamt-fuer-verfassungsschutz-ein\/","author":{"@type":"Person","@id":"##Person","name":"Correctiv.org","url":"#","identifier":15,"description":"<div class=\"elementor-element elementor-element-3e1bf03c elementor-widget elementor-widget-heading\" data-id=\"3e1bf03c\">\r\n<div class=\"elementor-widget-container\">\r\n<h1 class=\"elementor-heading-title elementor-size-default\">Recherchen f\u00fcr die Gesellschaft und mit der Gesellschaft<\/h1>\r\n<\/div>\r\n<\/div>\r\n<section class=\"elementor-element elementor-element-5be37e09 elementor-section-content-middle elementor-section-boxed elementor-section-height-default elementor-section-height-default elementor-section elementor-inner-section\" data-id=\"5be37e09\">\r\n<div class=\"elementor-container elementor-column-gap-no\">\r\n<div class=\"elementor-row\">\r\n<div class=\"elementor-element elementor-element-63cc7109 elementor-column elementor-col-50 elementor-inner-column\" data-id=\"63cc7109\">\r\n<div class=\"elementor-column-wrap elementor-element-populated\">\r\n<div class=\"elementor-widget-wrap\">\r\n<div class=\"elementor-element elementor-element-7d9688e9 elementor-widget elementor-widget-text-editor\" data-id=\"7d9688e9\">\r\n<div class=\"elementor-widget-container\">\r\n<div class=\"elementor-text-editor elementor-clearfix\">\r\n\r\n<strong>Investigativ. Unabh\u00e4ngig. Gemeinn\u00fctzig.<\/strong>\r\nCORRECTIV\u00a0ist das erste gemeinn\u00fctzige Recherchezentrum im deutschsprachigen Raum. Wir recherchieren langfristig zu Missst\u00e4nden in der Gesellschaft, f\u00f6rdern Medienkompetenz und f\u00fchren Bildungsprogramme durch.\r\n\r\n<a href=\"https:\/\/correctiv.org\/\">https:\/\/correctiv.org\/<\/a>\r\n\r\n<\/div>\r\n<\/div>\r\n<\/div>\r\n<\/div>\r\n<\/div>\r\n<\/div>\r\n<\/div>\r\n<\/div>\r\n<\/section>","image":{"@type":"ImageObject","@id":"https:\/\/secure.gravatar.com\/avatar\/51a6c0962ec4a7a9fff8508f3b6a21069f40fbb9a1ee7294cca7a040ced87b6c?s=96&d=monsterid&r=g","url":"https:\/\/secure.gravatar.com\/avatar\/51a6c0962ec4a7a9fff8508f3b6a21069f40fbb9a1ee7294cca7a040ced87b6c?s=96&d=monsterid&r=g","height":96,"width":96}},"publisher":{"@type":"Person","name":"Dirk Bachhausen","image":{"@type":"ImageObject","@id":"https:\/\/www.bachhausen.de\/wp-content\/uploads\/2019\/07\/dirk_profil-300x300.jpg","url":"https:\/\/www.bachhausen.de\/wp-content\/uploads\/2019\/07\/dirk_profil-300x300.jpg","width":600,"height":60}},"image":{"@type":"ImageObject","@id":"https:\/\/www.bachhausen.de\/wp-content\/uploads\/2023\/09\/Zeitungsleser.webp","url":"https:\/\/www.bachhausen.de\/wp-content\/uploads\/2023\/09\/Zeitungsleser.webp","height":534,"width":800},"wordCount":495,"keywords":["bundesamt","correctiv","eilantrag","gegen","reicht","verfassungsschutz"]},{"@type":"NewsArticle","@id":"https:\/\/www.bachhausen.de\/einsatz-fuer-anonymen-krankenschein-spd-besucht-malteser-hilfsdienst\/","headline":"Einsatz f\u00fcr anonymen Krankenschein. SPD besucht Malteser Hilfsdienst.","url":"https:\/\/www.bachhausen.de\/einsatz-fuer-anonymen-krankenschein-spd-besucht-malteser-hilfsdienst\/","datePublished":"2024-12-02","dateModified":"2024-12-02","mainEntityOfPage":"https:\/\/www.bachhausen.de\/einsatz-fuer-anonymen-krankenschein-spd-besucht-malteser-hilfsdienst\/","author":{"@type":"Person","@id":"##Person","name":"SPD K\u00f6ln","url":"#","identifier":4,"image":{"@type":"ImageObject","@id":"https:\/\/secure.gravatar.com\/avatar\/9e275a42f0e2d615e7358ea63859947f3ea63517a2bcb7a2b26010d9ca858396?s=96&d=monsterid&r=g","url":"https:\/\/secure.gravatar.com\/avatar\/9e275a42f0e2d615e7358ea63859947f3ea63517a2bcb7a2b26010d9ca858396?s=96&d=monsterid&r=g","height":96,"width":96}},"publisher":{"@type":"Person","name":"Dirk Bachhausen","image":{"@type":"ImageObject","@id":"https:\/\/www.bachhausen.de\/wp-content\/uploads\/2019\/07\/dirk_profil-300x300.jpg","url":"https:\/\/www.bachhausen.de\/wp-content\/uploads\/2019\/07\/dirk_profil-300x300.jpg","width":600,"height":60}},"image":{"@type":"ImageObject","@id":"https:\/\/i3.wp.com\/www.spdkoelnnord.de\/wp-content\/uploads\/2024\/03\/spd-verschw.png?w=1200&resize=1200,0&ssl=1","url":"https:\/\/i3.wp.com\/www.spdkoelnnord.de\/wp-content\/uploads\/2024\/03\/spd-verschw.png?w=1200&resize=1200,0&ssl=1","height":"","width":""},"wordCount":551,"keywords":["anonymen","besucht","einsatz","hilfsdienst","krankenschein","malteser"]},{"@type":"NewsArticle","@id":"https:\/\/www.bachhausen.de\/falschparker-koeln-seeberg-verwaltung-sieht-keine-verkehrsgefaehrdung-in-der-herstattallee\/","headline":"Falschparker: K\u00f6ln-Seeberg \u2013 Verwaltung sieht keine Verkehrsgef\u00e4hrdung in der Herstattallee","url":"https:\/\/www.bachhausen.de\/falschparker-koeln-seeberg-verwaltung-sieht-keine-verkehrsgefaehrdung-in-der-herstattallee\/","datePublished":"2024-12-02","dateModified":"2024-12-02","mainEntityOfPage":"https:\/\/www.bachhausen.de\/falschparker-koeln-seeberg-verwaltung-sieht-keine-verkehrsgefaehrdung-in-der-herstattallee\/","author":{"@type":"Person","@id":"##Person","name":"K\u00f6lner Stadtanzeiger","url":"#","identifier":3,"description":"Der K\u00f6lner Stadtanzeiger","image":{"@type":"ImageObject","@id":"https:\/\/secure.gravatar.com\/avatar\/a3f43e8250594c4ed8be9e86201eefa6cc06ef89c032788db696432ac7e77173?s=96&d=monsterid&r=g","url":"https:\/\/secure.gravatar.com\/avatar\/a3f43e8250594c4ed8be9e86201eefa6cc06ef89c032788db696432ac7e77173?s=96&d=monsterid&r=g","height":96,"width":96}},"publisher":{"@type":"Person","name":"Dirk Bachhausen","image":{"@type":"ImageObject","@id":"https:\/\/www.bachhausen.de\/wp-content\/uploads\/2019\/07\/dirk_profil-300x300.jpg","url":"https:\/\/www.bachhausen.de\/wp-content\/uploads\/2019\/07\/dirk_profil-300x300.jpg","width":600,"height":60}},"image":{"@type":"ImageObject","@id":"https:\/\/www.bachhausen.de\/wp-content\/uploads\/2023\/09\/Zeitungsleser.webp","url":"https:\/\/www.bachhausen.de\/wp-content\/uploads\/2023\/09\/Zeitungsleser.webp","height":534,"width":800},"wordCount":155,"keywords":["falschparker","herstattallee","keine","seeberg","sieht","verkehrsgefahrdung","verwaltung"]},{"@type":"NewsArticle","@id":"https:\/\/www.bachhausen.de\/bundestagswahl-2025-diese-falschbehauptungen-fakes-und-geruechte-kursieren\/","headline":"Bundestagswahl 2025: Diese Falschbehauptungen, Fakes und Ger\u00fcchte kursieren","url":"https:\/\/www.bachhausen.de\/bundestagswahl-2025-diese-falschbehauptungen-fakes-und-geruechte-kursieren\/","datePublished":"2024-12-02","dateModified":"2024-12-02","mainEntityOfPage":"https:\/\/www.bachhausen.de\/bundestagswahl-2025-diese-falschbehauptungen-fakes-und-geruechte-kursieren\/","author":{"@type":"Person","@id":"##Person","name":"Correctiv.org","url":"#","identifier":15,"description":"<div class=\"elementor-element elementor-element-3e1bf03c elementor-widget elementor-widget-heading\" data-id=\"3e1bf03c\">\r\n<div class=\"elementor-widget-container\">\r\n<h1 class=\"elementor-heading-title elementor-size-default\">Recherchen f\u00fcr die Gesellschaft und mit der Gesellschaft<\/h1>\r\n<\/div>\r\n<\/div>\r\n<section class=\"elementor-element elementor-element-5be37e09 elementor-section-content-middle elementor-section-boxed elementor-section-height-default elementor-section-height-default elementor-section elementor-inner-section\" data-id=\"5be37e09\">\r\n<div class=\"elementor-container elementor-column-gap-no\">\r\n<div class=\"elementor-row\">\r\n<div class=\"elementor-element elementor-element-63cc7109 elementor-column elementor-col-50 elementor-inner-column\" data-id=\"63cc7109\">\r\n<div class=\"elementor-column-wrap elementor-element-populated\">\r\n<div class=\"elementor-widget-wrap\">\r\n<div class=\"elementor-element elementor-element-7d9688e9 elementor-widget elementor-widget-text-editor\" data-id=\"7d9688e9\">\r\n<div class=\"elementor-widget-container\">\r\n<div class=\"elementor-text-editor elementor-clearfix\">\r\n\r\n<strong>Investigativ. Unabh\u00e4ngig. Gemeinn\u00fctzig.<\/strong>\r\nCORRECTIV\u00a0ist das erste gemeinn\u00fctzige Recherchezentrum im deutschsprachigen Raum. Wir recherchieren langfristig zu Missst\u00e4nden in der Gesellschaft, f\u00f6rdern Medienkompetenz und f\u00fchren Bildungsprogramme durch.\r\n\r\n<a href=\"https:\/\/correctiv.org\/\">https:\/\/correctiv.org\/<\/a>\r\n\r\n<\/div>\r\n<\/div>\r\n<\/div>\r\n<\/div>\r\n<\/div>\r\n<\/div>\r\n<\/div>\r\n<\/div>\r\n<\/section>","image":{"@type":"ImageObject","@id":"https:\/\/secure.gravatar.com\/avatar\/51a6c0962ec4a7a9fff8508f3b6a21069f40fbb9a1ee7294cca7a040ced87b6c?s=96&d=monsterid&r=g","url":"https:\/\/secure.gravatar.com\/avatar\/51a6c0962ec4a7a9fff8508f3b6a21069f40fbb9a1ee7294cca7a040ced87b6c?s=96&d=monsterid&r=g","height":96,"width":96}},"publisher":{"@type":"Person","name":"Dirk Bachhausen","image":{"@type":"ImageObject","@id":"https:\/\/www.bachhausen.de\/wp-content\/uploads\/2019\/07\/dirk_profil-300x300.jpg","url":"https:\/\/www.bachhausen.de\/wp-content\/uploads\/2019\/07\/dirk_profil-300x300.jpg","width":600,"height":60}},"image":{"@type":"ImageObject","@id":"https:\/\/www.bachhausen.de\/wp-content\/uploads\/2023\/09\/Zeitungsleser.webp","url":"https:\/\/www.bachhausen.de\/wp-content\/uploads\/2023\/09\/Zeitungsleser.webp","height":534,"width":800},"wordCount":997,"keywords":["bundestagswahl","diese","fakes","falschbehauptungen","geruchte","kursieren"]},{"@type":"NewsArticle","@id":"https:\/\/www.bachhausen.de\/kritik-an-sozialkuerzungen-im-staedtischen-haushalt\/","headline":"Kritik an Sozialk\u00fcrzungen im st\u00e4dtischen Haushalt","url":"https:\/\/www.bachhausen.de\/kritik-an-sozialkuerzungen-im-staedtischen-haushalt\/","datePublished":"2024-12-02","dateModified":"2024-12-02","mainEntityOfPage":"https:\/\/www.bachhausen.de\/kritik-an-sozialkuerzungen-im-staedtischen-haushalt\/","author":{"@type":"Person","@id":"##Person","name":"Report K","url":"#","identifier":20,"image":{"@type":"ImageObject","@id":"https:\/\/secure.gravatar.com\/avatar\/36af2c4c1f6de1245282e2f6d3e4483d8c1fb911663df347a69e69f7ff897aac?s=96&d=monsterid&r=g","url":"https:\/\/secure.gravatar.com\/avatar\/36af2c4c1f6de1245282e2f6d3e4483d8c1fb911663df347a69e69f7ff897aac?s=96&d=monsterid&r=g","height":96,"width":96}},"publisher":{"@type":"Person","name":"Dirk Bachhausen","image":{"@type":"ImageObject","@id":"https:\/\/www.bachhausen.de\/wp-content\/uploads\/2019\/07\/dirk_profil-300x300.jpg","url":"https:\/\/www.bachhausen.de\/wp-content\/uploads\/2019\/07\/dirk_profil-300x300.jpg","width":600,"height":60}},"image":{"@type":"ImageObject","@id":"https:\/\/www.bachhausen.de\/wp-content\/uploads\/2024\/12\/geldbeutel_pix_07092022.jpg","url":"https:\/\/www.bachhausen.de\/wp-content\/uploads\/2024\/12\/geldbeutel_pix_07092022.jpg","height":768,"width":1064},"wordCount":583,"keywords":["haushalt","kritik","sozialkurzungen","stadtischen"]},{"@type":"NewsArticle","@id":"https:\/\/www.bachhausen.de\/das-warten-auf-die-koelner-ob-kandidatinnen\/","headline":"Das Warten auf die K\u00f6lner OB-Kandidat:innen","url":"https:\/\/www.bachhausen.de\/das-warten-auf-die-koelner-ob-kandidatinnen\/","datePublished":"2024-12-02","dateModified":"2024-12-02","mainEntityOfPage":"https:\/\/www.bachhausen.de\/das-warten-auf-die-koelner-ob-kandidatinnen\/","author":{"@type":"Person","@id":"##Person","name":"Report K","url":"#","identifier":20,"image":{"@type":"ImageObject","@id":"https:\/\/secure.gravatar.com\/avatar\/36af2c4c1f6de1245282e2f6d3e4483d8c1fb911663df347a69e69f7ff897aac?s=96&d=monsterid&r=g","url":"https:\/\/secure.gravatar.com\/avatar\/36af2c4c1f6de1245282e2f6d3e4483d8c1fb911663df347a69e69f7ff897aac?s=96&d=monsterid&r=g","height":96,"width":96}},"publisher":{"@type":"Person","name":"Dirk Bachhausen","image":{"@type":"ImageObject","@id":"https:\/\/www.bachhausen.de\/wp-content\/uploads\/2019\/07\/dirk_profil-300x300.jpg","url":"https:\/\/www.bachhausen.de\/wp-content\/uploads\/2019\/07\/dirk_profil-300x300.jpg","width":600,"height":60}},"image":{"@type":"ImageObject","@id":"https:\/\/www.bachhausen.de\/wp-content\/uploads\/2024\/12\/511A6409_OB_stuhl_30102024.jpg","url":"https:\/\/www.bachhausen.de\/wp-content\/uploads\/2024\/12\/511A6409_OB_stuhl_30102024.jpg","height":768,"width":1024},"wordCount":2867,"keywords":["innen","kandidat","kolner","warten"]},{"@type":"NewsArticle","@id":"https:\/\/www.bachhausen.de\/mittelrheinliga-fc-pesch-feiert-fulminanten-51-derbysieg-gegen-die-spvg-porz\/","headline":"Mittelrheinliga: FC Pesch feiert fulminanten 5:1-Derbysieg gegen die SpVg Porz","url":"https:\/\/www.bachhausen.de\/mittelrheinliga-fc-pesch-feiert-fulminanten-51-derbysieg-gegen-die-spvg-porz\/","datePublished":"2024-12-02","dateModified":"2024-12-02","mainEntityOfPage":"https:\/\/www.bachhausen.de\/mittelrheinliga-fc-pesch-feiert-fulminanten-51-derbysieg-gegen-die-spvg-porz\/","author":{"@type":"Person","@id":"##Person","name":"K\u00f6lner Stadtanzeiger","url":"#","identifier":3,"description":"Der K\u00f6lner Stadtanzeiger","image":{"@type":"ImageObject","@id":"https:\/\/secure.gravatar.com\/avatar\/a3f43e8250594c4ed8be9e86201eefa6cc06ef89c032788db696432ac7e77173?s=96&d=monsterid&r=g","url":"https:\/\/secure.gravatar.com\/avatar\/a3f43e8250594c4ed8be9e86201eefa6cc06ef89c032788db696432ac7e77173?s=96&d=monsterid&r=g","height":96,"width":96}},"publisher":{"@type":"Person","name":"Dirk Bachhausen","image":{"@type":"ImageObject","@id":"https:\/\/www.bachhausen.de\/wp-content\/uploads\/2019\/07\/dirk_profil-300x300.jpg","url":"https:\/\/www.bachhausen.de\/wp-content\/uploads\/2019\/07\/dirk_profil-300x300.jpg","width":600,"height":60}},"image":{"@type":"ImageObject","@id":"https:\/\/www.bachhausen.de\/wp-content\/uploads\/2023\/09\/Zeitungsleser.webp","url":"https:\/\/www.bachhausen.de\/wp-content\/uploads\/2023\/09\/Zeitungsleser.webp","height":534,"width":800},"wordCount":324,"keywords":["derbysieg","feiert","fulminanten","gegen","mittelrheinliga","pesch"]},{"@type":"NewsArticle","@id":"https:\/\/www.bachhausen.de\/koelner-cdu-mit-wahlmarathon-ob-kandidatenwahl-von-tagesordnung-abgesetzt\/","headline":"K\u00f6lner CDU mit Wahlmarathon: OB-Kandidatenwahl von Tagesordnung abgesetzt","url":"https:\/\/www.bachhausen.de\/koelner-cdu-mit-wahlmarathon-ob-kandidatenwahl-von-tagesordnung-abgesetzt\/","datePublished":"2024-11-30","dateModified":"2024-11-30","mainEntityOfPage":"https:\/\/www.bachhausen.de\/koelner-cdu-mit-wahlmarathon-ob-kandidatenwahl-von-tagesordnung-abgesetzt\/","author":{"@type":"Person","@id":"##Person","name":"Report K","url":"#","identifier":20,"image":{"@type":"ImageObject","@id":"https:\/\/secure.gravatar.com\/avatar\/36af2c4c1f6de1245282e2f6d3e4483d8c1fb911663df347a69e69f7ff897aac?s=96&d=monsterid&r=g","url":"https:\/\/secure.gravatar.com\/avatar\/36af2c4c1f6de1245282e2f6d3e4483d8c1fb911663df347a69e69f7ff897aac?s=96&d=monsterid&r=g","height":96,"width":96}},"publisher":{"@type":"Person","name":"Dirk Bachhausen","image":{"@type":"ImageObject","@id":"https:\/\/www.bachhausen.de\/wp-content\/uploads\/2019\/07\/dirk_profil-300x300.jpg","url":"https:\/\/www.bachhausen.de\/wp-content\/uploads\/2019\/07\/dirk_profil-300x300.jpg","width":600,"height":60}},"image":{"@type":"ImageObject","@id":"https:\/\/www.bachhausen.de\/wp-content\/uploads\/2024\/11\/511A9835_mandl_30112024.jpg","url":"https:\/\/www.bachhausen.de\/wp-content\/uploads\/2024\/11\/511A9835_mandl_30112024.jpg","height":768,"width":1024},"wordCount":1225,"keywords":["abgesetzt","kandidatenwahl","kolner","tagesordnung","wahlmarathon"]}]},{"@context":"https:\/\/schema.org","@type":"WebSite","@id":"https:\/\/www.bachhausen.de\/#website","name":"Dirk Bachhausen","url":"https:\/\/www.bachhausen.de","potentialAction":{"@type":"SearchAction","target":"https:\/\/www.bachhausen.de\/?s={search_term_string}","query-input":"required name=search_term_string"}}]