[{"@context":"https:\/\/schema.org\/","@type":"Blog","@id":"https:\/\/www.bachhausen.de#Blog","headline":"Dirk Bachhausen","description":"Sagen, was ist. \u2013 Tun, was man sagt. \u2013 Und sein, was man tut.","url":"https:\/\/www.bachhausen.de","hasPart":[{"@type":"NewsArticle","@id":"https:\/\/www.bachhausen.de\/zugfuehrer-leitet-gefahrenbremsung-ein-12-jaehriger-auf-den-gleisen-loest-polizeieinsatz-in-koelner-norden-aus\/","headline":"Zugf\u00fchrer leitet Gefahrenbremsung ein: 12-J\u00e4hriger auf den Gleisen l\u00f6st Polizeieinsatz in K\u00f6lner Norden aus","url":"https:\/\/www.bachhausen.de\/zugfuehrer-leitet-gefahrenbremsung-ein-12-jaehriger-auf-den-gleisen-loest-polizeieinsatz-in-koelner-norden-aus\/","datePublished":"2024-11-27","dateModified":"2024-11-27","mainEntityOfPage":"https:\/\/www.bachhausen.de\/zugfuehrer-leitet-gefahrenbremsung-ein-12-jaehriger-auf-den-gleisen-loest-polizeieinsatz-in-koelner-norden-aus\/","author":{"@type":"Person","@id":"##Person","name":"K\u00f6lner Stadtanzeiger","url":"#","identifier":3,"description":"Der K\u00f6lner Stadtanzeiger","image":{"@type":"ImageObject","@id":"https:\/\/secure.gravatar.com\/avatar\/a3f43e8250594c4ed8be9e86201eefa6cc06ef89c032788db696432ac7e77173?s=96&d=monsterid&r=g","url":"https:\/\/secure.gravatar.com\/avatar\/a3f43e8250594c4ed8be9e86201eefa6cc06ef89c032788db696432ac7e77173?s=96&d=monsterid&r=g","height":96,"width":96}},"publisher":{"@type":"Person","name":"Dirk Bachhausen","image":{"@type":"ImageObject","@id":"https:\/\/www.bachhausen.de\/wp-content\/uploads\/2019\/07\/dirk_profil-300x300.jpg","url":"https:\/\/www.bachhausen.de\/wp-content\/uploads\/2019\/07\/dirk_profil-300x300.jpg","width":600,"height":60}},"image":{"@type":"ImageObject","@id":"https:\/\/www.bachhausen.de\/wp-content\/uploads\/2023\/09\/Zeitungsleser.webp","url":"https:\/\/www.bachhausen.de\/wp-content\/uploads\/2023\/09\/Zeitungsleser.webp","height":534,"width":800},"wordCount":72,"keywords":["gefahrenbremsung","gleisen","jahriger","kolner","leitet","polizeieinsatz","zugfuhrer"]},{"@type":"NewsArticle","@id":"https:\/\/www.bachhausen.de\/wohnungsbauinitiative-koeln-mit-deutlicher-kritik-an-den-ratsfraktionen\/","headline":"Wohnungsbauinitiative K\u00f6ln mit deutlicher Kritik an den Ratsfraktionen","url":"https:\/\/www.bachhausen.de\/wohnungsbauinitiative-koeln-mit-deutlicher-kritik-an-den-ratsfraktionen\/","datePublished":"2024-11-27","dateModified":"2024-11-27","mainEntityOfPage":"https:\/\/www.bachhausen.de\/wohnungsbauinitiative-koeln-mit-deutlicher-kritik-an-den-ratsfraktionen\/","author":{"@type":"Person","@id":"##Person","name":"Report K","url":"#","identifier":20,"image":{"@type":"ImageObject","@id":"https:\/\/secure.gravatar.com\/avatar\/36af2c4c1f6de1245282e2f6d3e4483d8c1fb911663df347a69e69f7ff897aac?s=96&d=monsterid&r=g","url":"https:\/\/secure.gravatar.com\/avatar\/36af2c4c1f6de1245282e2f6d3e4483d8c1fb911663df347a69e69f7ff897aac?s=96&d=monsterid&r=g","height":96,"width":96}},"publisher":{"@type":"Person","name":"Dirk Bachhausen","image":{"@type":"ImageObject","@id":"https:\/\/www.bachhausen.de\/wp-content\/uploads\/2019\/07\/dirk_profil-300x300.jpg","url":"https:\/\/www.bachhausen.de\/wp-content\/uploads\/2019\/07\/dirk_profil-300x300.jpg","width":600,"height":60}},"image":{"@type":"ImageObject","@id":"https:\/\/www.bachhausen.de\/wp-content\/uploads\/2024\/08\/dachlandschaft_koeln_22082024_511A8676.jpg","url":"https:\/\/www.bachhausen.de\/wp-content\/uploads\/2024\/08\/dachlandschaft_koeln_22082024_511A8676.jpg","height":0,"width":0},"wordCount":768,"keywords":["deutlicher","kritik","ratsfraktionen","wohnungsbauinitiative"]},{"@type":"NewsArticle","@id":"https:\/\/www.bachhausen.de\/kunstbeirat-beendet-seine-arbeit-und-wirft-die-brocken-der-stadt-vor-die-fuesse\/","headline":"Kunstbeirat beendet seine Arbeit und wirft die Brocken der Stadt vor die F\u00fc\u00dfe","url":"https:\/\/www.bachhausen.de\/kunstbeirat-beendet-seine-arbeit-und-wirft-die-brocken-der-stadt-vor-die-fuesse\/","datePublished":"2024-11-27","dateModified":"2024-11-27","mainEntityOfPage":"https:\/\/www.bachhausen.de\/kunstbeirat-beendet-seine-arbeit-und-wirft-die-brocken-der-stadt-vor-die-fuesse\/","author":{"@type":"Person","@id":"##Person","name":"Report K","url":"#","identifier":20,"image":{"@type":"ImageObject","@id":"https:\/\/secure.gravatar.com\/avatar\/36af2c4c1f6de1245282e2f6d3e4483d8c1fb911663df347a69e69f7ff897aac?s=96&d=monsterid&r=g","url":"https:\/\/secure.gravatar.com\/avatar\/36af2c4c1f6de1245282e2f6d3e4483d8c1fb911663df347a69e69f7ff897aac?s=96&d=monsterid&r=g","height":96,"width":96}},"publisher":{"@type":"Person","name":"Dirk Bachhausen","image":{"@type":"ImageObject","@id":"https:\/\/www.bachhausen.de\/wp-content\/uploads\/2019\/07\/dirk_profil-300x300.jpg","url":"https:\/\/www.bachhausen.de\/wp-content\/uploads\/2019\/07\/dirk_profil-300x300.jpg","width":600,"height":60}},"image":{"@type":"ImageObject","@id":"https:\/\/www.bachhausen.de\/wp-content\/uploads\/2024\/11\/stein_scherben_26112024.png","url":"https:\/\/www.bachhausen.de\/wp-content\/uploads\/2024\/11\/stein_scherben_26112024.png","height":0,"width":0},"wordCount":1767,"keywords":["arbeit","beendet","brocken","kunstbeirat","seine","stadt","wirft"]},{"@type":"NewsArticle","@id":"https:\/\/www.bachhausen.de\/koelner-cdu-vor-schwieriger-woche-offene-kritik-an-parteivorsitzendem\/","headline":"K\u00f6lner CDU vor schwieriger Woche: Offene Kritik an Parteivorsitzendem","url":"https:\/\/www.bachhausen.de\/koelner-cdu-vor-schwieriger-woche-offene-kritik-an-parteivorsitzendem\/","datePublished":"2024-11-26","dateModified":"2024-11-26","mainEntityOfPage":"https:\/\/www.bachhausen.de\/koelner-cdu-vor-schwieriger-woche-offene-kritik-an-parteivorsitzendem\/","author":{"@type":"Person","@id":"##Person","name":"Report K","url":"#","identifier":20,"image":{"@type":"ImageObject","@id":"https:\/\/secure.gravatar.com\/avatar\/36af2c4c1f6de1245282e2f6d3e4483d8c1fb911663df347a69e69f7ff897aac?s=96&d=monsterid&r=g","url":"https:\/\/secure.gravatar.com\/avatar\/36af2c4c1f6de1245282e2f6d3e4483d8c1fb911663df347a69e69f7ff897aac?s=96&d=monsterid&r=g","height":96,"width":96}},"publisher":{"@type":"Person","name":"Dirk Bachhausen","image":{"@type":"ImageObject","@id":"https:\/\/www.bachhausen.de\/wp-content\/uploads\/2019\/07\/dirk_profil-300x300.jpg","url":"https:\/\/www.bachhausen.de\/wp-content\/uploads\/2019\/07\/dirk_profil-300x300.jpg","width":600,"height":60}},"image":{"@type":"ImageObject","@id":"https:\/\/www.bachhausen.de\/wp-content\/uploads\/2024\/11\/mandl_03092021.jpg","url":"https:\/\/www.bachhausen.de\/wp-content\/uploads\/2024\/11\/mandl_03092021.jpg","height":300,"width":500},"wordCount":449,"keywords":["kolner","kritik","offene","parteivorsitzendem","schwieriger","woche"]},{"@type":"NewsArticle","@id":"https:\/\/www.bachhausen.de\/keine-wohnmobile-zu-gewinnen-gefaelschtes-gewinnspiel-auf-facebook-im-umlauf\/","headline":"Keine Wohnmobile zu gewinnen: Gef\u00e4lschtes Gewinnspiel auf Facebook im Umlauf","url":"https:\/\/www.bachhausen.de\/keine-wohnmobile-zu-gewinnen-gefaelschtes-gewinnspiel-auf-facebook-im-umlauf\/","datePublished":"2024-11-26","dateModified":"2024-11-26","mainEntityOfPage":"https:\/\/www.bachhausen.de\/keine-wohnmobile-zu-gewinnen-gefaelschtes-gewinnspiel-auf-facebook-im-umlauf\/","author":{"@type":"Person","@id":"##Person","name":"Correctiv.org","url":"#","identifier":15,"description":"<div class=\"elementor-element elementor-element-3e1bf03c elementor-widget elementor-widget-heading\" data-id=\"3e1bf03c\">\r\n<div class=\"elementor-widget-container\">\r\n<h1 class=\"elementor-heading-title elementor-size-default\">Recherchen f\u00fcr die Gesellschaft und mit der Gesellschaft<\/h1>\r\n<\/div>\r\n<\/div>\r\n<section class=\"elementor-element elementor-element-5be37e09 elementor-section-content-middle elementor-section-boxed elementor-section-height-default elementor-section-height-default elementor-section elementor-inner-section\" data-id=\"5be37e09\">\r\n<div class=\"elementor-container elementor-column-gap-no\">\r\n<div class=\"elementor-row\">\r\n<div class=\"elementor-element elementor-element-63cc7109 elementor-column elementor-col-50 elementor-inner-column\" data-id=\"63cc7109\">\r\n<div class=\"elementor-column-wrap elementor-element-populated\">\r\n<div class=\"elementor-widget-wrap\">\r\n<div class=\"elementor-element elementor-element-7d9688e9 elementor-widget elementor-widget-text-editor\" data-id=\"7d9688e9\">\r\n<div class=\"elementor-widget-container\">\r\n<div class=\"elementor-text-editor elementor-clearfix\">\r\n\r\n<strong>Investigativ. Unabh\u00e4ngig. Gemeinn\u00fctzig.<\/strong>\r\nCORRECTIV\u00a0ist das erste gemeinn\u00fctzige Recherchezentrum im deutschsprachigen Raum. Wir recherchieren langfristig zu Missst\u00e4nden in der Gesellschaft, f\u00f6rdern Medienkompetenz und f\u00fchren Bildungsprogramme durch.\r\n\r\n<a href=\"https:\/\/correctiv.org\/\">https:\/\/correctiv.org\/<\/a>\r\n\r\n<\/div>\r\n<\/div>\r\n<\/div>\r\n<\/div>\r\n<\/div>\r\n<\/div>\r\n<\/div>\r\n<\/div>\r\n<\/section>","image":{"@type":"ImageObject","@id":"https:\/\/secure.gravatar.com\/avatar\/51a6c0962ec4a7a9fff8508f3b6a21069f40fbb9a1ee7294cca7a040ced87b6c?s=96&d=monsterid&r=g","url":"https:\/\/secure.gravatar.com\/avatar\/51a6c0962ec4a7a9fff8508f3b6a21069f40fbb9a1ee7294cca7a040ced87b6c?s=96&d=monsterid&r=g","height":96,"width":96}},"publisher":{"@type":"Person","name":"Dirk Bachhausen","image":{"@type":"ImageObject","@id":"https:\/\/www.bachhausen.de\/wp-content\/uploads\/2019\/07\/dirk_profil-300x300.jpg","url":"https:\/\/www.bachhausen.de\/wp-content\/uploads\/2019\/07\/dirk_profil-300x300.jpg","width":600,"height":60}},"image":{"@type":"ImageObject","@id":"https:\/\/correctiv.org\/wp-content\/themes\/correctiv-theme\/img\/rating\/false.svg","url":"https:\/\/correctiv.org\/wp-content\/themes\/correctiv-theme\/img\/rating\/false.svg","height":"","width":""},"wordCount":1104,"keywords":["facebook","gefalschtes","gewinnen","gewinnspiel","keine","umlauf","wohnmobile"]},{"@type":"NewsArticle","@id":"https:\/\/www.bachhausen.de\/datenklau-statt-e-bikes-mit-betrugsmasche-auf-facebook\/","headline":"Datenklau statt E-Bikes mit Betrugsmasche auf Facebook","url":"https:\/\/www.bachhausen.de\/datenklau-statt-e-bikes-mit-betrugsmasche-auf-facebook\/","datePublished":"2024-11-26","dateModified":"2024-11-26","mainEntityOfPage":"https:\/\/www.bachhausen.de\/datenklau-statt-e-bikes-mit-betrugsmasche-auf-facebook\/","author":{"@type":"Person","@id":"##Person","name":"Correctiv.org","url":"#","identifier":15,"description":"<div class=\"elementor-element elementor-element-3e1bf03c elementor-widget elementor-widget-heading\" data-id=\"3e1bf03c\">\r\n<div class=\"elementor-widget-container\">\r\n<h1 class=\"elementor-heading-title elementor-size-default\">Recherchen f\u00fcr die Gesellschaft und mit der Gesellschaft<\/h1>\r\n<\/div>\r\n<\/div>\r\n<section class=\"elementor-element elementor-element-5be37e09 elementor-section-content-middle elementor-section-boxed elementor-section-height-default elementor-section-height-default elementor-section elementor-inner-section\" data-id=\"5be37e09\">\r\n<div class=\"elementor-container elementor-column-gap-no\">\r\n<div class=\"elementor-row\">\r\n<div class=\"elementor-element elementor-element-63cc7109 elementor-column elementor-col-50 elementor-inner-column\" data-id=\"63cc7109\">\r\n<div class=\"elementor-column-wrap elementor-element-populated\">\r\n<div class=\"elementor-widget-wrap\">\r\n<div class=\"elementor-element elementor-element-7d9688e9 elementor-widget elementor-widget-text-editor\" data-id=\"7d9688e9\">\r\n<div class=\"elementor-widget-container\">\r\n<div class=\"elementor-text-editor elementor-clearfix\">\r\n\r\n<strong>Investigativ. Unabh\u00e4ngig. Gemeinn\u00fctzig.<\/strong>\r\nCORRECTIV\u00a0ist das erste gemeinn\u00fctzige Recherchezentrum im deutschsprachigen Raum. Wir recherchieren langfristig zu Missst\u00e4nden in der Gesellschaft, f\u00f6rdern Medienkompetenz und f\u00fchren Bildungsprogramme durch.\r\n\r\n<a href=\"https:\/\/correctiv.org\/\">https:\/\/correctiv.org\/<\/a>\r\n\r\n<\/div>\r\n<\/div>\r\n<\/div>\r\n<\/div>\r\n<\/div>\r\n<\/div>\r\n<\/div>\r\n<\/div>\r\n<\/section>","image":{"@type":"ImageObject","@id":"https:\/\/secure.gravatar.com\/avatar\/51a6c0962ec4a7a9fff8508f3b6a21069f40fbb9a1ee7294cca7a040ced87b6c?s=96&d=monsterid&r=g","url":"https:\/\/secure.gravatar.com\/avatar\/51a6c0962ec4a7a9fff8508f3b6a21069f40fbb9a1ee7294cca7a040ced87b6c?s=96&d=monsterid&r=g","height":96,"width":96}},"publisher":{"@type":"Person","name":"Dirk Bachhausen","image":{"@type":"ImageObject","@id":"https:\/\/www.bachhausen.de\/wp-content\/uploads\/2019\/07\/dirk_profil-300x300.jpg","url":"https:\/\/www.bachhausen.de\/wp-content\/uploads\/2019\/07\/dirk_profil-300x300.jpg","width":600,"height":60}},"image":{"@type":"ImageObject","@id":"https:\/\/correctiv.org\/wp-content\/themes\/correctiv-theme\/img\/rating\/false.svg","url":"https:\/\/correctiv.org\/wp-content\/themes\/correctiv-theme\/img\/rating\/false.svg","height":"","width":""},"wordCount":1333,"keywords":["betrugsmasche","bikes","datenklau","facebook","statt"]},{"@type":"NewsArticle","@id":"https:\/\/www.bachhausen.de\/mehr-schutz-vor-starkregen-bauarbeiten-fuer-modernen-stauraumkanal-starten-in-esch-und-pesch\/","headline":"Mehr Schutz vor Starkregen: Bauarbeiten f\u00fcr modernen Stauraumkanal starten in Esch und Pesch","url":"https:\/\/www.bachhausen.de\/mehr-schutz-vor-starkregen-bauarbeiten-fuer-modernen-stauraumkanal-starten-in-esch-und-pesch\/","datePublished":"2024-11-26","dateModified":"2024-11-26","mainEntityOfPage":"https:\/\/www.bachhausen.de\/mehr-schutz-vor-starkregen-bauarbeiten-fuer-modernen-stauraumkanal-starten-in-esch-und-pesch\/","author":{"@type":"Person","@id":"##Person","name":"K\u00f6lner Stadtanzeiger","url":"#","identifier":3,"description":"Der K\u00f6lner Stadtanzeiger","image":{"@type":"ImageObject","@id":"https:\/\/secure.gravatar.com\/avatar\/a3f43e8250594c4ed8be9e86201eefa6cc06ef89c032788db696432ac7e77173?s=96&d=monsterid&r=g","url":"https:\/\/secure.gravatar.com\/avatar\/a3f43e8250594c4ed8be9e86201eefa6cc06ef89c032788db696432ac7e77173?s=96&d=monsterid&r=g","height":96,"width":96}},"publisher":{"@type":"Person","name":"Dirk Bachhausen","image":{"@type":"ImageObject","@id":"https:\/\/www.bachhausen.de\/wp-content\/uploads\/2019\/07\/dirk_profil-300x300.jpg","url":"https:\/\/www.bachhausen.de\/wp-content\/uploads\/2019\/07\/dirk_profil-300x300.jpg","width":600,"height":60}},"image":{"@type":"ImageObject","@id":"https:\/\/www.bachhausen.de\/wp-content\/uploads\/2023\/09\/Zeitungsleser.webp","url":"https:\/\/www.bachhausen.de\/wp-content\/uploads\/2023\/09\/Zeitungsleser.webp","height":534,"width":800},"wordCount":611,"keywords":["bauarbeiten","modernen","pesch","schutz","starkregen","starten","stauraumkanal"]},{"@type":"NewsArticle","@id":"https:\/\/www.bachhausen.de\/blindgaenger-aus-dem-zweiten-weltkrieg-in-koeln-deutz-gefunden-und-entschaerft\/","headline":"Blindg\u00e4nger aus dem Zweiten Weltkrieg in K\u00f6ln-Deutz gefunden und entsch\u00e4rft","url":"https:\/\/www.bachhausen.de\/blindgaenger-aus-dem-zweiten-weltkrieg-in-koeln-deutz-gefunden-und-entschaerft\/","datePublished":"2024-11-26","dateModified":"2024-11-26","mainEntityOfPage":"https:\/\/www.bachhausen.de\/blindgaenger-aus-dem-zweiten-weltkrieg-in-koeln-deutz-gefunden-und-entschaerft\/","author":{"@type":"Person","@id":"##Person","name":"Report K","url":"#","identifier":20,"image":{"@type":"ImageObject","@id":"https:\/\/secure.gravatar.com\/avatar\/36af2c4c1f6de1245282e2f6d3e4483d8c1fb911663df347a69e69f7ff897aac?s=96&d=monsterid&r=g","url":"https:\/\/secure.gravatar.com\/avatar\/36af2c4c1f6de1245282e2f6d3e4483d8c1fb911663df347a69e69f7ff897aac?s=96&d=monsterid&r=g","height":96,"width":96}},"publisher":{"@type":"Person","name":"Dirk Bachhausen","image":{"@type":"ImageObject","@id":"https:\/\/www.bachhausen.de\/wp-content\/uploads\/2019\/07\/dirk_profil-300x300.jpg","url":"https:\/\/www.bachhausen.de\/wp-content\/uploads\/2019\/07\/dirk_profil-300x300.jpg","width":600,"height":60}},"image":{"@type":"ImageObject","@id":"https:\/\/www.bachhausen.de\/wp-content\/uploads\/2024\/11\/karte_bomb_stadt_26112024.jpg","url":"https:\/\/www.bachhausen.de\/wp-content\/uploads\/2024\/11\/karte_bomb_stadt_26112024.jpg","height":768,"width":1024},"wordCount":248,"keywords":["blindganger","deutz","entscharft","gefunden","weltkrieg","zweiten"]},{"@type":"NewsArticle","@id":"https:\/\/www.bachhausen.de\/handlungsfaehigkeit-des-oeffentlichen-dienstes-wieder-herstellen-fuer-die-menschen-in-nrw\/","headline":"Handlungsf\u00e4higkeit des \u00d6ffentlichen Dienstes wieder herstellen \u2013 f\u00fcr die Menschen in NRW","url":"https:\/\/www.bachhausen.de\/handlungsfaehigkeit-des-oeffentlichen-dienstes-wieder-herstellen-fuer-die-menschen-in-nrw\/","datePublished":"2024-11-26","dateModified":"2024-11-26","mainEntityOfPage":"https:\/\/www.bachhausen.de\/handlungsfaehigkeit-des-oeffentlichen-dienstes-wieder-herstellen-fuer-die-menschen-in-nrw\/","author":{"@type":"Person","@id":"##Person","name":"SPD K\u00f6ln","url":"#","identifier":4,"image":{"@type":"ImageObject","@id":"https:\/\/secure.gravatar.com\/avatar\/9e275a42f0e2d615e7358ea63859947f3ea63517a2bcb7a2b26010d9ca858396?s=96&d=monsterid&r=g","url":"https:\/\/secure.gravatar.com\/avatar\/9e275a42f0e2d615e7358ea63859947f3ea63517a2bcb7a2b26010d9ca858396?s=96&d=monsterid&r=g","height":96,"width":96}},"publisher":{"@type":"Person","name":"Dirk Bachhausen","image":{"@type":"ImageObject","@id":"https:\/\/www.bachhausen.de\/wp-content\/uploads\/2019\/07\/dirk_profil-300x300.jpg","url":"https:\/\/www.bachhausen.de\/wp-content\/uploads\/2019\/07\/dirk_profil-300x300.jpg","width":600,"height":60}},"image":{"@type":"ImageObject","@id":"https:\/\/www.bachhausen.de\/wp-content\/uploads\/2023\/09\/Zeitungsleser.webp","url":"https:\/\/www.bachhausen.de\/wp-content\/uploads\/2023\/09\/Zeitungsleser.webp","height":534,"width":800},"wordCount":352,"keywords":["dienstes","handlungsfahigkeit","herstellen","menschen","offentlichen","wieder"]},{"@type":"NewsArticle","@id":"https:\/\/www.bachhausen.de\/bayern-afd-fordert-remigrations-plan-wie-die-afd-mit-einem-rassistischen-begriff-politik-macht\/","headline":"Bayern-AfD fordert \u201eRemigrations\u201c-Plan: Wie die AfD mit einem rassistischen Begriff Politik macht","url":"https:\/\/www.bachhausen.de\/bayern-afd-fordert-remigrations-plan-wie-die-afd-mit-einem-rassistischen-begriff-politik-macht\/","datePublished":"2024-11-25","dateModified":"2024-11-25","mainEntityOfPage":"https:\/\/www.bachhausen.de\/bayern-afd-fordert-remigrations-plan-wie-die-afd-mit-einem-rassistischen-begriff-politik-macht\/","author":{"@type":"Person","@id":"##Person","name":"Correctiv.org","url":"#","identifier":15,"description":"<div class=\"elementor-element elementor-element-3e1bf03c elementor-widget elementor-widget-heading\" data-id=\"3e1bf03c\">\r\n<div class=\"elementor-widget-container\">\r\n<h1 class=\"elementor-heading-title elementor-size-default\">Recherchen f\u00fcr die Gesellschaft und mit der Gesellschaft<\/h1>\r\n<\/div>\r\n<\/div>\r\n<section class=\"elementor-element elementor-element-5be37e09 elementor-section-content-middle elementor-section-boxed elementor-section-height-default elementor-section-height-default elementor-section elementor-inner-section\" data-id=\"5be37e09\">\r\n<div class=\"elementor-container elementor-column-gap-no\">\r\n<div class=\"elementor-row\">\r\n<div class=\"elementor-element elementor-element-63cc7109 elementor-column elementor-col-50 elementor-inner-column\" data-id=\"63cc7109\">\r\n<div class=\"elementor-column-wrap elementor-element-populated\">\r\n<div class=\"elementor-widget-wrap\">\r\n<div class=\"elementor-element elementor-element-7d9688e9 elementor-widget elementor-widget-text-editor\" data-id=\"7d9688e9\">\r\n<div class=\"elementor-widget-container\">\r\n<div class=\"elementor-text-editor elementor-clearfix\">\r\n\r\n<strong>Investigativ. Unabh\u00e4ngig. Gemeinn\u00fctzig.<\/strong>\r\nCORRECTIV\u00a0ist das erste gemeinn\u00fctzige Recherchezentrum im deutschsprachigen Raum. Wir recherchieren langfristig zu Missst\u00e4nden in der Gesellschaft, f\u00f6rdern Medienkompetenz und f\u00fchren Bildungsprogramme durch.\r\n\r\n<a href=\"https:\/\/correctiv.org\/\">https:\/\/correctiv.org\/<\/a>\r\n\r\n<\/div>\r\n<\/div>\r\n<\/div>\r\n<\/div>\r\n<\/div>\r\n<\/div>\r\n<\/div>\r\n<\/div>\r\n<\/section>","image":{"@type":"ImageObject","@id":"https:\/\/secure.gravatar.com\/avatar\/51a6c0962ec4a7a9fff8508f3b6a21069f40fbb9a1ee7294cca7a040ced87b6c?s=96&d=monsterid&r=g","url":"https:\/\/secure.gravatar.com\/avatar\/51a6c0962ec4a7a9fff8508f3b6a21069f40fbb9a1ee7294cca7a040ced87b6c?s=96&d=monsterid&r=g","height":96,"width":96}},"publisher":{"@type":"Person","name":"Dirk Bachhausen","image":{"@type":"ImageObject","@id":"https:\/\/www.bachhausen.de\/wp-content\/uploads\/2019\/07\/dirk_profil-300x300.jpg","url":"https:\/\/www.bachhausen.de\/wp-content\/uploads\/2019\/07\/dirk_profil-300x300.jpg","width":600,"height":60}},"image":{"@type":"ImageObject","@id":"https:\/\/www.bachhausen.de\/wp-content\/uploads\/2023\/09\/Zeitungsleser.webp","url":"https:\/\/www.bachhausen.de\/wp-content\/uploads\/2023\/09\/Zeitungsleser.webp","height":534,"width":800},"wordCount":2393,"keywords":["bayern","begriff","einem","fordert","politik","rassistischen","remigrations"]}]},{"@context":"https:\/\/schema.org","@type":"WebSite","@id":"https:\/\/www.bachhausen.de\/#website","name":"Dirk Bachhausen","url":"https:\/\/www.bachhausen.de","potentialAction":{"@type":"SearchAction","target":"https:\/\/www.bachhausen.de\/?s={search_term_string}","query-input":"required name=search_term_string"}}]