[{"@context":"https:\/\/schema.org\/","@type":"Blog","@id":"https:\/\/www.bachhausen.de#Blog","headline":"Dirk Bachhausen","description":"Sagen, was ist. \u2013 Tun, was man sagt. \u2013 Und sein, was man tut.","url":"https:\/\/www.bachhausen.de","hasPart":[{"@type":"NewsArticle","@id":"https:\/\/www.bachhausen.de\/erste-acts-bekannt-dicke-ueberraschung-band-feiert-sieben-jahre-nach-aufloesung-comeback-auf-summerjam\/","headline":"Erste Acts bekannt: Dicke \u00dcberraschung \u2013 Band feiert sieben Jahre nach Aufl\u00f6sung Comeback auf Summerjam","url":"https:\/\/www.bachhausen.de\/erste-acts-bekannt-dicke-ueberraschung-band-feiert-sieben-jahre-nach-aufloesung-comeback-auf-summerjam\/","datePublished":"2024-11-25","dateModified":"2024-11-25","mainEntityOfPage":"https:\/\/www.bachhausen.de\/erste-acts-bekannt-dicke-ueberraschung-band-feiert-sieben-jahre-nach-aufloesung-comeback-auf-summerjam\/","author":{"@type":"Person","@id":"##Person","name":"K\u00f6lner Stadtanzeiger","url":"#","identifier":3,"description":"Der K\u00f6lner Stadtanzeiger","image":{"@type":"ImageObject","@id":"https:\/\/secure.gravatar.com\/avatar\/a3f43e8250594c4ed8be9e86201eefa6cc06ef89c032788db696432ac7e77173?s=96&d=monsterid&r=g","url":"https:\/\/secure.gravatar.com\/avatar\/a3f43e8250594c4ed8be9e86201eefa6cc06ef89c032788db696432ac7e77173?s=96&d=monsterid&r=g","height":96,"width":96}},"publisher":{"@type":"Person","name":"Dirk Bachhausen","image":{"@type":"ImageObject","@id":"https:\/\/www.bachhausen.de\/wp-content\/uploads\/2019\/07\/dirk_profil-300x300.jpg","url":"https:\/\/www.bachhausen.de\/wp-content\/uploads\/2019\/07\/dirk_profil-300x300.jpg","width":600,"height":60}},"image":{"@type":"ImageObject","@id":"https:\/\/www.bachhausen.de\/wp-content\/uploads\/2023\/09\/Zeitungsleser.webp","url":"https:\/\/www.bachhausen.de\/wp-content\/uploads\/2023\/09\/Zeitungsleser.webp","height":534,"width":800},"wordCount":367,"keywords":["bekannt","dicke","erste","feiert","jahre","sieben","uberraschung"]},{"@type":"NewsArticle","@id":"https:\/\/www.bachhausen.de\/das-gewalthilfegesetz-muss-jetzt-kommen\/","headline":"Das Gewalthilfegesetz muss jetzt kommen","url":"https:\/\/www.bachhausen.de\/das-gewalthilfegesetz-muss-jetzt-kommen\/","datePublished":"2024-11-25","dateModified":"2024-11-25","mainEntityOfPage":"https:\/\/www.bachhausen.de\/das-gewalthilfegesetz-muss-jetzt-kommen\/","author":{"@type":"Person","@id":"##Person","name":"SPD K\u00f6ln","url":"#","identifier":4,"image":{"@type":"ImageObject","@id":"https:\/\/secure.gravatar.com\/avatar\/9e275a42f0e2d615e7358ea63859947f3ea63517a2bcb7a2b26010d9ca858396?s=96&d=monsterid&r=g","url":"https:\/\/secure.gravatar.com\/avatar\/9e275a42f0e2d615e7358ea63859947f3ea63517a2bcb7a2b26010d9ca858396?s=96&d=monsterid&r=g","height":96,"width":96}},"publisher":{"@type":"Person","name":"Dirk Bachhausen","image":{"@type":"ImageObject","@id":"https:\/\/www.bachhausen.de\/wp-content\/uploads\/2019\/07\/dirk_profil-300x300.jpg","url":"https:\/\/www.bachhausen.de\/wp-content\/uploads\/2019\/07\/dirk_profil-300x300.jpg","width":600,"height":60}},"image":{"@type":"ImageObject","@id":"https:\/\/www.bachhausen.de\/wp-content\/uploads\/2023\/09\/Zeitungsleser.webp","url":"https:\/\/www.bachhausen.de\/wp-content\/uploads\/2023\/09\/Zeitungsleser.webp","height":534,"width":800},"wordCount":373,"keywords":["gewalthilfegesetz","jetzt","kommen"]},{"@type":"NewsArticle","@id":"https:\/\/www.bachhausen.de\/katharina-droege-will-von-ehrenfeldern-nippesern-und-chorweilern-eingeladen-werden\/","headline":"Katharina Dr\u00f6ge will von Ehrenfeldern, Nippesern und Chorweilern eingeladen werden","url":"https:\/\/www.bachhausen.de\/katharina-droege-will-von-ehrenfeldern-nippesern-und-chorweilern-eingeladen-werden\/","datePublished":"2024-11-24","dateModified":"2024-11-24","mainEntityOfPage":"https:\/\/www.bachhausen.de\/katharina-droege-will-von-ehrenfeldern-nippesern-und-chorweilern-eingeladen-werden\/","author":{"@type":"Person","@id":"##Person","name":"Report K","url":"#","identifier":20,"image":{"@type":"ImageObject","@id":"https:\/\/secure.gravatar.com\/avatar\/36af2c4c1f6de1245282e2f6d3e4483d8c1fb911663df347a69e69f7ff897aac?s=96&d=monsterid&r=g","url":"https:\/\/secure.gravatar.com\/avatar\/36af2c4c1f6de1245282e2f6d3e4483d8c1fb911663df347a69e69f7ff897aac?s=96&d=monsterid&r=g","height":96,"width":96}},"publisher":{"@type":"Person","name":"Dirk Bachhausen","image":{"@type":"ImageObject","@id":"https:\/\/www.bachhausen.de\/wp-content\/uploads\/2019\/07\/dirk_profil-300x300.jpg","url":"https:\/\/www.bachhausen.de\/wp-content\/uploads\/2019\/07\/dirk_profil-300x300.jpg","width":600,"height":60}},"image":{"@type":"ImageObject","@id":"https:\/\/www.bachhausen.de\/wp-content\/uploads\/2024\/11\/droege_screen_24112024.jpg","url":"https:\/\/www.bachhausen.de\/wp-content\/uploads\/2024\/11\/droege_screen_24112024.jpg","height":768,"width":1024},"wordCount":453,"keywords":["chorweilern","droge","ehrenfeldern","eingeladen","katharina","nippesern","werden"]},{"@type":"NewsArticle","@id":"https:\/\/www.bachhausen.de\/der-koelner-spd-ob-kandidat-torsten-burmester-und-der-dosb\/","headline":"Der K\u00f6lner SPD-OB-Kandidat Torsten Burmester und der DOSB","url":"https:\/\/www.bachhausen.de\/der-koelner-spd-ob-kandidat-torsten-burmester-und-der-dosb\/","datePublished":"2024-11-24","dateModified":"2024-11-24","mainEntityOfPage":"https:\/\/www.bachhausen.de\/der-koelner-spd-ob-kandidat-torsten-burmester-und-der-dosb\/","author":{"@type":"Person","@id":"##Person","name":"Report K","url":"#","identifier":20,"image":{"@type":"ImageObject","@id":"https:\/\/secure.gravatar.com\/avatar\/36af2c4c1f6de1245282e2f6d3e4483d8c1fb911663df347a69e69f7ff897aac?s=96&d=monsterid&r=g","url":"https:\/\/secure.gravatar.com\/avatar\/36af2c4c1f6de1245282e2f6d3e4483d8c1fb911663df347a69e69f7ff897aac?s=96&d=monsterid&r=g","height":96,"width":96}},"publisher":{"@type":"Person","name":"Dirk Bachhausen","image":{"@type":"ImageObject","@id":"https:\/\/www.bachhausen.de\/wp-content\/uploads\/2019\/07\/dirk_profil-300x300.jpg","url":"https:\/\/www.bachhausen.de\/wp-content\/uploads\/2019\/07\/dirk_profil-300x300.jpg","width":600,"height":60}},"image":{"@type":"ImageObject","@id":"https:\/\/www.bachhausen.de\/wp-content\/uploads\/2024\/11\/burmester_24112024.png","url":"https:\/\/www.bachhausen.de\/wp-content\/uploads\/2024\/11\/burmester_24112024.png","height":768,"width":1024},"wordCount":1342,"keywords":["burmester","kandidat","kolner","torsten"]},{"@type":"NewsArticle","@id":"https:\/\/www.bachhausen.de\/koelner-cdu-und-deren-haltung-zu-den-koelner-gruenen\/","headline":"K\u00f6lner CDU und deren Haltung zu den K\u00f6lner Gr\u00fcnen","url":"https:\/\/www.bachhausen.de\/koelner-cdu-und-deren-haltung-zu-den-koelner-gruenen\/","datePublished":"2024-11-24","dateModified":"2024-11-24","mainEntityOfPage":"https:\/\/www.bachhausen.de\/koelner-cdu-und-deren-haltung-zu-den-koelner-gruenen\/","author":{"@type":"Person","@id":"##Person","name":"Report K","url":"#","identifier":20,"image":{"@type":"ImageObject","@id":"https:\/\/secure.gravatar.com\/avatar\/36af2c4c1f6de1245282e2f6d3e4483d8c1fb911663df347a69e69f7ff897aac?s=96&d=monsterid&r=g","url":"https:\/\/secure.gravatar.com\/avatar\/36af2c4c1f6de1245282e2f6d3e4483d8c1fb911663df347a69e69f7ff897aac?s=96&d=monsterid&r=g","height":96,"width":96}},"publisher":{"@type":"Person","name":"Dirk Bachhausen","image":{"@type":"ImageObject","@id":"https:\/\/www.bachhausen.de\/wp-content\/uploads\/2019\/07\/dirk_profil-300x300.jpg","url":"https:\/\/www.bachhausen.de\/wp-content\/uploads\/2019\/07\/dirk_profil-300x300.jpg","width":600,"height":60}},"image":{"@type":"ImageObject","@id":"https:\/\/www.bachhausen.de\/wp-content\/uploads\/2024\/11\/cdu_511A0941_26012023.jpg","url":"https:\/\/www.bachhausen.de\/wp-content\/uploads\/2024\/11\/cdu_511A0941_26012023.jpg","height":768,"width":1064},"wordCount":665,"keywords":["deren","grunen","haltung","kolner"]},{"@type":"NewsArticle","@id":"https:\/\/www.bachhausen.de\/mehr-ordnung-auch-am-wochenende-stadtdirektorin-blome-besucht-bezirksvertretung-chorweiler\/","headline":"Mehr Ordnung auch am Wochenende: Stadtdirektorin Blome besucht Bezirksvertretung Chorweiler","url":"https:\/\/www.bachhausen.de\/mehr-ordnung-auch-am-wochenende-stadtdirektorin-blome-besucht-bezirksvertretung-chorweiler\/","datePublished":"2024-11-24","dateModified":"2024-11-24","mainEntityOfPage":"https:\/\/www.bachhausen.de\/mehr-ordnung-auch-am-wochenende-stadtdirektorin-blome-besucht-bezirksvertretung-chorweiler\/","author":{"@type":"Person","@id":"##Person","name":"K\u00f6lner Stadtanzeiger","url":"#","identifier":3,"description":"Der K\u00f6lner Stadtanzeiger","image":{"@type":"ImageObject","@id":"https:\/\/secure.gravatar.com\/avatar\/a3f43e8250594c4ed8be9e86201eefa6cc06ef89c032788db696432ac7e77173?s=96&d=monsterid&r=g","url":"https:\/\/secure.gravatar.com\/avatar\/a3f43e8250594c4ed8be9e86201eefa6cc06ef89c032788db696432ac7e77173?s=96&d=monsterid&r=g","height":96,"width":96}},"publisher":{"@type":"Person","name":"Dirk Bachhausen","image":{"@type":"ImageObject","@id":"https:\/\/www.bachhausen.de\/wp-content\/uploads\/2019\/07\/dirk_profil-300x300.jpg","url":"https:\/\/www.bachhausen.de\/wp-content\/uploads\/2019\/07\/dirk_profil-300x300.jpg","width":600,"height":60}},"image":{"@type":"ImageObject","@id":"https:\/\/www.bachhausen.de\/wp-content\/uploads\/2023\/09\/Zeitungsleser.webp","url":"https:\/\/www.bachhausen.de\/wp-content\/uploads\/2023\/09\/Zeitungsleser.webp","height":534,"width":800},"wordCount":777,"keywords":["besucht","bezirksvertretung","blome","chorweiler","ordnung","stadtdirektorin","wochenende"]},{"@type":"NewsArticle","@id":"https:\/\/www.bachhausen.de\/arche-fuer-obdachlose-mit-neuen-vorstandsmitgliedern\/","headline":"Arche f\u00fcr Obdachlose mit neuen Vorstandsmitgliedern","url":"https:\/\/www.bachhausen.de\/arche-fuer-obdachlose-mit-neuen-vorstandsmitgliedern\/","datePublished":"2024-11-24","dateModified":"2024-11-24","mainEntityOfPage":"https:\/\/www.bachhausen.de\/arche-fuer-obdachlose-mit-neuen-vorstandsmitgliedern\/","author":{"@type":"Person","@id":"##Person","name":"Report K","url":"#","identifier":20,"image":{"@type":"ImageObject","@id":"https:\/\/secure.gravatar.com\/avatar\/36af2c4c1f6de1245282e2f6d3e4483d8c1fb911663df347a69e69f7ff897aac?s=96&d=monsterid&r=g","url":"https:\/\/secure.gravatar.com\/avatar\/36af2c4c1f6de1245282e2f6d3e4483d8c1fb911663df347a69e69f7ff897aac?s=96&d=monsterid&r=g","height":96,"width":96}},"publisher":{"@type":"Person","name":"Dirk Bachhausen","image":{"@type":"ImageObject","@id":"https:\/\/www.bachhausen.de\/wp-content\/uploads\/2019\/07\/dirk_profil-300x300.jpg","url":"https:\/\/www.bachhausen.de\/wp-content\/uploads\/2019\/07\/dirk_profil-300x300.jpg","width":600,"height":60}},"image":{"@type":"ImageObject","@id":"https:\/\/www.bachhausen.de\/wp-content\/uploads\/2024\/11\/arche_obdachlose_24112024.png","url":"https:\/\/www.bachhausen.de\/wp-content\/uploads\/2024\/11\/arche_obdachlose_24112024.png","height":0,"width":0},"wordCount":319,"keywords":["arche","neuen","obdachlose","vorstandsmitgliedern"]},{"@type":"NewsArticle","@id":"https:\/\/www.bachhausen.de\/koelner-kulturrat-blickt-kritisch-auf-haushaltsplanentwurf-2025-2026-der-stadtverwaltung\/","headline":"K\u00f6lner Kulturrat blickt kritisch auf Haushaltsplanentwurf 2025\/2026 der Stadtverwaltung","url":"https:\/\/www.bachhausen.de\/koelner-kulturrat-blickt-kritisch-auf-haushaltsplanentwurf-2025-2026-der-stadtverwaltung\/","datePublished":"2024-11-24","dateModified":"2024-11-24","mainEntityOfPage":"https:\/\/www.bachhausen.de\/koelner-kulturrat-blickt-kritisch-auf-haushaltsplanentwurf-2025-2026-der-stadtverwaltung\/","author":{"@type":"Person","@id":"##Person","name":"Report K","url":"#","identifier":20,"image":{"@type":"ImageObject","@id":"https:\/\/secure.gravatar.com\/avatar\/36af2c4c1f6de1245282e2f6d3e4483d8c1fb911663df347a69e69f7ff897aac?s=96&d=monsterid&r=g","url":"https:\/\/secure.gravatar.com\/avatar\/36af2c4c1f6de1245282e2f6d3e4483d8c1fb911663df347a69e69f7ff897aac?s=96&d=monsterid&r=g","height":96,"width":96}},"publisher":{"@type":"Person","name":"Dirk Bachhausen","image":{"@type":"ImageObject","@id":"https:\/\/www.bachhausen.de\/wp-content\/uploads\/2019\/07\/dirk_profil-300x300.jpg","url":"https:\/\/www.bachhausen.de\/wp-content\/uploads\/2019\/07\/dirk_profil-300x300.jpg","width":600,"height":60}},"image":{"@type":"ImageObject","@id":"https:\/\/www.bachhausen.de\/wp-content\/uploads\/2024\/11\/pinsel_pix_24112024.jpg","url":"https:\/\/www.bachhausen.de\/wp-content\/uploads\/2024\/11\/pinsel_pix_24112024.jpg","height":0,"width":0},"wordCount":462,"keywords":["blickt","haushaltsplanentwurf","kolner","kritisch","kulturrat","stadtverwaltung"]},{"@type":"NewsArticle","@id":"https:\/\/www.bachhausen.de\/3-alte-bekannte-und-1-neuer-koelner-gruene-nominieren-die-bundestagsdirektkandidatinnen\/","headline":"3 alte Bekannte und 1 Neuer: K\u00f6lner Gr\u00fcne nominieren die Bundestagsdirektkandidat:innen","url":"https:\/\/www.bachhausen.de\/3-alte-bekannte-und-1-neuer-koelner-gruene-nominieren-die-bundestagsdirektkandidatinnen\/","datePublished":"2024-11-23","dateModified":"2024-11-23","mainEntityOfPage":"https:\/\/www.bachhausen.de\/3-alte-bekannte-und-1-neuer-koelner-gruene-nominieren-die-bundestagsdirektkandidatinnen\/","author":{"@type":"Person","@id":"##Person","name":"Report K","url":"#","identifier":20,"image":{"@type":"ImageObject","@id":"https:\/\/secure.gravatar.com\/avatar\/36af2c4c1f6de1245282e2f6d3e4483d8c1fb911663df347a69e69f7ff897aac?s=96&d=monsterid&r=g","url":"https:\/\/secure.gravatar.com\/avatar\/36af2c4c1f6de1245282e2f6d3e4483d8c1fb911663df347a69e69f7ff897aac?s=96&d=monsterid&r=g","height":96,"width":96}},"publisher":{"@type":"Person","name":"Dirk Bachhausen","image":{"@type":"ImageObject","@id":"https:\/\/www.bachhausen.de\/wp-content\/uploads\/2019\/07\/dirk_profil-300x300.jpg","url":"https:\/\/www.bachhausen.de\/wp-content\/uploads\/2019\/07\/dirk_profil-300x300.jpg","width":600,"height":60}},"image":{"@type":"ImageObject","@id":"https:\/\/www.bachhausen.de\/wp-content\/uploads\/2022\/05\/wahl_gebaude_15052022.jpg","url":"https:\/\/www.bachhausen.de\/wp-content\/uploads\/2022\/05\/wahl_gebaude_15052022.jpg","height":0,"width":0},"wordCount":1301,"keywords":["bekannte","bundestagsdirektkandidat","grune","innen","kolner","neuer","nominieren"]},{"@type":"NewsArticle","@id":"https:\/\/www.bachhausen.de\/kreuzfeld-wird-nur-mit-guter-verkehrsanbindung-funktionieren\/","headline":"Kreuzfeld wird nur mit guter Verkehrsanbindung funktionieren","url":"https:\/\/www.bachhausen.de\/kreuzfeld-wird-nur-mit-guter-verkehrsanbindung-funktionieren\/","datePublished":"2024-11-23","dateModified":"2024-11-23","mainEntityOfPage":"https:\/\/www.bachhausen.de\/kreuzfeld-wird-nur-mit-guter-verkehrsanbindung-funktionieren\/","author":{"@type":"Person","@id":"##Person","name":"SPD K\u00f6ln","url":"#","identifier":4,"image":{"@type":"ImageObject","@id":"https:\/\/secure.gravatar.com\/avatar\/9e275a42f0e2d615e7358ea63859947f3ea63517a2bcb7a2b26010d9ca858396?s=96&d=monsterid&r=g","url":"https:\/\/secure.gravatar.com\/avatar\/9e275a42f0e2d615e7358ea63859947f3ea63517a2bcb7a2b26010d9ca858396?s=96&d=monsterid&r=g","height":96,"width":96}},"publisher":{"@type":"Person","name":"Dirk Bachhausen","image":{"@type":"ImageObject","@id":"https:\/\/www.bachhausen.de\/wp-content\/uploads\/2019\/07\/dirk_profil-300x300.jpg","url":"https:\/\/www.bachhausen.de\/wp-content\/uploads\/2019\/07\/dirk_profil-300x300.jpg","width":600,"height":60}},"image":{"@type":"ImageObject","@id":"https:\/\/www.bachhausen.de\/wp-content\/uploads\/2023\/09\/Zeitungsleser.webp","url":"https:\/\/www.bachhausen.de\/wp-content\/uploads\/2023\/09\/Zeitungsleser.webp","height":534,"width":800},"wordCount":364,"keywords":["funktionieren","guter","kreuzfeld","verkehrsanbindung"]}]},{"@context":"https:\/\/schema.org","@type":"WebSite","@id":"https:\/\/www.bachhausen.de\/#website","name":"Dirk Bachhausen","url":"https:\/\/www.bachhausen.de","potentialAction":{"@type":"SearchAction","target":"https:\/\/www.bachhausen.de\/?s={search_term_string}","query-input":"required name=search_term_string"}}]