[{"@context":"https:\/\/schema.org\/","@type":"Blog","@id":"https:\/\/www.bachhausen.de#Blog","headline":"Dirk Bachhausen","description":"Sagen, was ist. \u2013 Tun, was man sagt. \u2013 Und sein, was man tut.","url":"https:\/\/www.bachhausen.de","hasPart":[{"@type":"NewsArticle","@id":"https:\/\/www.bachhausen.de\/neuer-rekord-bei-partei-grossspenden-die-koelner-spender\/","headline":"Neuer Rekord bei Partei-Gro\u00dfspenden \u2013 die K\u00f6lner Spender","url":"https:\/\/www.bachhausen.de\/neuer-rekord-bei-partei-grossspenden-die-koelner-spender\/","datePublished":"2024-11-23","dateModified":"2024-11-23","mainEntityOfPage":"https:\/\/www.bachhausen.de\/neuer-rekord-bei-partei-grossspenden-die-koelner-spender\/","author":{"@type":"Person","@id":"##Person","name":"Report K","url":"#","identifier":20,"image":{"@type":"ImageObject","@id":"https:\/\/secure.gravatar.com\/avatar\/36af2c4c1f6de1245282e2f6d3e4483d8c1fb911663df347a69e69f7ff897aac?s=96&d=monsterid&r=g","url":"https:\/\/secure.gravatar.com\/avatar\/36af2c4c1f6de1245282e2f6d3e4483d8c1fb911663df347a69e69f7ff897aac?s=96&d=monsterid&r=g","height":96,"width":96}},"publisher":{"@type":"Person","name":"Dirk Bachhausen","image":{"@type":"ImageObject","@id":"https:\/\/www.bachhausen.de\/wp-content\/uploads\/2019\/07\/dirk_profil-300x300.jpg","url":"https:\/\/www.bachhausen.de\/wp-content\/uploads\/2019\/07\/dirk_profil-300x300.jpg","width":600,"height":60}},"image":{"@type":"ImageObject","@id":"https:\/\/www.bachhausen.de\/wp-content\/uploads\/2021\/11\/geld_pex_100112021.jpg","url":"https:\/\/www.bachhausen.de\/wp-content\/uploads\/2021\/11\/geld_pex_100112021.jpg","height":0,"width":0},"wordCount":682,"keywords":["kolner","neuer","partei","rekord","spenden","spender"]},{"@type":"NewsArticle","@id":"https:\/\/www.bachhausen.de\/platzt-das-ratsbuendnis-aus-gruenen-cdu-und-volt-und-wann-die-cdu-dementiert\/","headline":"Platzt das Ratsb\u00fcndnis aus Gr\u00fcnen, CDU und Volt und wann? \u2013 die CDU dementiert","url":"https:\/\/www.bachhausen.de\/platzt-das-ratsbuendnis-aus-gruenen-cdu-und-volt-und-wann-die-cdu-dementiert\/","datePublished":"2024-11-23","dateModified":"2024-11-23","mainEntityOfPage":"https:\/\/www.bachhausen.de\/platzt-das-ratsbuendnis-aus-gruenen-cdu-und-volt-und-wann-die-cdu-dementiert\/","author":{"@type":"Person","@id":"##Person","name":"Report K","url":"#","identifier":20,"image":{"@type":"ImageObject","@id":"https:\/\/secure.gravatar.com\/avatar\/36af2c4c1f6de1245282e2f6d3e4483d8c1fb911663df347a69e69f7ff897aac?s=96&d=monsterid&r=g","url":"https:\/\/secure.gravatar.com\/avatar\/36af2c4c1f6de1245282e2f6d3e4483d8c1fb911663df347a69e69f7ff897aac?s=96&d=monsterid&r=g","height":96,"width":96}},"publisher":{"@type":"Person","name":"Dirk Bachhausen","image":{"@type":"ImageObject","@id":"https:\/\/www.bachhausen.de\/wp-content\/uploads\/2019\/07\/dirk_profil-300x300.jpg","url":"https:\/\/www.bachhausen.de\/wp-content\/uploads\/2019\/07\/dirk_profil-300x300.jpg","width":600,"height":60}},"image":{"@type":"ImageObject","@id":"https:\/\/www.bachhausen.de\/wp-content\/uploads\/2023\/03\/rat_22032023w.jpg","url":"https:\/\/www.bachhausen.de\/wp-content\/uploads\/2023\/03\/rat_22032023w.jpg","height":0,"width":0},"wordCount":1250,"keywords":["dementiert","grunen","platzt","ratsbundnis"]},{"@type":"NewsArticle","@id":"https:\/\/www.bachhausen.de\/spd-stellt-61-jaehrigen-torsten-burmester-als-ob-kandidat-vor\/","headline":"SPD stellt 61-j\u00e4hrigen Torsten Burmester als OB-Kandidat vor","url":"https:\/\/www.bachhausen.de\/spd-stellt-61-jaehrigen-torsten-burmester-als-ob-kandidat-vor\/","datePublished":"2024-11-23","dateModified":"2024-11-23","mainEntityOfPage":"https:\/\/www.bachhausen.de\/spd-stellt-61-jaehrigen-torsten-burmester-als-ob-kandidat-vor\/","author":{"@type":"Person","@id":"##Person","name":"Report K","url":"#","identifier":20,"image":{"@type":"ImageObject","@id":"https:\/\/secure.gravatar.com\/avatar\/36af2c4c1f6de1245282e2f6d3e4483d8c1fb911663df347a69e69f7ff897aac?s=96&d=monsterid&r=g","url":"https:\/\/secure.gravatar.com\/avatar\/36af2c4c1f6de1245282e2f6d3e4483d8c1fb911663df347a69e69f7ff897aac?s=96&d=monsterid&r=g","height":96,"width":96}},"publisher":{"@type":"Person","name":"Dirk Bachhausen","image":{"@type":"ImageObject","@id":"https:\/\/www.bachhausen.de\/wp-content\/uploads\/2019\/07\/dirk_profil-300x300.jpg","url":"https:\/\/www.bachhausen.de\/wp-content\/uploads\/2019\/07\/dirk_profil-300x300.jpg","width":600,"height":60}},"image":{"@type":"ImageObject","@id":"https:\/\/www.bachhausen.de\/wp-content\/uploads\/2024\/11\/Pressefoto_Torsten_Burmester_22112024.jpg","url":"https:\/\/www.bachhausen.de\/wp-content\/uploads\/2024\/11\/Pressefoto_Torsten_Burmester_22112024.jpg","height":0,"width":0},"wordCount":995,"keywords":["burmester","jahrigen","kandidat","stellt","torsten"]},{"@type":"NewsArticle","@id":"https:\/\/www.bachhausen.de\/koeln-muss-es-besser-koennen-und-koeln-kann-es-besser\/","headline":"K\u00f6ln muss es besser k\u00f6nnen und K\u00f6ln kann es besser","url":"https:\/\/www.bachhausen.de\/koeln-muss-es-besser-koennen-und-koeln-kann-es-besser\/","datePublished":"2024-11-22","dateModified":"2024-11-22","mainEntityOfPage":"https:\/\/www.bachhausen.de\/koeln-muss-es-besser-koennen-und-koeln-kann-es-besser\/","author":{"@type":"Person","@id":"##Person","name":"SPD K\u00f6ln","url":"#","identifier":4,"image":{"@type":"ImageObject","@id":"https:\/\/secure.gravatar.com\/avatar\/9e275a42f0e2d615e7358ea63859947f3ea63517a2bcb7a2b26010d9ca858396?s=96&d=monsterid&r=g","url":"https:\/\/secure.gravatar.com\/avatar\/9e275a42f0e2d615e7358ea63859947f3ea63517a2bcb7a2b26010d9ca858396?s=96&d=monsterid&r=g","height":96,"width":96}},"publisher":{"@type":"Person","name":"Dirk Bachhausen","image":{"@type":"ImageObject","@id":"https:\/\/www.bachhausen.de\/wp-content\/uploads\/2019\/07\/dirk_profil-300x300.jpg","url":"https:\/\/www.bachhausen.de\/wp-content\/uploads\/2019\/07\/dirk_profil-300x300.jpg","width":600,"height":60}},"image":{"@type":"ImageObject","@id":"https:\/\/www.bachhausen.de\/wp-content\/uploads\/2023\/09\/Zeitungsleser.webp","url":"https:\/\/www.bachhausen.de\/wp-content\/uploads\/2023\/09\/Zeitungsleser.webp","height":534,"width":800},"wordCount":677,"keywords":["besser","konnen"]},{"@type":"NewsArticle","@id":"https:\/\/www.bachhausen.de\/wird-das-wohnen-noch-teurer-die-recherche-zur-grundsteuerreform\/","headline":"Wird das Wohnen noch teurer? Die Recherche zur Grundsteuerreform","url":"https:\/\/www.bachhausen.de\/wird-das-wohnen-noch-teurer-die-recherche-zur-grundsteuerreform\/","datePublished":"2024-11-22","dateModified":"2024-11-22","mainEntityOfPage":"https:\/\/www.bachhausen.de\/wird-das-wohnen-noch-teurer-die-recherche-zur-grundsteuerreform\/","author":{"@type":"Person","@id":"##Person","name":"Correctiv.org","url":"#","identifier":15,"description":"<div class=\"elementor-element elementor-element-3e1bf03c elementor-widget elementor-widget-heading\" data-id=\"3e1bf03c\">\r\n<div class=\"elementor-widget-container\">\r\n<h1 class=\"elementor-heading-title elementor-size-default\">Recherchen f\u00fcr die Gesellschaft und mit der Gesellschaft<\/h1>\r\n<\/div>\r\n<\/div>\r\n<section class=\"elementor-element elementor-element-5be37e09 elementor-section-content-middle elementor-section-boxed elementor-section-height-default elementor-section-height-default elementor-section elementor-inner-section\" data-id=\"5be37e09\">\r\n<div class=\"elementor-container elementor-column-gap-no\">\r\n<div class=\"elementor-row\">\r\n<div class=\"elementor-element elementor-element-63cc7109 elementor-column elementor-col-50 elementor-inner-column\" data-id=\"63cc7109\">\r\n<div class=\"elementor-column-wrap elementor-element-populated\">\r\n<div class=\"elementor-widget-wrap\">\r\n<div class=\"elementor-element elementor-element-7d9688e9 elementor-widget elementor-widget-text-editor\" data-id=\"7d9688e9\">\r\n<div class=\"elementor-widget-container\">\r\n<div class=\"elementor-text-editor elementor-clearfix\">\r\n\r\n<strong>Investigativ. Unabh\u00e4ngig. Gemeinn\u00fctzig.<\/strong>\r\nCORRECTIV\u00a0ist das erste gemeinn\u00fctzige Recherchezentrum im deutschsprachigen Raum. Wir recherchieren langfristig zu Missst\u00e4nden in der Gesellschaft, f\u00f6rdern Medienkompetenz und f\u00fchren Bildungsprogramme durch.\r\n\r\n<a href=\"https:\/\/correctiv.org\/\">https:\/\/correctiv.org\/<\/a>\r\n\r\n<\/div>\r\n<\/div>\r\n<\/div>\r\n<\/div>\r\n<\/div>\r\n<\/div>\r\n<\/div>\r\n<\/div>\r\n<\/section>","image":{"@type":"ImageObject","@id":"https:\/\/secure.gravatar.com\/avatar\/51a6c0962ec4a7a9fff8508f3b6a21069f40fbb9a1ee7294cca7a040ced87b6c?s=96&d=monsterid&r=g","url":"https:\/\/secure.gravatar.com\/avatar\/51a6c0962ec4a7a9fff8508f3b6a21069f40fbb9a1ee7294cca7a040ced87b6c?s=96&d=monsterid&r=g","height":96,"width":96}},"publisher":{"@type":"Person","name":"Dirk Bachhausen","image":{"@type":"ImageObject","@id":"https:\/\/www.bachhausen.de\/wp-content\/uploads\/2019\/07\/dirk_profil-300x300.jpg","url":"https:\/\/www.bachhausen.de\/wp-content\/uploads\/2019\/07\/dirk_profil-300x300.jpg","width":600,"height":60}},"image":{"@type":"ImageObject","@id":"https:\/\/correctiv.org\/wp-content\/uploads\/2024\/11\/Grundsteuer-Thumbnail.png","url":"https:\/\/correctiv.org\/wp-content\/uploads\/2024\/11\/Grundsteuer-Thumbnail.png","height":"","width":""},"wordCount":806,"keywords":["grundsteuerreform","recherche","teurer","wohnen"]},{"@type":"NewsArticle","@id":"https:\/\/www.bachhausen.de\/der-afd-mann-der-selbst-der-eigenen-partei-zu-nah-an-russland-ist\/","headline":"Der AfD-Mann, der selbst der eigenen Partei zu nah an Russland ist","url":"https:\/\/www.bachhausen.de\/der-afd-mann-der-selbst-der-eigenen-partei-zu-nah-an-russland-ist\/","datePublished":"2024-11-22","dateModified":"2024-11-22","mainEntityOfPage":"https:\/\/www.bachhausen.de\/der-afd-mann-der-selbst-der-eigenen-partei-zu-nah-an-russland-ist\/","author":{"@type":"Person","@id":"##Person","name":"Correctiv.org","url":"#","identifier":15,"description":"<div class=\"elementor-element elementor-element-3e1bf03c elementor-widget elementor-widget-heading\" data-id=\"3e1bf03c\">\r\n<div class=\"elementor-widget-container\">\r\n<h1 class=\"elementor-heading-title elementor-size-default\">Recherchen f\u00fcr die Gesellschaft und mit der Gesellschaft<\/h1>\r\n<\/div>\r\n<\/div>\r\n<section class=\"elementor-element elementor-element-5be37e09 elementor-section-content-middle elementor-section-boxed elementor-section-height-default elementor-section-height-default elementor-section elementor-inner-section\" data-id=\"5be37e09\">\r\n<div class=\"elementor-container elementor-column-gap-no\">\r\n<div class=\"elementor-row\">\r\n<div class=\"elementor-element elementor-element-63cc7109 elementor-column elementor-col-50 elementor-inner-column\" data-id=\"63cc7109\">\r\n<div class=\"elementor-column-wrap elementor-element-populated\">\r\n<div class=\"elementor-widget-wrap\">\r\n<div class=\"elementor-element elementor-element-7d9688e9 elementor-widget elementor-widget-text-editor\" data-id=\"7d9688e9\">\r\n<div class=\"elementor-widget-container\">\r\n<div class=\"elementor-text-editor elementor-clearfix\">\r\n\r\n<strong>Investigativ. Unabh\u00e4ngig. Gemeinn\u00fctzig.<\/strong>\r\nCORRECTIV\u00a0ist das erste gemeinn\u00fctzige Recherchezentrum im deutschsprachigen Raum. Wir recherchieren langfristig zu Missst\u00e4nden in der Gesellschaft, f\u00f6rdern Medienkompetenz und f\u00fchren Bildungsprogramme durch.\r\n\r\n<a href=\"https:\/\/correctiv.org\/\">https:\/\/correctiv.org\/<\/a>\r\n\r\n<\/div>\r\n<\/div>\r\n<\/div>\r\n<\/div>\r\n<\/div>\r\n<\/div>\r\n<\/div>\r\n<\/div>\r\n<\/section>","image":{"@type":"ImageObject","@id":"https:\/\/secure.gravatar.com\/avatar\/51a6c0962ec4a7a9fff8508f3b6a21069f40fbb9a1ee7294cca7a040ced87b6c?s=96&d=monsterid&r=g","url":"https:\/\/secure.gravatar.com\/avatar\/51a6c0962ec4a7a9fff8508f3b6a21069f40fbb9a1ee7294cca7a040ced87b6c?s=96&d=monsterid&r=g","height":96,"width":96}},"publisher":{"@type":"Person","name":"Dirk Bachhausen","image":{"@type":"ImageObject","@id":"https:\/\/www.bachhausen.de\/wp-content\/uploads\/2019\/07\/dirk_profil-300x300.jpg","url":"https:\/\/www.bachhausen.de\/wp-content\/uploads\/2019\/07\/dirk_profil-300x300.jpg","width":600,"height":60}},"image":{"@type":"ImageObject","@id":"https:\/\/correctiv.org\/wp-content\/uploads\/2024\/11\/screenshot-russlanddeutsche-afd-gratulation-061124.png","url":"https:\/\/correctiv.org\/wp-content\/uploads\/2024\/11\/screenshot-russlanddeutsche-afd-gratulation-061124.png","height":"","width":""},"wordCount":1230,"keywords":["AfD","eigenen","partei","russland","selbst"]},{"@type":"NewsArticle","@id":"https:\/\/www.bachhausen.de\/kvb-deckelt-baustelle-am-waidmarkt-baustelle-dauert-noch-jahre\/","headline":"KVB deckelt Baustelle am Waidmarkt \u2013 Baustelle dauert noch Jahre","url":"https:\/\/www.bachhausen.de\/kvb-deckelt-baustelle-am-waidmarkt-baustelle-dauert-noch-jahre\/","datePublished":"2024-11-22","dateModified":"2024-11-22","mainEntityOfPage":"https:\/\/www.bachhausen.de\/kvb-deckelt-baustelle-am-waidmarkt-baustelle-dauert-noch-jahre\/","author":{"@type":"Person","@id":"##Person","name":"Report K","url":"#","identifier":20,"image":{"@type":"ImageObject","@id":"https:\/\/secure.gravatar.com\/avatar\/36af2c4c1f6de1245282e2f6d3e4483d8c1fb911663df347a69e69f7ff897aac?s=96&d=monsterid&r=g","url":"https:\/\/secure.gravatar.com\/avatar\/36af2c4c1f6de1245282e2f6d3e4483d8c1fb911663df347a69e69f7ff897aac?s=96&d=monsterid&r=g","height":96,"width":96}},"publisher":{"@type":"Person","name":"Dirk Bachhausen","image":{"@type":"ImageObject","@id":"https:\/\/www.bachhausen.de\/wp-content\/uploads\/2019\/07\/dirk_profil-300x300.jpg","url":"https:\/\/www.bachhausen.de\/wp-content\/uploads\/2019\/07\/dirk_profil-300x300.jpg","width":600,"height":60}},"image":{"@type":"ImageObject","@id":"https:\/\/www.bachhausen.de\/wp-content\/uploads\/2024\/11\/stadtarchiv_2021_vergroessert_22112024.jpg","url":"https:\/\/www.bachhausen.de\/wp-content\/uploads\/2024\/11\/stadtarchiv_2021_vergroessert_22112024.jpg","height":0,"width":0},"wordCount":501,"keywords":["baustelle","dauert","deckelt","jahre","waidmarkt"]},{"@type":"NewsArticle","@id":"https:\/\/www.bachhausen.de\/friedrich-merz-war-fuer-strafbarkeit-der-vergewaltigung-in-der-ehe-wegen-einer-klausel-stimmte-er-jedoch-1997-gegen-den-gesetzentwurf\/","headline":"Friedrich Merz war f\u00fcr Strafbarkeit der Vergewaltigung in der Ehe \u2013 wegen einer Klausel stimmte er jedoch 1997 gegen den Gesetzentwurf","url":"https:\/\/www.bachhausen.de\/friedrich-merz-war-fuer-strafbarkeit-der-vergewaltigung-in-der-ehe-wegen-einer-klausel-stimmte-er-jedoch-1997-gegen-den-gesetzentwurf\/","datePublished":"2024-11-21","dateModified":"2024-11-21","mainEntityOfPage":"https:\/\/www.bachhausen.de\/friedrich-merz-war-fuer-strafbarkeit-der-vergewaltigung-in-der-ehe-wegen-einer-klausel-stimmte-er-jedoch-1997-gegen-den-gesetzentwurf\/","author":{"@type":"Person","@id":"##Person","name":"Correctiv.org","url":"#","identifier":15,"description":"<div class=\"elementor-element elementor-element-3e1bf03c elementor-widget elementor-widget-heading\" data-id=\"3e1bf03c\">\r\n<div class=\"elementor-widget-container\">\r\n<h1 class=\"elementor-heading-title elementor-size-default\">Recherchen f\u00fcr die Gesellschaft und mit der Gesellschaft<\/h1>\r\n<\/div>\r\n<\/div>\r\n<section class=\"elementor-element elementor-element-5be37e09 elementor-section-content-middle elementor-section-boxed elementor-section-height-default elementor-section-height-default elementor-section elementor-inner-section\" data-id=\"5be37e09\">\r\n<div class=\"elementor-container elementor-column-gap-no\">\r\n<div class=\"elementor-row\">\r\n<div class=\"elementor-element elementor-element-63cc7109 elementor-column elementor-col-50 elementor-inner-column\" data-id=\"63cc7109\">\r\n<div class=\"elementor-column-wrap elementor-element-populated\">\r\n<div class=\"elementor-widget-wrap\">\r\n<div class=\"elementor-element elementor-element-7d9688e9 elementor-widget elementor-widget-text-editor\" data-id=\"7d9688e9\">\r\n<div class=\"elementor-widget-container\">\r\n<div class=\"elementor-text-editor elementor-clearfix\">\r\n\r\n<strong>Investigativ. Unabh\u00e4ngig. Gemeinn\u00fctzig.<\/strong>\r\nCORRECTIV\u00a0ist das erste gemeinn\u00fctzige Recherchezentrum im deutschsprachigen Raum. Wir recherchieren langfristig zu Missst\u00e4nden in der Gesellschaft, f\u00f6rdern Medienkompetenz und f\u00fchren Bildungsprogramme durch.\r\n\r\n<a href=\"https:\/\/correctiv.org\/\">https:\/\/correctiv.org\/<\/a>\r\n\r\n<\/div>\r\n<\/div>\r\n<\/div>\r\n<\/div>\r\n<\/div>\r\n<\/div>\r\n<\/div>\r\n<\/div>\r\n<\/section>","image":{"@type":"ImageObject","@id":"https:\/\/secure.gravatar.com\/avatar\/51a6c0962ec4a7a9fff8508f3b6a21069f40fbb9a1ee7294cca7a040ced87b6c?s=96&d=monsterid&r=g","url":"https:\/\/secure.gravatar.com\/avatar\/51a6c0962ec4a7a9fff8508f3b6a21069f40fbb9a1ee7294cca7a040ced87b6c?s=96&d=monsterid&r=g","height":96,"width":96}},"publisher":{"@type":"Person","name":"Dirk Bachhausen","image":{"@type":"ImageObject","@id":"https:\/\/www.bachhausen.de\/wp-content\/uploads\/2019\/07\/dirk_profil-300x300.jpg","url":"https:\/\/www.bachhausen.de\/wp-content\/uploads\/2019\/07\/dirk_profil-300x300.jpg","width":600,"height":60}},"image":{"@type":"ImageObject","@id":"https:\/\/correctiv.org\/wp-content\/uploads\/2024\/11\/friedrich-merz-vergewaltigung-ehe-strafbar-1997-abstimmung.png","url":"https:\/\/correctiv.org\/wp-content\/uploads\/2024\/11\/friedrich-merz-vergewaltigung-ehe-strafbar-1997-abstimmung.png","height":"","width":""},"wordCount":1553,"keywords":["einer","friedrich","klausel","stimmte","strafbarkeit","vergewaltigung","wegen"]},{"@type":"NewsArticle","@id":"https:\/\/www.bachhausen.de\/tiktok-video-gibt-umfragewerte-aus-brandenburg-als-stimmungsbild-zur-bundestagswahl-aus\/","headline":"Tiktok-Video gibt Umfragewerte aus Brandenburg als Stimmungsbild zur Bundestagswahl aus","url":"https:\/\/www.bachhausen.de\/tiktok-video-gibt-umfragewerte-aus-brandenburg-als-stimmungsbild-zur-bundestagswahl-aus\/","datePublished":"2024-11-21","dateModified":"2024-11-21","mainEntityOfPage":"https:\/\/www.bachhausen.de\/tiktok-video-gibt-umfragewerte-aus-brandenburg-als-stimmungsbild-zur-bundestagswahl-aus\/","author":{"@type":"Person","@id":"##Person","name":"Correctiv.org","url":"#","identifier":15,"description":"<div class=\"elementor-element elementor-element-3e1bf03c elementor-widget elementor-widget-heading\" data-id=\"3e1bf03c\">\r\n<div class=\"elementor-widget-container\">\r\n<h1 class=\"elementor-heading-title elementor-size-default\">Recherchen f\u00fcr die Gesellschaft und mit der Gesellschaft<\/h1>\r\n<\/div>\r\n<\/div>\r\n<section class=\"elementor-element elementor-element-5be37e09 elementor-section-content-middle elementor-section-boxed elementor-section-height-default elementor-section-height-default elementor-section elementor-inner-section\" data-id=\"5be37e09\">\r\n<div class=\"elementor-container elementor-column-gap-no\">\r\n<div class=\"elementor-row\">\r\n<div class=\"elementor-element elementor-element-63cc7109 elementor-column elementor-col-50 elementor-inner-column\" data-id=\"63cc7109\">\r\n<div class=\"elementor-column-wrap elementor-element-populated\">\r\n<div class=\"elementor-widget-wrap\">\r\n<div class=\"elementor-element elementor-element-7d9688e9 elementor-widget elementor-widget-text-editor\" data-id=\"7d9688e9\">\r\n<div class=\"elementor-widget-container\">\r\n<div class=\"elementor-text-editor elementor-clearfix\">\r\n\r\n<strong>Investigativ. Unabh\u00e4ngig. Gemeinn\u00fctzig.<\/strong>\r\nCORRECTIV\u00a0ist das erste gemeinn\u00fctzige Recherchezentrum im deutschsprachigen Raum. Wir recherchieren langfristig zu Missst\u00e4nden in der Gesellschaft, f\u00f6rdern Medienkompetenz und f\u00fchren Bildungsprogramme durch.\r\n\r\n<a href=\"https:\/\/correctiv.org\/\">https:\/\/correctiv.org\/<\/a>\r\n\r\n<\/div>\r\n<\/div>\r\n<\/div>\r\n<\/div>\r\n<\/div>\r\n<\/div>\r\n<\/div>\r\n<\/div>\r\n<\/section>","image":{"@type":"ImageObject","@id":"https:\/\/secure.gravatar.com\/avatar\/51a6c0962ec4a7a9fff8508f3b6a21069f40fbb9a1ee7294cca7a040ced87b6c?s=96&d=monsterid&r=g","url":"https:\/\/secure.gravatar.com\/avatar\/51a6c0962ec4a7a9fff8508f3b6a21069f40fbb9a1ee7294cca7a040ced87b6c?s=96&d=monsterid&r=g","height":96,"width":96}},"publisher":{"@type":"Person","name":"Dirk Bachhausen","image":{"@type":"ImageObject","@id":"https:\/\/www.bachhausen.de\/wp-content\/uploads\/2019\/07\/dirk_profil-300x300.jpg","url":"https:\/\/www.bachhausen.de\/wp-content\/uploads\/2019\/07\/dirk_profil-300x300.jpg","width":600,"height":60}},"image":{"@type":"ImageObject","@id":"https:\/\/correctiv.org\/wp-content\/themes\/correctiv-theme\/img\/rating\/false.svg","url":"https:\/\/correctiv.org\/wp-content\/themes\/correctiv-theme\/img\/rating\/false.svg","height":"","width":""},"wordCount":1314,"keywords":["brandenburg","bundestagswahl","stimmungsbild","tiktok","umfragewerte","video"]},{"@type":"NewsArticle","@id":"https:\/\/www.bachhausen.de\/wintereinbruch-in-koeln-und-der-region\/","headline":"Wintereinbruch in K\u00f6ln und der Region","url":"https:\/\/www.bachhausen.de\/wintereinbruch-in-koeln-und-der-region\/","datePublished":"2024-11-21","dateModified":"2024-11-21","mainEntityOfPage":"https:\/\/www.bachhausen.de\/wintereinbruch-in-koeln-und-der-region\/","author":{"@type":"Person","@id":"##Person","name":"Report K","url":"#","identifier":20,"image":{"@type":"ImageObject","@id":"https:\/\/secure.gravatar.com\/avatar\/36af2c4c1f6de1245282e2f6d3e4483d8c1fb911663df347a69e69f7ff897aac?s=96&d=monsterid&r=g","url":"https:\/\/secure.gravatar.com\/avatar\/36af2c4c1f6de1245282e2f6d3e4483d8c1fb911663df347a69e69f7ff897aac?s=96&d=monsterid&r=g","height":96,"width":96}},"publisher":{"@type":"Person","name":"Dirk Bachhausen","image":{"@type":"ImageObject","@id":"https:\/\/www.bachhausen.de\/wp-content\/uploads\/2019\/07\/dirk_profil-300x300.jpg","url":"https:\/\/www.bachhausen.de\/wp-content\/uploads\/2019\/07\/dirk_profil-300x300.jpg","width":600,"height":60}},"image":{"@type":"ImageObject","@id":"https:\/\/www.bachhausen.de\/wp-content\/uploads\/2024\/11\/IMG_6726_winter_21112024.jpg","url":"https:\/\/www.bachhausen.de\/wp-content\/uploads\/2024\/11\/IMG_6726_winter_21112024.jpg","height":0,"width":0},"wordCount":932,"keywords":["region","wintereinbruch"]}]},{"@context":"https:\/\/schema.org","@type":"WebSite","@id":"https:\/\/www.bachhausen.de\/#website","name":"Dirk Bachhausen","url":"https:\/\/www.bachhausen.de","potentialAction":{"@type":"SearchAction","target":"https:\/\/www.bachhausen.de\/?s={search_term_string}","query-input":"required name=search_term_string"}}]