[{"@context":"https:\/\/schema.org\/","@type":"Blog","@id":"https:\/\/www.bachhausen.de#Blog","headline":"Dirk Bachhausen","description":"Sagen, was ist. \u2013 Tun, was man sagt. \u2013 Und sein, was man tut.","url":"https:\/\/www.bachhausen.de","hasPart":[{"@type":"NewsArticle","@id":"https:\/\/www.bachhausen.de\/bildungsministerin-prien-es-gibt-keine-neutralitaet-gegenueber-den-werten-des-grundgesetzes\/","headline":"Bildungsministerin Prien: \u201eEs gibt keine Neutralit\u00e4t gegen\u00fcber den Werten des Grundgesetzes\u201c","url":"https:\/\/www.bachhausen.de\/bildungsministerin-prien-es-gibt-keine-neutralitaet-gegenueber-den-werten-des-grundgesetzes\/","datePublished":"2026-04-29","dateModified":"2026-04-29","mainEntityOfPage":"https:\/\/www.bachhausen.de\/bildungsministerin-prien-es-gibt-keine-neutralitaet-gegenueber-den-werten-des-grundgesetzes\/","author":{"@type":"Person","@id":"##Person","name":"Correctiv.org","url":"#","identifier":15,"description":"<div class=\"elementor-element elementor-element-3e1bf03c elementor-widget elementor-widget-heading\" data-id=\"3e1bf03c\">\r\n<div class=\"elementor-widget-container\">\r\n<h1 class=\"elementor-heading-title elementor-size-default\">Recherchen f\u00fcr die Gesellschaft und mit der Gesellschaft<\/h1>\r\n<\/div>\r\n<\/div>\r\n<section class=\"elementor-element elementor-element-5be37e09 elementor-section-content-middle elementor-section-boxed elementor-section-height-default elementor-section-height-default elementor-section elementor-inner-section\" data-id=\"5be37e09\">\r\n<div class=\"elementor-container elementor-column-gap-no\">\r\n<div class=\"elementor-row\">\r\n<div class=\"elementor-element elementor-element-63cc7109 elementor-column elementor-col-50 elementor-inner-column\" data-id=\"63cc7109\">\r\n<div class=\"elementor-column-wrap elementor-element-populated\">\r\n<div class=\"elementor-widget-wrap\">\r\n<div class=\"elementor-element elementor-element-7d9688e9 elementor-widget elementor-widget-text-editor\" data-id=\"7d9688e9\">\r\n<div class=\"elementor-widget-container\">\r\n<div class=\"elementor-text-editor elementor-clearfix\">\r\n\r\n<strong>Investigativ. Unabh\u00e4ngig. Gemeinn\u00fctzig.<\/strong>\r\nCORRECTIV\u00a0ist das erste gemeinn\u00fctzige Recherchezentrum im deutschsprachigen Raum. Wir recherchieren langfristig zu Missst\u00e4nden in der Gesellschaft, f\u00f6rdern Medienkompetenz und f\u00fchren Bildungsprogramme durch.\r\n\r\n<a href=\"https:\/\/correctiv.org\/\">https:\/\/correctiv.org\/<\/a>\r\n\r\n<\/div>\r\n<\/div>\r\n<\/div>\r\n<\/div>\r\n<\/div>\r\n<\/div>\r\n<\/div>\r\n<\/div>\r\n<\/section>","image":{"@type":"ImageObject","@id":"https:\/\/secure.gravatar.com\/avatar\/51a6c0962ec4a7a9fff8508f3b6a21069f40fbb9a1ee7294cca7a040ced87b6c?s=96&d=monsterid&r=g","url":"https:\/\/secure.gravatar.com\/avatar\/51a6c0962ec4a7a9fff8508f3b6a21069f40fbb9a1ee7294cca7a040ced87b6c?s=96&d=monsterid&r=g","height":96,"width":96}},"publisher":{"@type":"Person","name":"Dirk Bachhausen","image":{"@type":"ImageObject","@id":"https:\/\/www.bachhausen.de\/wp-content\/uploads\/2019\/07\/dirk_profil-300x300.jpg","url":"https:\/\/www.bachhausen.de\/wp-content\/uploads\/2019\/07\/dirk_profil-300x300.jpg","width":600,"height":60}},"image":{"@type":"ImageObject","@id":"https:\/\/correctiv.org\/in-eigener-sache\/2026\/04\/29\/bildungsministerin-prien-es-gibt-keine-neutralitaet-gegenueber-den-werten-des-grundgesetzes\/","url":"https:\/\/correctiv.org\/in-eigener-sache\/2026\/04\/29\/bildungsministerin-prien-es-gibt-keine-neutralitaet-gegenueber-den-werten-des-grundgesetzes\/","height":"","width":""},"wordCount":1041,"keywords":null},{"@type":"NewsArticle","@id":"https:\/\/www.bachhausen.de\/die-energiewende-im-globalen-sueden\/","headline":"Die Energiewende im Globalen S\u00fcden","url":"https:\/\/www.bachhausen.de\/die-energiewende-im-globalen-sueden\/","datePublished":"2026-04-29","dateModified":"2026-04-29","mainEntityOfPage":"https:\/\/www.bachhausen.de\/die-energiewende-im-globalen-sueden\/","author":{"@type":"Person","@id":"##Person","name":"Makronom","url":"#","identifier":23,"image":{"@type":"ImageObject","@id":"https:\/\/secure.gravatar.com\/avatar\/aaf847ecf5c9a8f06736bfe382b9f0fadaf8c7f0a04e75fee72b1c14c6fe9656?s=96&d=monsterid&r=g","url":"https:\/\/secure.gravatar.com\/avatar\/aaf847ecf5c9a8f06736bfe382b9f0fadaf8c7f0a04e75fee72b1c14c6fe9656?s=96&d=monsterid&r=g","height":96,"width":96}},"publisher":{"@type":"Person","name":"Dirk Bachhausen","image":{"@type":"ImageObject","@id":"https:\/\/www.bachhausen.de\/wp-content\/uploads\/2019\/07\/dirk_profil-300x300.jpg","url":"https:\/\/www.bachhausen.de\/wp-content\/uploads\/2019\/07\/dirk_profil-300x300.jpg","width":600,"height":60}},"image":{"@type":"ImageObject","@id":"https:\/\/www.bachhausen.de\/wp-content\/uploads\/2019\/07\/dirk_profil-300x300.jpg","url":"https:\/\/www.bachhausen.de\/wp-content\/uploads\/2019\/07\/dirk_profil-300x300.jpg","width":100,"height":100},"wordCount":77,"keywords":null},{"@type":"NewsArticle","@id":"https:\/\/www.bachhausen.de\/weekend-at-alex-mariah-peter-40-kilo-ziel-so-stark-hat-sie-sich-veraendert\/","headline":"(weekend.at) Alex Mariah Peter: 40-Kilo-Ziel &#8211; so stark hat sie sich ver\u00e4ndert","url":"https:\/\/www.bachhausen.de\/weekend-at-alex-mariah-peter-40-kilo-ziel-so-stark-hat-sie-sich-veraendert\/","datePublished":"2026-04-29","dateModified":"2026-04-29","mainEntityOfPage":"https:\/\/www.bachhausen.de\/weekend-at-alex-mariah-peter-40-kilo-ziel-so-stark-hat-sie-sich-veraendert\/","author":{"@type":"Person","@id":"##Person","name":"Redaktion","url":"#","identifier":19,"image":{"@type":"ImageObject","@id":"https:\/\/secure.gravatar.com\/avatar\/?s=96&d=monsterid&r=g","url":"https:\/\/secure.gravatar.com\/avatar\/?s=96&d=monsterid&r=g","height":96,"width":96}},"publisher":{"@type":"Person","name":"Dirk Bachhausen","image":{"@type":"ImageObject","@id":"https:\/\/www.bachhausen.de\/wp-content\/uploads\/2019\/07\/dirk_profil-300x300.jpg","url":"https:\/\/www.bachhausen.de\/wp-content\/uploads\/2019\/07\/dirk_profil-300x300.jpg","width":600,"height":60}},"image":{"@type":"ImageObject","@id":"https:\/\/www.bachhausen.de\/wp-content\/uploads\/2019\/07\/dirk_profil-300x300.jpg","url":"https:\/\/www.bachhausen.de\/wp-content\/uploads\/2019\/07\/dirk_profil-300x300.jpg","width":100,"height":100},"wordCount":33,"keywords":null},{"@type":"NewsArticle","@id":"https:\/\/www.bachhausen.de\/tag24-transfrau-svenya-mit-pfefferspray-bewaffnet-wurde-tagsueber-auf-offener-strasse-attackiert\/","headline":"(TAG24) Transfrau Svenya mit Pfefferspray bewaffnet: &#8220;Wurde tags\u00fcber auf offener Stra\u00dfe attackiert&#8221;","url":"https:\/\/www.bachhausen.de\/tag24-transfrau-svenya-mit-pfefferspray-bewaffnet-wurde-tagsueber-auf-offener-strasse-attackiert\/","datePublished":"2026-04-29","dateModified":"2026-04-29","mainEntityOfPage":"https:\/\/www.bachhausen.de\/tag24-transfrau-svenya-mit-pfefferspray-bewaffnet-wurde-tagsueber-auf-offener-strasse-attackiert\/","author":{"@type":"Person","@id":"##Person","name":"Redaktion","url":"#","identifier":19,"image":{"@type":"ImageObject","@id":"https:\/\/secure.gravatar.com\/avatar\/?s=96&d=monsterid&r=g","url":"https:\/\/secure.gravatar.com\/avatar\/?s=96&d=monsterid&r=g","height":96,"width":96}},"publisher":{"@type":"Person","name":"Dirk Bachhausen","image":{"@type":"ImageObject","@id":"https:\/\/www.bachhausen.de\/wp-content\/uploads\/2019\/07\/dirk_profil-300x300.jpg","url":"https:\/\/www.bachhausen.de\/wp-content\/uploads\/2019\/07\/dirk_profil-300x300.jpg","width":600,"height":60}},"image":{"@type":"ImageObject","@id":"https:\/\/www.bachhausen.de\/wp-content\/uploads\/2019\/07\/dirk_profil-300x300.jpg","url":"https:\/\/www.bachhausen.de\/wp-content\/uploads\/2019\/07\/dirk_profil-300x300.jpg","width":100,"height":100},"wordCount":42,"keywords":null},{"@type":"NewsArticle","@id":"https:\/\/www.bachhausen.de\/tag24-heute-vor-54-jahren-so-anders-sah-pride-csd-und-co-damals-aus\/","headline":"(TAG24) Heute vor 54 Jahren: So anders sah Pride, CSD und Co. damals aus","url":"https:\/\/www.bachhausen.de\/tag24-heute-vor-54-jahren-so-anders-sah-pride-csd-und-co-damals-aus\/","datePublished":"2026-04-29","dateModified":"2026-04-29","mainEntityOfPage":"https:\/\/www.bachhausen.de\/tag24-heute-vor-54-jahren-so-anders-sah-pride-csd-und-co-damals-aus\/","author":{"@type":"Person","@id":"##Person","name":"Redaktion","url":"#","identifier":19,"image":{"@type":"ImageObject","@id":"https:\/\/secure.gravatar.com\/avatar\/?s=96&d=monsterid&r=g","url":"https:\/\/secure.gravatar.com\/avatar\/?s=96&d=monsterid&r=g","height":96,"width":96}},"publisher":{"@type":"Person","name":"Dirk Bachhausen","image":{"@type":"ImageObject","@id":"https:\/\/www.bachhausen.de\/wp-content\/uploads\/2019\/07\/dirk_profil-300x300.jpg","url":"https:\/\/www.bachhausen.de\/wp-content\/uploads\/2019\/07\/dirk_profil-300x300.jpg","width":600,"height":60}},"image":{"@type":"ImageObject","@id":"https:\/\/www.bachhausen.de\/wp-content\/uploads\/2019\/07\/dirk_profil-300x300.jpg","url":"https:\/\/www.bachhausen.de\/wp-content\/uploads\/2019\/07\/dirk_profil-300x300.jpg","width":100,"height":100},"wordCount":32,"keywords":null},{"@type":"NewsArticle","@id":"https:\/\/www.bachhausen.de\/deutsche-welle-die-eulenburg-affaere-kaiser-wilhelms-ii-queere-freunde\/","headline":"(Deutsche Welle) Die Eulenburg-Aff\u00e4re: Kaiser Wilhelms II. queere Freunde","url":"https:\/\/www.bachhausen.de\/deutsche-welle-die-eulenburg-affaere-kaiser-wilhelms-ii-queere-freunde\/","datePublished":"2026-04-29","dateModified":"2026-04-29","mainEntityOfPage":"https:\/\/www.bachhausen.de\/deutsche-welle-die-eulenburg-affaere-kaiser-wilhelms-ii-queere-freunde\/","author":{"@type":"Person","@id":"##Person","name":"Redaktion","url":"#","identifier":19,"image":{"@type":"ImageObject","@id":"https:\/\/secure.gravatar.com\/avatar\/?s=96&d=monsterid&r=g","url":"https:\/\/secure.gravatar.com\/avatar\/?s=96&d=monsterid&r=g","height":96,"width":96}},"publisher":{"@type":"Person","name":"Dirk Bachhausen","image":{"@type":"ImageObject","@id":"https:\/\/www.bachhausen.de\/wp-content\/uploads\/2019\/07\/dirk_profil-300x300.jpg","url":"https:\/\/www.bachhausen.de\/wp-content\/uploads\/2019\/07\/dirk_profil-300x300.jpg","width":600,"height":60}},"image":{"@type":"ImageObject","@id":"https:\/\/www.bachhausen.de\/wp-content\/uploads\/2019\/07\/dirk_profil-300x300.jpg","url":"https:\/\/www.bachhausen.de\/wp-content\/uploads\/2019\/07\/dirk_profil-300x300.jpg","width":100,"height":100},"wordCount":49,"keywords":null},{"@type":"NewsArticle","@id":"https:\/\/www.bachhausen.de\/evangelisch-de-queering-kirchliche-zeitgeschichte\/","headline":"(evangelisch.de) Queering kirchliche Zeitgeschichte","url":"https:\/\/www.bachhausen.de\/evangelisch-de-queering-kirchliche-zeitgeschichte\/","datePublished":"2026-04-29","dateModified":"2026-04-29","mainEntityOfPage":"https:\/\/www.bachhausen.de\/evangelisch-de-queering-kirchliche-zeitgeschichte\/","author":{"@type":"Person","@id":"##Person","name":"Redaktion","url":"#","identifier":19,"image":{"@type":"ImageObject","@id":"https:\/\/secure.gravatar.com\/avatar\/?s=96&d=monsterid&r=g","url":"https:\/\/secure.gravatar.com\/avatar\/?s=96&d=monsterid&r=g","height":96,"width":96}},"publisher":{"@type":"Person","name":"Dirk Bachhausen","image":{"@type":"ImageObject","@id":"https:\/\/www.bachhausen.de\/wp-content\/uploads\/2019\/07\/dirk_profil-300x300.jpg","url":"https:\/\/www.bachhausen.de\/wp-content\/uploads\/2019\/07\/dirk_profil-300x300.jpg","width":600,"height":60}},"image":{"@type":"ImageObject","@id":"https:\/\/www.bachhausen.de\/wp-content\/uploads\/2019\/07\/dirk_profil-300x300.jpg","url":"https:\/\/www.bachhausen.de\/wp-content\/uploads\/2019\/07\/dirk_profil-300x300.jpg","width":100,"height":100},"wordCount":37,"keywords":null},{"@type":"NewsArticle","@id":"https:\/\/www.bachhausen.de\/bielefeld-hinter-angeblichem-oberbuergermeister-kandidaten-steckt-ki-satire\/","headline":"Bielefeld: Hinter angeblichem Oberb\u00fcrgermeister-Kandidaten steckt \u201eKI-Satire\u201c","url":"https:\/\/www.bachhausen.de\/bielefeld-hinter-angeblichem-oberbuergermeister-kandidaten-steckt-ki-satire\/","datePublished":"2026-04-28","dateModified":"2026-04-28","mainEntityOfPage":"https:\/\/www.bachhausen.de\/bielefeld-hinter-angeblichem-oberbuergermeister-kandidaten-steckt-ki-satire\/","author":{"@type":"Person","@id":"##Person","name":"Correctiv.org","url":"#","identifier":15,"description":"<div class=\"elementor-element elementor-element-3e1bf03c elementor-widget elementor-widget-heading\" data-id=\"3e1bf03c\">\r\n<div class=\"elementor-widget-container\">\r\n<h1 class=\"elementor-heading-title elementor-size-default\">Recherchen f\u00fcr die Gesellschaft und mit der Gesellschaft<\/h1>\r\n<\/div>\r\n<\/div>\r\n<section class=\"elementor-element elementor-element-5be37e09 elementor-section-content-middle elementor-section-boxed elementor-section-height-default elementor-section-height-default elementor-section elementor-inner-section\" data-id=\"5be37e09\">\r\n<div class=\"elementor-container elementor-column-gap-no\">\r\n<div class=\"elementor-row\">\r\n<div class=\"elementor-element elementor-element-63cc7109 elementor-column elementor-col-50 elementor-inner-column\" data-id=\"63cc7109\">\r\n<div class=\"elementor-column-wrap elementor-element-populated\">\r\n<div class=\"elementor-widget-wrap\">\r\n<div class=\"elementor-element elementor-element-7d9688e9 elementor-widget elementor-widget-text-editor\" data-id=\"7d9688e9\">\r\n<div class=\"elementor-widget-container\">\r\n<div class=\"elementor-text-editor elementor-clearfix\">\r\n\r\n<strong>Investigativ. Unabh\u00e4ngig. Gemeinn\u00fctzig.<\/strong>\r\nCORRECTIV\u00a0ist das erste gemeinn\u00fctzige Recherchezentrum im deutschsprachigen Raum. Wir recherchieren langfristig zu Missst\u00e4nden in der Gesellschaft, f\u00f6rdern Medienkompetenz und f\u00fchren Bildungsprogramme durch.\r\n\r\n<a href=\"https:\/\/correctiv.org\/\">https:\/\/correctiv.org\/<\/a>\r\n\r\n<\/div>\r\n<\/div>\r\n<\/div>\r\n<\/div>\r\n<\/div>\r\n<\/div>\r\n<\/div>\r\n<\/div>\r\n<\/section>","image":{"@type":"ImageObject","@id":"https:\/\/secure.gravatar.com\/avatar\/51a6c0962ec4a7a9fff8508f3b6a21069f40fbb9a1ee7294cca7a040ced87b6c?s=96&d=monsterid&r=g","url":"https:\/\/secure.gravatar.com\/avatar\/51a6c0962ec4a7a9fff8508f3b6a21069f40fbb9a1ee7294cca7a040ced87b6c?s=96&d=monsterid&r=g","height":96,"width":96}},"publisher":{"@type":"Person","name":"Dirk Bachhausen","image":{"@type":"ImageObject","@id":"https:\/\/www.bachhausen.de\/wp-content\/uploads\/2019\/07\/dirk_profil-300x300.jpg","url":"https:\/\/www.bachhausen.de\/wp-content\/uploads\/2019\/07\/dirk_profil-300x300.jpg","width":600,"height":60}},"image":{"@type":"ImageObject","@id":"https:\/\/www.bachhausen.de\/wp-content\/uploads\/2019\/07\/dirk_profil-300x300.jpg","url":"https:\/\/www.bachhausen.de\/wp-content\/uploads\/2019\/07\/dirk_profil-300x300.jpg","width":100,"height":100},"wordCount":74,"keywords":null},{"@type":"NewsArticle","@id":"https:\/\/www.bachhausen.de\/doch-deutsches-leitungswasser-gilt-weiterhin-als-trinkwasser\/","headline":"Doch, deutsches Leitungswasser gilt weiterhin als Trinkwasser","url":"https:\/\/www.bachhausen.de\/doch-deutsches-leitungswasser-gilt-weiterhin-als-trinkwasser\/","datePublished":"2026-04-28","dateModified":"2026-04-28","mainEntityOfPage":"https:\/\/www.bachhausen.de\/doch-deutsches-leitungswasser-gilt-weiterhin-als-trinkwasser\/","author":{"@type":"Person","@id":"##Person","name":"Correctiv.org","url":"#","identifier":15,"description":"<div class=\"elementor-element elementor-element-3e1bf03c elementor-widget elementor-widget-heading\" data-id=\"3e1bf03c\">\r\n<div class=\"elementor-widget-container\">\r\n<h1 class=\"elementor-heading-title elementor-size-default\">Recherchen f\u00fcr die Gesellschaft und mit der Gesellschaft<\/h1>\r\n<\/div>\r\n<\/div>\r\n<section class=\"elementor-element elementor-element-5be37e09 elementor-section-content-middle elementor-section-boxed elementor-section-height-default elementor-section-height-default elementor-section elementor-inner-section\" data-id=\"5be37e09\">\r\n<div class=\"elementor-container elementor-column-gap-no\">\r\n<div class=\"elementor-row\">\r\n<div class=\"elementor-element elementor-element-63cc7109 elementor-column elementor-col-50 elementor-inner-column\" data-id=\"63cc7109\">\r\n<div class=\"elementor-column-wrap elementor-element-populated\">\r\n<div class=\"elementor-widget-wrap\">\r\n<div class=\"elementor-element elementor-element-7d9688e9 elementor-widget elementor-widget-text-editor\" data-id=\"7d9688e9\">\r\n<div class=\"elementor-widget-container\">\r\n<div class=\"elementor-text-editor elementor-clearfix\">\r\n\r\n<strong>Investigativ. Unabh\u00e4ngig. Gemeinn\u00fctzig.<\/strong>\r\nCORRECTIV\u00a0ist das erste gemeinn\u00fctzige Recherchezentrum im deutschsprachigen Raum. Wir recherchieren langfristig zu Missst\u00e4nden in der Gesellschaft, f\u00f6rdern Medienkompetenz und f\u00fchren Bildungsprogramme durch.\r\n\r\n<a href=\"https:\/\/correctiv.org\/\">https:\/\/correctiv.org\/<\/a>\r\n\r\n<\/div>\r\n<\/div>\r\n<\/div>\r\n<\/div>\r\n<\/div>\r\n<\/div>\r\n<\/div>\r\n<\/div>\r\n<\/section>","image":{"@type":"ImageObject","@id":"https:\/\/secure.gravatar.com\/avatar\/51a6c0962ec4a7a9fff8508f3b6a21069f40fbb9a1ee7294cca7a040ced87b6c?s=96&d=monsterid&r=g","url":"https:\/\/secure.gravatar.com\/avatar\/51a6c0962ec4a7a9fff8508f3b6a21069f40fbb9a1ee7294cca7a040ced87b6c?s=96&d=monsterid&r=g","height":96,"width":96}},"publisher":{"@type":"Person","name":"Dirk Bachhausen","image":{"@type":"ImageObject","@id":"https:\/\/www.bachhausen.de\/wp-content\/uploads\/2019\/07\/dirk_profil-300x300.jpg","url":"https:\/\/www.bachhausen.de\/wp-content\/uploads\/2019\/07\/dirk_profil-300x300.jpg","width":600,"height":60}},"image":{"@type":"ImageObject","@id":"https:\/\/correctiv.org\/wp-content\/uploads\/2026\/04\/merz.jpg","url":"https:\/\/correctiv.org\/wp-content\/uploads\/2026\/04\/merz.jpg","height":"","width":""},"wordCount":1280,"keywords":null},{"@type":"NewsArticle","@id":"https:\/\/www.bachhausen.de\/kreiszeitung-de-ein-raum-der-bisher-fehlte-im-siehda-entsteht-eine-neue-austauschgruppe-fuer-queere-maedchen-und-frauen\/","headline":"(kreiszeitung.de) &#8220;Ein Raum, der bisher fehlte&#8221;: Im Sie(h)da entsteht eine neue Austauschgruppe f\u00fcr queere M\u00e4dchen und Frauen","url":"https:\/\/www.bachhausen.de\/kreiszeitung-de-ein-raum-der-bisher-fehlte-im-siehda-entsteht-eine-neue-austauschgruppe-fuer-queere-maedchen-und-frauen\/","datePublished":"2026-04-28","dateModified":"2026-04-28","mainEntityOfPage":"https:\/\/www.bachhausen.de\/kreiszeitung-de-ein-raum-der-bisher-fehlte-im-siehda-entsteht-eine-neue-austauschgruppe-fuer-queere-maedchen-und-frauen\/","author":{"@type":"Person","@id":"##Person","name":"Redaktion","url":"#","identifier":19,"image":{"@type":"ImageObject","@id":"https:\/\/secure.gravatar.com\/avatar\/?s=96&d=monsterid&r=g","url":"https:\/\/secure.gravatar.com\/avatar\/?s=96&d=monsterid&r=g","height":96,"width":96}},"publisher":{"@type":"Person","name":"Dirk Bachhausen","image":{"@type":"ImageObject","@id":"https:\/\/www.bachhausen.de\/wp-content\/uploads\/2019\/07\/dirk_profil-300x300.jpg","url":"https:\/\/www.bachhausen.de\/wp-content\/uploads\/2019\/07\/dirk_profil-300x300.jpg","width":600,"height":60}},"image":{"@type":"ImageObject","@id":"https:\/\/www.bachhausen.de\/wp-content\/uploads\/2019\/07\/dirk_profil-300x300.jpg","url":"https:\/\/www.bachhausen.de\/wp-content\/uploads\/2019\/07\/dirk_profil-300x300.jpg","width":100,"height":100},"wordCount":38,"keywords":null}]},{"@context":"https:\/\/schema.org","@type":"WebSite","@id":"https:\/\/www.bachhausen.de\/#website","name":"Dirk Bachhausen","url":"https:\/\/www.bachhausen.de","potentialAction":{"@type":"SearchAction","target":"https:\/\/www.bachhausen.de\/?s={search_term_string}","query-input":"required name=search_term_string"}}]