[{"@context":"https:\/\/schema.org\/","@type":"Blog","@id":"https:\/\/www.bachhausen.de#Blog","headline":"Dirk Bachhausen","description":"Sagen, was ist. \u2013 Tun, was man sagt. \u2013 Und sein, was man tut.","url":"https:\/\/www.bachhausen.de","hasPart":[{"@type":"NewsArticle","@id":"https:\/\/www.bachhausen.de\/diese-falschbehauptungen-kursieren-zu-olympia-2024\/","headline":"Diese Falschbehauptungen kursieren zu Olympia 2024","url":"https:\/\/www.bachhausen.de\/diese-falschbehauptungen-kursieren-zu-olympia-2024\/","datePublished":"2024-08-02","dateModified":"2024-08-02","mainEntityOfPage":"https:\/\/www.bachhausen.de\/diese-falschbehauptungen-kursieren-zu-olympia-2024\/","author":{"@type":"Person","@id":"##Person","name":"Correctiv.org","url":"#","identifier":15,"description":"<div class=\"elementor-element elementor-element-3e1bf03c elementor-widget elementor-widget-heading\" data-id=\"3e1bf03c\">\r\n<div class=\"elementor-widget-container\">\r\n<h1 class=\"elementor-heading-title elementor-size-default\">Recherchen f\u00fcr die Gesellschaft und mit der Gesellschaft<\/h1>\r\n<\/div>\r\n<\/div>\r\n<section class=\"elementor-element elementor-element-5be37e09 elementor-section-content-middle elementor-section-boxed elementor-section-height-default elementor-section-height-default elementor-section elementor-inner-section\" data-id=\"5be37e09\">\r\n<div class=\"elementor-container elementor-column-gap-no\">\r\n<div class=\"elementor-row\">\r\n<div class=\"elementor-element elementor-element-63cc7109 elementor-column elementor-col-50 elementor-inner-column\" data-id=\"63cc7109\">\r\n<div class=\"elementor-column-wrap elementor-element-populated\">\r\n<div class=\"elementor-widget-wrap\">\r\n<div class=\"elementor-element elementor-element-7d9688e9 elementor-widget elementor-widget-text-editor\" data-id=\"7d9688e9\">\r\n<div class=\"elementor-widget-container\">\r\n<div class=\"elementor-text-editor elementor-clearfix\">\r\n\r\n<strong>Investigativ. Unabh\u00e4ngig. Gemeinn\u00fctzig.<\/strong>\r\nCORRECTIV\u00a0ist das erste gemeinn\u00fctzige Recherchezentrum im deutschsprachigen Raum. Wir recherchieren langfristig zu Missst\u00e4nden in der Gesellschaft, f\u00f6rdern Medienkompetenz und f\u00fchren Bildungsprogramme durch.\r\n\r\n<a href=\"https:\/\/correctiv.org\/\">https:\/\/correctiv.org\/<\/a>\r\n\r\n<\/div>\r\n<\/div>\r\n<\/div>\r\n<\/div>\r\n<\/div>\r\n<\/div>\r\n<\/div>\r\n<\/div>\r\n<\/section>","image":{"@type":"ImageObject","@id":"https:\/\/secure.gravatar.com\/avatar\/51a6c0962ec4a7a9fff8508f3b6a21069f40fbb9a1ee7294cca7a040ced87b6c?s=96&d=monsterid&r=g","url":"https:\/\/secure.gravatar.com\/avatar\/51a6c0962ec4a7a9fff8508f3b6a21069f40fbb9a1ee7294cca7a040ced87b6c?s=96&d=monsterid&r=g","height":96,"width":96}},"publisher":{"@type":"Person","name":"Dirk Bachhausen","image":{"@type":"ImageObject","@id":"https:\/\/www.bachhausen.de\/wp-content\/uploads\/2019\/07\/dirk_profil-300x300.jpg","url":"https:\/\/www.bachhausen.de\/wp-content\/uploads\/2019\/07\/dirk_profil-300x300.jpg","width":600,"height":60}},"image":{"@type":"ImageObject","@id":"https:\/\/www.bachhausen.de\/wp-content\/uploads\/2023\/09\/Zeitungsleser.webp","url":"https:\/\/www.bachhausen.de\/wp-content\/uploads\/2023\/09\/Zeitungsleser.webp","height":534,"width":800},"wordCount":688,"keywords":["diese","falschbehauptungen","kursieren","olympia"]},{"@type":"NewsArticle","@id":"https:\/\/www.bachhausen.de\/juristisches-scharmuetzel-gegen-die-tagesschau\/","headline":"Juristisches Scharm\u00fctzel gegen die Tagesschau","url":"https:\/\/www.bachhausen.de\/juristisches-scharmuetzel-gegen-die-tagesschau\/","datePublished":"2024-08-01","dateModified":"2024-08-01","mainEntityOfPage":"https:\/\/www.bachhausen.de\/juristisches-scharmuetzel-gegen-die-tagesschau\/","author":{"@type":"Person","@id":"##Person","name":"Correctiv.org","url":"#","identifier":15,"description":"<div class=\"elementor-element elementor-element-3e1bf03c elementor-widget elementor-widget-heading\" data-id=\"3e1bf03c\">\r\n<div class=\"elementor-widget-container\">\r\n<h1 class=\"elementor-heading-title elementor-size-default\">Recherchen f\u00fcr die Gesellschaft und mit der Gesellschaft<\/h1>\r\n<\/div>\r\n<\/div>\r\n<section class=\"elementor-element elementor-element-5be37e09 elementor-section-content-middle elementor-section-boxed elementor-section-height-default elementor-section-height-default elementor-section elementor-inner-section\" data-id=\"5be37e09\">\r\n<div class=\"elementor-container elementor-column-gap-no\">\r\n<div class=\"elementor-row\">\r\n<div class=\"elementor-element elementor-element-63cc7109 elementor-column elementor-col-50 elementor-inner-column\" data-id=\"63cc7109\">\r\n<div class=\"elementor-column-wrap elementor-element-populated\">\r\n<div class=\"elementor-widget-wrap\">\r\n<div class=\"elementor-element elementor-element-7d9688e9 elementor-widget elementor-widget-text-editor\" data-id=\"7d9688e9\">\r\n<div class=\"elementor-widget-container\">\r\n<div class=\"elementor-text-editor elementor-clearfix\">\r\n\r\n<strong>Investigativ. Unabh\u00e4ngig. Gemeinn\u00fctzig.<\/strong>\r\nCORRECTIV\u00a0ist das erste gemeinn\u00fctzige Recherchezentrum im deutschsprachigen Raum. Wir recherchieren langfristig zu Missst\u00e4nden in der Gesellschaft, f\u00f6rdern Medienkompetenz und f\u00fchren Bildungsprogramme durch.\r\n\r\n<a href=\"https:\/\/correctiv.org\/\">https:\/\/correctiv.org\/<\/a>\r\n\r\n<\/div>\r\n<\/div>\r\n<\/div>\r\n<\/div>\r\n<\/div>\r\n<\/div>\r\n<\/div>\r\n<\/div>\r\n<\/section>","image":{"@type":"ImageObject","@id":"https:\/\/secure.gravatar.com\/avatar\/51a6c0962ec4a7a9fff8508f3b6a21069f40fbb9a1ee7294cca7a040ced87b6c?s=96&d=monsterid&r=g","url":"https:\/\/secure.gravatar.com\/avatar\/51a6c0962ec4a7a9fff8508f3b6a21069f40fbb9a1ee7294cca7a040ced87b6c?s=96&d=monsterid&r=g","height":96,"width":96}},"publisher":{"@type":"Person","name":"Dirk Bachhausen","image":{"@type":"ImageObject","@id":"https:\/\/www.bachhausen.de\/wp-content\/uploads\/2019\/07\/dirk_profil-300x300.jpg","url":"https:\/\/www.bachhausen.de\/wp-content\/uploads\/2019\/07\/dirk_profil-300x300.jpg","width":600,"height":60}},"image":{"@type":"ImageObject","@id":"https:\/\/www.bachhausen.de\/wp-content\/uploads\/2023\/09\/Zeitungsleser.webp","url":"https:\/\/www.bachhausen.de\/wp-content\/uploads\/2023\/09\/Zeitungsleser.webp","height":534,"width":800},"wordCount":1056,"keywords":["gegen","juristisches","scharmutzel","tagesschau"]},{"@type":"NewsArticle","@id":"https:\/\/www.bachhausen.de\/mission-wahrheit-das-geschenk-im-schoss\/","headline":"Mission Wahrheit \u2013 das Geschenk im Scho\u00df","url":"https:\/\/www.bachhausen.de\/mission-wahrheit-das-geschenk-im-schoss\/","datePublished":"2024-08-01","dateModified":"2024-08-01","mainEntityOfPage":"https:\/\/www.bachhausen.de\/mission-wahrheit-das-geschenk-im-schoss\/","author":{"@type":"Person","@id":"##Person","name":"Correctiv.org","url":"#","identifier":15,"description":"<div class=\"elementor-element elementor-element-3e1bf03c elementor-widget elementor-widget-heading\" data-id=\"3e1bf03c\">\r\n<div class=\"elementor-widget-container\">\r\n<h1 class=\"elementor-heading-title elementor-size-default\">Recherchen f\u00fcr die Gesellschaft und mit der Gesellschaft<\/h1>\r\n<\/div>\r\n<\/div>\r\n<section class=\"elementor-element elementor-element-5be37e09 elementor-section-content-middle elementor-section-boxed elementor-section-height-default elementor-section-height-default elementor-section elementor-inner-section\" data-id=\"5be37e09\">\r\n<div class=\"elementor-container elementor-column-gap-no\">\r\n<div class=\"elementor-row\">\r\n<div class=\"elementor-element elementor-element-63cc7109 elementor-column elementor-col-50 elementor-inner-column\" data-id=\"63cc7109\">\r\n<div class=\"elementor-column-wrap elementor-element-populated\">\r\n<div class=\"elementor-widget-wrap\">\r\n<div class=\"elementor-element elementor-element-7d9688e9 elementor-widget elementor-widget-text-editor\" data-id=\"7d9688e9\">\r\n<div class=\"elementor-widget-container\">\r\n<div class=\"elementor-text-editor elementor-clearfix\">\r\n\r\n<strong>Investigativ. Unabh\u00e4ngig. Gemeinn\u00fctzig.<\/strong>\r\nCORRECTIV\u00a0ist das erste gemeinn\u00fctzige Recherchezentrum im deutschsprachigen Raum. Wir recherchieren langfristig zu Missst\u00e4nden in der Gesellschaft, f\u00f6rdern Medienkompetenz und f\u00fchren Bildungsprogramme durch.\r\n\r\n<a href=\"https:\/\/correctiv.org\/\">https:\/\/correctiv.org\/<\/a>\r\n\r\n<\/div>\r\n<\/div>\r\n<\/div>\r\n<\/div>\r\n<\/div>\r\n<\/div>\r\n<\/div>\r\n<\/div>\r\n<\/section>","image":{"@type":"ImageObject","@id":"https:\/\/secure.gravatar.com\/avatar\/51a6c0962ec4a7a9fff8508f3b6a21069f40fbb9a1ee7294cca7a040ced87b6c?s=96&d=monsterid&r=g","url":"https:\/\/secure.gravatar.com\/avatar\/51a6c0962ec4a7a9fff8508f3b6a21069f40fbb9a1ee7294cca7a040ced87b6c?s=96&d=monsterid&r=g","height":96,"width":96}},"publisher":{"@type":"Person","name":"Dirk Bachhausen","image":{"@type":"ImageObject","@id":"https:\/\/www.bachhausen.de\/wp-content\/uploads\/2019\/07\/dirk_profil-300x300.jpg","url":"https:\/\/www.bachhausen.de\/wp-content\/uploads\/2019\/07\/dirk_profil-300x300.jpg","width":600,"height":60}},"image":{"@type":"ImageObject","@id":"https:\/\/www.bachhausen.de\/wp-content\/uploads\/2023\/09\/Zeitungsleser.webp","url":"https:\/\/www.bachhausen.de\/wp-content\/uploads\/2023\/09\/Zeitungsleser.webp","height":534,"width":800},"wordCount":2516,"keywords":["geschenk","mission","wahrheit"]},{"@type":"NewsArticle","@id":"https:\/\/www.bachhausen.de\/auch-in-sydney-steigt-laut-messungen-der-meeresspiegel-fotos-sind-kein-gegenbeweis\/","headline":"Auch in Sydney steigt laut Messungen der Meeresspiegel \u2013 Fotos sind kein Gegenbeweis","url":"https:\/\/www.bachhausen.de\/auch-in-sydney-steigt-laut-messungen-der-meeresspiegel-fotos-sind-kein-gegenbeweis\/","datePublished":"2024-08-01","dateModified":"2024-08-01","mainEntityOfPage":"https:\/\/www.bachhausen.de\/auch-in-sydney-steigt-laut-messungen-der-meeresspiegel-fotos-sind-kein-gegenbeweis\/","author":{"@type":"Person","@id":"##Person","name":"Correctiv.org","url":"#","identifier":15,"description":"<div class=\"elementor-element elementor-element-3e1bf03c elementor-widget elementor-widget-heading\" data-id=\"3e1bf03c\">\r\n<div class=\"elementor-widget-container\">\r\n<h1 class=\"elementor-heading-title elementor-size-default\">Recherchen f\u00fcr die Gesellschaft und mit der Gesellschaft<\/h1>\r\n<\/div>\r\n<\/div>\r\n<section class=\"elementor-element elementor-element-5be37e09 elementor-section-content-middle elementor-section-boxed elementor-section-height-default elementor-section-height-default elementor-section elementor-inner-section\" data-id=\"5be37e09\">\r\n<div class=\"elementor-container elementor-column-gap-no\">\r\n<div class=\"elementor-row\">\r\n<div class=\"elementor-element elementor-element-63cc7109 elementor-column elementor-col-50 elementor-inner-column\" data-id=\"63cc7109\">\r\n<div class=\"elementor-column-wrap elementor-element-populated\">\r\n<div class=\"elementor-widget-wrap\">\r\n<div class=\"elementor-element elementor-element-7d9688e9 elementor-widget elementor-widget-text-editor\" data-id=\"7d9688e9\">\r\n<div class=\"elementor-widget-container\">\r\n<div class=\"elementor-text-editor elementor-clearfix\">\r\n\r\n<strong>Investigativ. Unabh\u00e4ngig. Gemeinn\u00fctzig.<\/strong>\r\nCORRECTIV\u00a0ist das erste gemeinn\u00fctzige Recherchezentrum im deutschsprachigen Raum. Wir recherchieren langfristig zu Missst\u00e4nden in der Gesellschaft, f\u00f6rdern Medienkompetenz und f\u00fchren Bildungsprogramme durch.\r\n\r\n<a href=\"https:\/\/correctiv.org\/\">https:\/\/correctiv.org\/<\/a>\r\n\r\n<\/div>\r\n<\/div>\r\n<\/div>\r\n<\/div>\r\n<\/div>\r\n<\/div>\r\n<\/div>\r\n<\/div>\r\n<\/section>","image":{"@type":"ImageObject","@id":"https:\/\/secure.gravatar.com\/avatar\/51a6c0962ec4a7a9fff8508f3b6a21069f40fbb9a1ee7294cca7a040ced87b6c?s=96&d=monsterid&r=g","url":"https:\/\/secure.gravatar.com\/avatar\/51a6c0962ec4a7a9fff8508f3b6a21069f40fbb9a1ee7294cca7a040ced87b6c?s=96&d=monsterid&r=g","height":96,"width":96}},"publisher":{"@type":"Person","name":"Dirk Bachhausen","image":{"@type":"ImageObject","@id":"https:\/\/www.bachhausen.de\/wp-content\/uploads\/2019\/07\/dirk_profil-300x300.jpg","url":"https:\/\/www.bachhausen.de\/wp-content\/uploads\/2019\/07\/dirk_profil-300x300.jpg","width":600,"height":60}},"image":{"@type":"ImageObject","@id":"https:\/\/www.bachhausen.de\/wp-content\/uploads\/2024\/08\/Screenshot-2024-07-26-at-15-41-50-1-Daniel-Muenger-Facebook.jpg","url":"https:\/\/www.bachhausen.de\/wp-content\/uploads\/2024\/08\/Screenshot-2024-07-26-at-15-41-50-1-Daniel-Muenger-Facebook.jpg","height":640,"width":553},"wordCount":948,"keywords":["fotos","gegenbeweis","meeresspiegel","messungen","steigt","sydney"]},{"@type":"NewsArticle","@id":"https:\/\/www.bachhausen.de\/video-von-christen-am-eiffelturm-hat-keinen-bezug-zu-olympia-eroeffnungsfeier\/","headline":"Video von Christen am Eiffelturm hat keinen Bezug zu Olympia-Er\u00f6ffnungsfeier","url":"https:\/\/www.bachhausen.de\/video-von-christen-am-eiffelturm-hat-keinen-bezug-zu-olympia-eroeffnungsfeier\/","datePublished":"2024-08-01","dateModified":"2024-08-01","mainEntityOfPage":"https:\/\/www.bachhausen.de\/video-von-christen-am-eiffelturm-hat-keinen-bezug-zu-olympia-eroeffnungsfeier\/","author":{"@type":"Person","@id":"##Person","name":"Correctiv.org","url":"#","identifier":15,"description":"<div class=\"elementor-element elementor-element-3e1bf03c elementor-widget elementor-widget-heading\" data-id=\"3e1bf03c\">\r\n<div class=\"elementor-widget-container\">\r\n<h1 class=\"elementor-heading-title elementor-size-default\">Recherchen f\u00fcr die Gesellschaft und mit der Gesellschaft<\/h1>\r\n<\/div>\r\n<\/div>\r\n<section class=\"elementor-element elementor-element-5be37e09 elementor-section-content-middle elementor-section-boxed elementor-section-height-default elementor-section-height-default elementor-section elementor-inner-section\" data-id=\"5be37e09\">\r\n<div class=\"elementor-container elementor-column-gap-no\">\r\n<div class=\"elementor-row\">\r\n<div class=\"elementor-element elementor-element-63cc7109 elementor-column elementor-col-50 elementor-inner-column\" data-id=\"63cc7109\">\r\n<div class=\"elementor-column-wrap elementor-element-populated\">\r\n<div class=\"elementor-widget-wrap\">\r\n<div class=\"elementor-element elementor-element-7d9688e9 elementor-widget elementor-widget-text-editor\" data-id=\"7d9688e9\">\r\n<div class=\"elementor-widget-container\">\r\n<div class=\"elementor-text-editor elementor-clearfix\">\r\n\r\n<strong>Investigativ. Unabh\u00e4ngig. Gemeinn\u00fctzig.<\/strong>\r\nCORRECTIV\u00a0ist das erste gemeinn\u00fctzige Recherchezentrum im deutschsprachigen Raum. Wir recherchieren langfristig zu Missst\u00e4nden in der Gesellschaft, f\u00f6rdern Medienkompetenz und f\u00fchren Bildungsprogramme durch.\r\n\r\n<a href=\"https:\/\/correctiv.org\/\">https:\/\/correctiv.org\/<\/a>\r\n\r\n<\/div>\r\n<\/div>\r\n<\/div>\r\n<\/div>\r\n<\/div>\r\n<\/div>\r\n<\/div>\r\n<\/div>\r\n<\/section>","image":{"@type":"ImageObject","@id":"https:\/\/secure.gravatar.com\/avatar\/51a6c0962ec4a7a9fff8508f3b6a21069f40fbb9a1ee7294cca7a040ced87b6c?s=96&d=monsterid&r=g","url":"https:\/\/secure.gravatar.com\/avatar\/51a6c0962ec4a7a9fff8508f3b6a21069f40fbb9a1ee7294cca7a040ced87b6c?s=96&d=monsterid&r=g","height":96,"width":96}},"publisher":{"@type":"Person","name":"Dirk Bachhausen","image":{"@type":"ImageObject","@id":"https:\/\/www.bachhausen.de\/wp-content\/uploads\/2019\/07\/dirk_profil-300x300.jpg","url":"https:\/\/www.bachhausen.de\/wp-content\/uploads\/2019\/07\/dirk_profil-300x300.jpg","width":600,"height":60}},"image":{"@type":"ImageObject","@id":"https:\/\/www.bachhausen.de\/wp-content\/uploads\/2024\/08\/olympia-christen-frankreich-versammlung-faktencheck.png","url":"https:\/\/www.bachhausen.de\/wp-content\/uploads\/2024\/08\/olympia-christen-frankreich-versammlung-faktencheck.png","height":582,"width":1134},"wordCount":855,"keywords":["bezug","christen","eiffelturm","eroffnungsfeier","keinen","olympia","video"]},{"@type":"NewsArticle","@id":"https:\/\/www.bachhausen.de\/nein-dieses-foto-zeigt-nicht-un-generalsekretaer-antonio-guterres-neben-jassir-arafat\/","headline":"Nein, dieses Foto zeigt nicht UN-Generalsekret\u00e4r Ant\u00f3nio Guterres neben Jassir Arafat","url":"https:\/\/www.bachhausen.de\/nein-dieses-foto-zeigt-nicht-un-generalsekretaer-antonio-guterres-neben-jassir-arafat\/","datePublished":"2024-07-31","dateModified":"2024-07-31","mainEntityOfPage":"https:\/\/www.bachhausen.de\/nein-dieses-foto-zeigt-nicht-un-generalsekretaer-antonio-guterres-neben-jassir-arafat\/","author":{"@type":"Person","@id":"##Person","name":"Correctiv.org","url":"#","identifier":15,"description":"<div class=\"elementor-element elementor-element-3e1bf03c elementor-widget elementor-widget-heading\" data-id=\"3e1bf03c\">\r\n<div class=\"elementor-widget-container\">\r\n<h1 class=\"elementor-heading-title elementor-size-default\">Recherchen f\u00fcr die Gesellschaft und mit der Gesellschaft<\/h1>\r\n<\/div>\r\n<\/div>\r\n<section class=\"elementor-element elementor-element-5be37e09 elementor-section-content-middle elementor-section-boxed elementor-section-height-default elementor-section-height-default elementor-section elementor-inner-section\" data-id=\"5be37e09\">\r\n<div class=\"elementor-container elementor-column-gap-no\">\r\n<div class=\"elementor-row\">\r\n<div class=\"elementor-element elementor-element-63cc7109 elementor-column elementor-col-50 elementor-inner-column\" data-id=\"63cc7109\">\r\n<div class=\"elementor-column-wrap elementor-element-populated\">\r\n<div class=\"elementor-widget-wrap\">\r\n<div class=\"elementor-element elementor-element-7d9688e9 elementor-widget elementor-widget-text-editor\" data-id=\"7d9688e9\">\r\n<div class=\"elementor-widget-container\">\r\n<div class=\"elementor-text-editor elementor-clearfix\">\r\n\r\n<strong>Investigativ. Unabh\u00e4ngig. Gemeinn\u00fctzig.<\/strong>\r\nCORRECTIV\u00a0ist das erste gemeinn\u00fctzige Recherchezentrum im deutschsprachigen Raum. Wir recherchieren langfristig zu Missst\u00e4nden in der Gesellschaft, f\u00f6rdern Medienkompetenz und f\u00fchren Bildungsprogramme durch.\r\n\r\n<a href=\"https:\/\/correctiv.org\/\">https:\/\/correctiv.org\/<\/a>\r\n\r\n<\/div>\r\n<\/div>\r\n<\/div>\r\n<\/div>\r\n<\/div>\r\n<\/div>\r\n<\/div>\r\n<\/div>\r\n<\/section>","image":{"@type":"ImageObject","@id":"https:\/\/secure.gravatar.com\/avatar\/51a6c0962ec4a7a9fff8508f3b6a21069f40fbb9a1ee7294cca7a040ced87b6c?s=96&d=monsterid&r=g","url":"https:\/\/secure.gravatar.com\/avatar\/51a6c0962ec4a7a9fff8508f3b6a21069f40fbb9a1ee7294cca7a040ced87b6c?s=96&d=monsterid&r=g","height":96,"width":96}},"publisher":{"@type":"Person","name":"Dirk Bachhausen","image":{"@type":"ImageObject","@id":"https:\/\/www.bachhausen.de\/wp-content\/uploads\/2019\/07\/dirk_profil-300x300.jpg","url":"https:\/\/www.bachhausen.de\/wp-content\/uploads\/2019\/07\/dirk_profil-300x300.jpg","width":600,"height":60}},"image":{"@type":"ImageObject","@id":"https:\/\/www.bachhausen.de\/wp-content\/uploads\/2024\/07\/guterres-arafat-foto-fake.jpg","url":"https:\/\/www.bachhausen.de\/wp-content\/uploads\/2024\/07\/guterres-arafat-foto-fake.jpg","height":774,"width":510},"wordCount":1274,"keywords":["antonio","dieses","generalsekretar","guterres","neben","nicht","zeigt"]},{"@type":"NewsArticle","@id":"https:\/\/www.bachhausen.de\/olympia-transfeindliche-beitraege-verbreiten-manipuliertes-foto-von-schwimmerin-lia-thomas\/","headline":"Olympia: Transfeindliche Beitr\u00e4ge verbreiten manipuliertes Foto von Schwimmerin Lia Thomas","url":"https:\/\/www.bachhausen.de\/olympia-transfeindliche-beitraege-verbreiten-manipuliertes-foto-von-schwimmerin-lia-thomas\/","datePublished":"2024-07-31","dateModified":"2024-07-31","mainEntityOfPage":"https:\/\/www.bachhausen.de\/olympia-transfeindliche-beitraege-verbreiten-manipuliertes-foto-von-schwimmerin-lia-thomas\/","author":{"@type":"Person","@id":"##Person","name":"Correctiv.org","url":"#","identifier":15,"description":"<div class=\"elementor-element elementor-element-3e1bf03c elementor-widget elementor-widget-heading\" data-id=\"3e1bf03c\">\r\n<div class=\"elementor-widget-container\">\r\n<h1 class=\"elementor-heading-title elementor-size-default\">Recherchen f\u00fcr die Gesellschaft und mit der Gesellschaft<\/h1>\r\n<\/div>\r\n<\/div>\r\n<section class=\"elementor-element elementor-element-5be37e09 elementor-section-content-middle elementor-section-boxed elementor-section-height-default elementor-section-height-default elementor-section elementor-inner-section\" data-id=\"5be37e09\">\r\n<div class=\"elementor-container elementor-column-gap-no\">\r\n<div class=\"elementor-row\">\r\n<div class=\"elementor-element elementor-element-63cc7109 elementor-column elementor-col-50 elementor-inner-column\" data-id=\"63cc7109\">\r\n<div class=\"elementor-column-wrap elementor-element-populated\">\r\n<div class=\"elementor-widget-wrap\">\r\n<div class=\"elementor-element elementor-element-7d9688e9 elementor-widget elementor-widget-text-editor\" data-id=\"7d9688e9\">\r\n<div class=\"elementor-widget-container\">\r\n<div class=\"elementor-text-editor elementor-clearfix\">\r\n\r\n<strong>Investigativ. Unabh\u00e4ngig. Gemeinn\u00fctzig.<\/strong>\r\nCORRECTIV\u00a0ist das erste gemeinn\u00fctzige Recherchezentrum im deutschsprachigen Raum. Wir recherchieren langfristig zu Missst\u00e4nden in der Gesellschaft, f\u00f6rdern Medienkompetenz und f\u00fchren Bildungsprogramme durch.\r\n\r\n<a href=\"https:\/\/correctiv.org\/\">https:\/\/correctiv.org\/<\/a>\r\n\r\n<\/div>\r\n<\/div>\r\n<\/div>\r\n<\/div>\r\n<\/div>\r\n<\/div>\r\n<\/div>\r\n<\/div>\r\n<\/section>","image":{"@type":"ImageObject","@id":"https:\/\/secure.gravatar.com\/avatar\/51a6c0962ec4a7a9fff8508f3b6a21069f40fbb9a1ee7294cca7a040ced87b6c?s=96&d=monsterid&r=g","url":"https:\/\/secure.gravatar.com\/avatar\/51a6c0962ec4a7a9fff8508f3b6a21069f40fbb9a1ee7294cca7a040ced87b6c?s=96&d=monsterid&r=g","height":96,"width":96}},"publisher":{"@type":"Person","name":"Dirk Bachhausen","image":{"@type":"ImageObject","@id":"https:\/\/www.bachhausen.de\/wp-content\/uploads\/2019\/07\/dirk_profil-300x300.jpg","url":"https:\/\/www.bachhausen.de\/wp-content\/uploads\/2019\/07\/dirk_profil-300x300.jpg","width":600,"height":60}},"image":{"@type":"ImageObject","@id":"https:\/\/www.bachhausen.de\/wp-content\/uploads\/2024\/07\/lia-thomas-fake-foto-manipuliert-instagram.jpg","url":"https:\/\/www.bachhausen.de\/wp-content\/uploads\/2024\/07\/lia-thomas-fake-foto-manipuliert-instagram.jpg","height":442,"width":650},"wordCount":825,"keywords":["beitrage","manipuliertes","olympia","schwimmerin","thomas","transfeindliche","verbreiten"]},{"@type":"NewsArticle","@id":"https:\/\/www.bachhausen.de\/festival-am-fuehlinger-see-eat-play-love-veranstalter-hofft-auf-bis-zu-20-000-besucher\/","headline":"Festival am F\u00fchlinger See: \u201eEat Play Love\u201c-Veranstalter hofft auf bis zu 20.000 Besucher","url":"https:\/\/www.bachhausen.de\/festival-am-fuehlinger-see-eat-play-love-veranstalter-hofft-auf-bis-zu-20-000-besucher\/","datePublished":"2024-07-31","dateModified":"2024-07-31","mainEntityOfPage":"https:\/\/www.bachhausen.de\/festival-am-fuehlinger-see-eat-play-love-veranstalter-hofft-auf-bis-zu-20-000-besucher\/","author":{"@type":"Person","@id":"##Person","name":"K\u00f6lner Stadtanzeiger","url":"#","identifier":3,"description":"Der K\u00f6lner Stadtanzeiger","image":{"@type":"ImageObject","@id":"https:\/\/secure.gravatar.com\/avatar\/a3f43e8250594c4ed8be9e86201eefa6cc06ef89c032788db696432ac7e77173?s=96&d=monsterid&r=g","url":"https:\/\/secure.gravatar.com\/avatar\/a3f43e8250594c4ed8be9e86201eefa6cc06ef89c032788db696432ac7e77173?s=96&d=monsterid&r=g","height":96,"width":96}},"publisher":{"@type":"Person","name":"Dirk Bachhausen","image":{"@type":"ImageObject","@id":"https:\/\/www.bachhausen.de\/wp-content\/uploads\/2019\/07\/dirk_profil-300x300.jpg","url":"https:\/\/www.bachhausen.de\/wp-content\/uploads\/2019\/07\/dirk_profil-300x300.jpg","width":600,"height":60}},"image":{"@type":"ImageObject","@id":"https:\/\/www.bachhausen.de\/wp-content\/uploads\/2023\/09\/Zeitungsleser.webp","url":"https:\/\/www.bachhausen.de\/wp-content\/uploads\/2023\/09\/Zeitungsleser.webp","height":534,"width":800},"wordCount":202,"keywords":["besucher","festival","fuhlinger","hofft","veranstalter"]},{"@type":"NewsArticle","@id":"https:\/\/www.bachhausen.de\/betrugsmasche-auf-facebook-verbreitet-sich-erneut-ein-fake-gewinnspiel-unter-dem-namen-des-discounters-action\/","headline":"Betrugsmasche: Auf Facebook verbreitet sich erneut ein Fake-Gewinnspiel unter dem Namen des Discounters Action","url":"https:\/\/www.bachhausen.de\/betrugsmasche-auf-facebook-verbreitet-sich-erneut-ein-fake-gewinnspiel-unter-dem-namen-des-discounters-action\/","datePublished":"2024-07-31","dateModified":"2024-07-31","mainEntityOfPage":"https:\/\/www.bachhausen.de\/betrugsmasche-auf-facebook-verbreitet-sich-erneut-ein-fake-gewinnspiel-unter-dem-namen-des-discounters-action\/","author":{"@type":"Person","@id":"##Person","name":"Correctiv.org","url":"#","identifier":15,"description":"<div class=\"elementor-element elementor-element-3e1bf03c elementor-widget elementor-widget-heading\" data-id=\"3e1bf03c\">\r\n<div class=\"elementor-widget-container\">\r\n<h1 class=\"elementor-heading-title elementor-size-default\">Recherchen f\u00fcr die Gesellschaft und mit der Gesellschaft<\/h1>\r\n<\/div>\r\n<\/div>\r\n<section class=\"elementor-element elementor-element-5be37e09 elementor-section-content-middle elementor-section-boxed elementor-section-height-default elementor-section-height-default elementor-section elementor-inner-section\" data-id=\"5be37e09\">\r\n<div class=\"elementor-container elementor-column-gap-no\">\r\n<div class=\"elementor-row\">\r\n<div class=\"elementor-element elementor-element-63cc7109 elementor-column elementor-col-50 elementor-inner-column\" data-id=\"63cc7109\">\r\n<div class=\"elementor-column-wrap elementor-element-populated\">\r\n<div class=\"elementor-widget-wrap\">\r\n<div class=\"elementor-element elementor-element-7d9688e9 elementor-widget elementor-widget-text-editor\" data-id=\"7d9688e9\">\r\n<div class=\"elementor-widget-container\">\r\n<div class=\"elementor-text-editor elementor-clearfix\">\r\n\r\n<strong>Investigativ. Unabh\u00e4ngig. Gemeinn\u00fctzig.<\/strong>\r\nCORRECTIV\u00a0ist das erste gemeinn\u00fctzige Recherchezentrum im deutschsprachigen Raum. Wir recherchieren langfristig zu Missst\u00e4nden in der Gesellschaft, f\u00f6rdern Medienkompetenz und f\u00fchren Bildungsprogramme durch.\r\n\r\n<a href=\"https:\/\/correctiv.org\/\">https:\/\/correctiv.org\/<\/a>\r\n\r\n<\/div>\r\n<\/div>\r\n<\/div>\r\n<\/div>\r\n<\/div>\r\n<\/div>\r\n<\/div>\r\n<\/div>\r\n<\/section>","image":{"@type":"ImageObject","@id":"https:\/\/secure.gravatar.com\/avatar\/51a6c0962ec4a7a9fff8508f3b6a21069f40fbb9a1ee7294cca7a040ced87b6c?s=96&d=monsterid&r=g","url":"https:\/\/secure.gravatar.com\/avatar\/51a6c0962ec4a7a9fff8508f3b6a21069f40fbb9a1ee7294cca7a040ced87b6c?s=96&d=monsterid&r=g","height":96,"width":96}},"publisher":{"@type":"Person","name":"Dirk Bachhausen","image":{"@type":"ImageObject","@id":"https:\/\/www.bachhausen.de\/wp-content\/uploads\/2019\/07\/dirk_profil-300x300.jpg","url":"https:\/\/www.bachhausen.de\/wp-content\/uploads\/2019\/07\/dirk_profil-300x300.jpg","width":600,"height":60}},"image":{"@type":"ImageObject","@id":"https:\/\/www.bachhausen.de\/wp-content\/uploads\/2024\/07\/action_fans_gewinspiel_screenshot.jpg","url":"https:\/\/www.bachhausen.de\/wp-content\/uploads\/2024\/07\/action_fans_gewinspiel_screenshot.jpg","height":1200,"width":948},"wordCount":992,"keywords":["betrugsmasche","erneut","facebook","gewinnspiel","namen","unter","verbreitet"]},{"@type":"NewsArticle","@id":"https:\/\/www.bachhausen.de\/gewaechshaeuser-in-holland-nutzen-co2-abgase-von-industriefirmen\/","headline":"Gew\u00e4chsh\u00e4user in Holland nutzen CO2-Abgase von Industriefirmen","url":"https:\/\/www.bachhausen.de\/gewaechshaeuser-in-holland-nutzen-co2-abgase-von-industriefirmen\/","datePublished":"2024-07-31","dateModified":"2024-07-31","mainEntityOfPage":"https:\/\/www.bachhausen.de\/gewaechshaeuser-in-holland-nutzen-co2-abgase-von-industriefirmen\/","author":{"@type":"Person","@id":"##Person","name":"Correctiv.org","url":"#","identifier":15,"description":"<div class=\"elementor-element elementor-element-3e1bf03c elementor-widget elementor-widget-heading\" data-id=\"3e1bf03c\">\r\n<div class=\"elementor-widget-container\">\r\n<h1 class=\"elementor-heading-title elementor-size-default\">Recherchen f\u00fcr die Gesellschaft und mit der Gesellschaft<\/h1>\r\n<\/div>\r\n<\/div>\r\n<section class=\"elementor-element elementor-element-5be37e09 elementor-section-content-middle elementor-section-boxed elementor-section-height-default elementor-section-height-default elementor-section elementor-inner-section\" data-id=\"5be37e09\">\r\n<div class=\"elementor-container elementor-column-gap-no\">\r\n<div class=\"elementor-row\">\r\n<div class=\"elementor-element elementor-element-63cc7109 elementor-column elementor-col-50 elementor-inner-column\" data-id=\"63cc7109\">\r\n<div class=\"elementor-column-wrap elementor-element-populated\">\r\n<div class=\"elementor-widget-wrap\">\r\n<div class=\"elementor-element elementor-element-7d9688e9 elementor-widget elementor-widget-text-editor\" data-id=\"7d9688e9\">\r\n<div class=\"elementor-widget-container\">\r\n<div class=\"elementor-text-editor elementor-clearfix\">\r\n\r\n<strong>Investigativ. Unabh\u00e4ngig. Gemeinn\u00fctzig.<\/strong>\r\nCORRECTIV\u00a0ist das erste gemeinn\u00fctzige Recherchezentrum im deutschsprachigen Raum. Wir recherchieren langfristig zu Missst\u00e4nden in der Gesellschaft, f\u00f6rdern Medienkompetenz und f\u00fchren Bildungsprogramme durch.\r\n\r\n<a href=\"https:\/\/correctiv.org\/\">https:\/\/correctiv.org\/<\/a>\r\n\r\n<\/div>\r\n<\/div>\r\n<\/div>\r\n<\/div>\r\n<\/div>\r\n<\/div>\r\n<\/div>\r\n<\/div>\r\n<\/section>","image":{"@type":"ImageObject","@id":"https:\/\/secure.gravatar.com\/avatar\/51a6c0962ec4a7a9fff8508f3b6a21069f40fbb9a1ee7294cca7a040ced87b6c?s=96&d=monsterid&r=g","url":"https:\/\/secure.gravatar.com\/avatar\/51a6c0962ec4a7a9fff8508f3b6a21069f40fbb9a1ee7294cca7a040ced87b6c?s=96&d=monsterid&r=g","height":96,"width":96}},"publisher":{"@type":"Person","name":"Dirk Bachhausen","image":{"@type":"ImageObject","@id":"https:\/\/www.bachhausen.de\/wp-content\/uploads\/2019\/07\/dirk_profil-300x300.jpg","url":"https:\/\/www.bachhausen.de\/wp-content\/uploads\/2019\/07\/dirk_profil-300x300.jpg","width":600,"height":60}},"image":{"@type":"ImageObject","@id":"https:\/\/www.bachhausen.de\/wp-content\/uploads\/2024\/07\/co2-pipeline-holland.jpg","url":"https:\/\/www.bachhausen.de\/wp-content\/uploads\/2024\/07\/co2-pipeline-holland.jpg","height":1200,"width":959},"wordCount":1251,"keywords":["abgase","gewachshauser","holland","industriefirmen","nutzen"]}]},{"@context":"https:\/\/schema.org","@type":"WebSite","@id":"https:\/\/www.bachhausen.de\/#website","name":"Dirk Bachhausen","url":"https:\/\/www.bachhausen.de","potentialAction":{"@type":"SearchAction","target":"https:\/\/www.bachhausen.de\/?s={search_term_string}","query-input":"required name=search_term_string"}}]