[{"@context":"https:\/\/schema.org\/","@type":"Blog","@id":"https:\/\/www.bachhausen.de#Blog","headline":"Dirk Bachhausen","description":"Sagen, was ist. \u2013 Tun, was man sagt. \u2013 Und sein, was man tut.","url":"https:\/\/www.bachhausen.de","hasPart":[{"@type":"NewsArticle","@id":"https:\/\/www.bachhausen.de\/attentat-nein-trump-wurde-nicht-durch-die-scherbe-eines-teleprompters-verletzt\/","headline":"Attentat: Nein, Trump wurde nicht durch die Scherbe eines Teleprompters verletzt","url":"https:\/\/www.bachhausen.de\/attentat-nein-trump-wurde-nicht-durch-die-scherbe-eines-teleprompters-verletzt\/","datePublished":"2024-07-23","dateModified":"2024-07-23","mainEntityOfPage":"https:\/\/www.bachhausen.de\/attentat-nein-trump-wurde-nicht-durch-die-scherbe-eines-teleprompters-verletzt\/","author":{"@type":"Person","@id":"##Person","name":"Correctiv.org","url":"#","identifier":15,"description":"<div class=\"elementor-element elementor-element-3e1bf03c elementor-widget elementor-widget-heading\" data-id=\"3e1bf03c\">\r\n<div class=\"elementor-widget-container\">\r\n<h1 class=\"elementor-heading-title elementor-size-default\">Recherchen f\u00fcr die Gesellschaft und mit der Gesellschaft<\/h1>\r\n<\/div>\r\n<\/div>\r\n<section class=\"elementor-element elementor-element-5be37e09 elementor-section-content-middle elementor-section-boxed elementor-section-height-default elementor-section-height-default elementor-section elementor-inner-section\" data-id=\"5be37e09\">\r\n<div class=\"elementor-container elementor-column-gap-no\">\r\n<div class=\"elementor-row\">\r\n<div class=\"elementor-element elementor-element-63cc7109 elementor-column elementor-col-50 elementor-inner-column\" data-id=\"63cc7109\">\r\n<div class=\"elementor-column-wrap elementor-element-populated\">\r\n<div class=\"elementor-widget-wrap\">\r\n<div class=\"elementor-element elementor-element-7d9688e9 elementor-widget elementor-widget-text-editor\" data-id=\"7d9688e9\">\r\n<div class=\"elementor-widget-container\">\r\n<div class=\"elementor-text-editor elementor-clearfix\">\r\n\r\n<strong>Investigativ. Unabh\u00e4ngig. Gemeinn\u00fctzig.<\/strong>\r\nCORRECTIV\u00a0ist das erste gemeinn\u00fctzige Recherchezentrum im deutschsprachigen Raum. Wir recherchieren langfristig zu Missst\u00e4nden in der Gesellschaft, f\u00f6rdern Medienkompetenz und f\u00fchren Bildungsprogramme durch.\r\n\r\n<a href=\"https:\/\/correctiv.org\/\">https:\/\/correctiv.org\/<\/a>\r\n\r\n<\/div>\r\n<\/div>\r\n<\/div>\r\n<\/div>\r\n<\/div>\r\n<\/div>\r\n<\/div>\r\n<\/div>\r\n<\/section>","image":{"@type":"ImageObject","@id":"https:\/\/secure.gravatar.com\/avatar\/51a6c0962ec4a7a9fff8508f3b6a21069f40fbb9a1ee7294cca7a040ced87b6c?s=96&d=monsterid&r=g","url":"https:\/\/secure.gravatar.com\/avatar\/51a6c0962ec4a7a9fff8508f3b6a21069f40fbb9a1ee7294cca7a040ced87b6c?s=96&d=monsterid&r=g","height":96,"width":96}},"publisher":{"@type":"Person","name":"Dirk Bachhausen","image":{"@type":"ImageObject","@id":"https:\/\/www.bachhausen.de\/wp-content\/uploads\/2019\/07\/dirk_profil-300x300.jpg","url":"https:\/\/www.bachhausen.de\/wp-content\/uploads\/2019\/07\/dirk_profil-300x300.jpg","width":600,"height":60}},"image":{"@type":"ImageObject","@id":"https:\/\/correctiv.org\/wp-content\/themes\/correctiv-theme\/img\/rating\/false.svg","url":"https:\/\/correctiv.org\/wp-content\/themes\/correctiv-theme\/img\/rating\/false.svg","height":"","width":""},"wordCount":1656,"keywords":["attentat","durch","eines","nicht","scherbe","trump","wurde"]},{"@type":"NewsArticle","@id":"https:\/\/www.bachhausen.de\/nutzungssperre-widersetzt-stadt-koeln-reagiert-auf-oeffnung-der-strandbar-monkeys-island-am-escher-see\/","headline":"Nutzungssperre widersetzt: Stadt K\u00f6ln reagiert auf \u00d6ffnung der Strandbar \u201eMonkey\u2019s Island\u201c am Escher See","url":"https:\/\/www.bachhausen.de\/nutzungssperre-widersetzt-stadt-koeln-reagiert-auf-oeffnung-der-strandbar-monkeys-island-am-escher-see\/","datePublished":"2024-07-23","dateModified":"2024-07-23","mainEntityOfPage":"https:\/\/www.bachhausen.de\/nutzungssperre-widersetzt-stadt-koeln-reagiert-auf-oeffnung-der-strandbar-monkeys-island-am-escher-see\/","author":{"@type":"Person","@id":"##Person","name":"K\u00f6lner Stadtanzeiger","url":"#","identifier":3,"description":"Der K\u00f6lner Stadtanzeiger","image":{"@type":"ImageObject","@id":"https:\/\/secure.gravatar.com\/avatar\/a3f43e8250594c4ed8be9e86201eefa6cc06ef89c032788db696432ac7e77173?s=96&d=monsterid&r=g","url":"https:\/\/secure.gravatar.com\/avatar\/a3f43e8250594c4ed8be9e86201eefa6cc06ef89c032788db696432ac7e77173?s=96&d=monsterid&r=g","height":96,"width":96}},"publisher":{"@type":"Person","name":"Dirk Bachhausen","image":{"@type":"ImageObject","@id":"https:\/\/www.bachhausen.de\/wp-content\/uploads\/2019\/07\/dirk_profil-300x300.jpg","url":"https:\/\/www.bachhausen.de\/wp-content\/uploads\/2019\/07\/dirk_profil-300x300.jpg","width":600,"height":60}},"image":{"@type":"ImageObject","@id":"https:\/\/www.bachhausen.de\/wp-content\/uploads\/2023\/09\/Zeitungsleser.webp","url":"https:\/\/www.bachhausen.de\/wp-content\/uploads\/2023\/09\/Zeitungsleser.webp","height":534,"width":800},"wordCount":719,"keywords":["monkey","nutzungssperre","offnung","reagiert","stadt","strandbar","widersetzt"]},{"@type":"NewsArticle","@id":"https:\/\/www.bachhausen.de\/so-viel-kostet-das-bewohnerparken-in-koeln-ab-oktober-2024\/","headline":"So viel kostet das Bewohnerparken in K\u00f6ln ab Oktober 2024","url":"https:\/\/www.bachhausen.de\/so-viel-kostet-das-bewohnerparken-in-koeln-ab-oktober-2024\/","datePublished":"2024-07-23","dateModified":"2024-07-23","mainEntityOfPage":"https:\/\/www.bachhausen.de\/so-viel-kostet-das-bewohnerparken-in-koeln-ab-oktober-2024\/","author":{"@type":"Person","@id":"##Person","name":"Report K","url":"#","identifier":20,"image":{"@type":"ImageObject","@id":"https:\/\/secure.gravatar.com\/avatar\/36af2c4c1f6de1245282e2f6d3e4483d8c1fb911663df347a69e69f7ff897aac?s=96&d=monsterid&r=g","url":"https:\/\/secure.gravatar.com\/avatar\/36af2c4c1f6de1245282e2f6d3e4483d8c1fb911663df347a69e69f7ff897aac?s=96&d=monsterid&r=g","height":96,"width":96}},"publisher":{"@type":"Person","name":"Dirk Bachhausen","image":{"@type":"ImageObject","@id":"https:\/\/www.bachhausen.de\/wp-content\/uploads\/2019\/07\/dirk_profil-300x300.jpg","url":"https:\/\/www.bachhausen.de\/wp-content\/uploads\/2019\/07\/dirk_profil-300x300.jpg","width":600,"height":60}},"image":{"@type":"ImageObject","@id":"https:\/\/www.bachhausen.de\/wp-content\/uploads\/2024\/07\/parken_pix_23072024.jpg","url":"https:\/\/www.bachhausen.de\/wp-content\/uploads\/2024\/07\/parken_pix_23072024.jpg","height":768,"width":1024},"wordCount":267,"keywords":["bewohnerparken","kostet","oktober"]},{"@type":"NewsArticle","@id":"https:\/\/www.bachhausen.de\/stadt-kauft-gebaeude-rossio-in-der-messecity-sued-in-deutz\/","headline":"Stadt kauft Geb\u00e4ude \u201eRossio\u201c in der Messecity S\u00fcd in Deutz","url":"https:\/\/www.bachhausen.de\/stadt-kauft-gebaeude-rossio-in-der-messecity-sued-in-deutz\/","datePublished":"2024-07-23","dateModified":"2024-07-23","mainEntityOfPage":"https:\/\/www.bachhausen.de\/stadt-kauft-gebaeude-rossio-in-der-messecity-sued-in-deutz\/","author":{"@type":"Person","@id":"##Person","name":"Report K","url":"#","identifier":20,"image":{"@type":"ImageObject","@id":"https:\/\/secure.gravatar.com\/avatar\/36af2c4c1f6de1245282e2f6d3e4483d8c1fb911663df347a69e69f7ff897aac?s=96&d=monsterid&r=g","url":"https:\/\/secure.gravatar.com\/avatar\/36af2c4c1f6de1245282e2f6d3e4483d8c1fb911663df347a69e69f7ff897aac?s=96&d=monsterid&r=g","height":96,"width":96}},"publisher":{"@type":"Person","name":"Dirk Bachhausen","image":{"@type":"ImageObject","@id":"https:\/\/www.bachhausen.de\/wp-content\/uploads\/2019\/07\/dirk_profil-300x300.jpg","url":"https:\/\/www.bachhausen.de\/wp-content\/uploads\/2019\/07\/dirk_profil-300x300.jpg","width":600,"height":60}},"image":{"@type":"ImageObject","@id":"https:\/\/www.bachhausen.de\/wp-content\/uploads\/2024\/07\/ROSSIO_Strassenansicht_HHVision.jpg","url":"https:\/\/www.bachhausen.de\/wp-content\/uploads\/2024\/07\/ROSSIO_Strassenansicht_HHVision.jpg","height":0,"width":0},"wordCount":1017,"keywords":["deutz","gebaude","kauft","messecity","rossio","stadt"]},{"@type":"NewsArticle","@id":"https:\/\/www.bachhausen.de\/dieses-foto-von-trump-in-einem-golfwagen-entstand-jahre-vor-dem-attentat\/","headline":"Dieses Foto von Trump in einem Golfwagen entstand Jahre vor dem Attentat","url":"https:\/\/www.bachhausen.de\/dieses-foto-von-trump-in-einem-golfwagen-entstand-jahre-vor-dem-attentat\/","datePublished":"2024-07-22","dateModified":"2024-07-22","mainEntityOfPage":"https:\/\/www.bachhausen.de\/dieses-foto-von-trump-in-einem-golfwagen-entstand-jahre-vor-dem-attentat\/","author":{"@type":"Person","@id":"##Person","name":"Correctiv.org","url":"#","identifier":15,"description":"<div class=\"elementor-element elementor-element-3e1bf03c elementor-widget elementor-widget-heading\" data-id=\"3e1bf03c\">\r\n<div class=\"elementor-widget-container\">\r\n<h1 class=\"elementor-heading-title elementor-size-default\">Recherchen f\u00fcr die Gesellschaft und mit der Gesellschaft<\/h1>\r\n<\/div>\r\n<\/div>\r\n<section class=\"elementor-element elementor-element-5be37e09 elementor-section-content-middle elementor-section-boxed elementor-section-height-default elementor-section-height-default elementor-section elementor-inner-section\" data-id=\"5be37e09\">\r\n<div class=\"elementor-container elementor-column-gap-no\">\r\n<div class=\"elementor-row\">\r\n<div class=\"elementor-element elementor-element-63cc7109 elementor-column elementor-col-50 elementor-inner-column\" data-id=\"63cc7109\">\r\n<div class=\"elementor-column-wrap elementor-element-populated\">\r\n<div class=\"elementor-widget-wrap\">\r\n<div class=\"elementor-element elementor-element-7d9688e9 elementor-widget elementor-widget-text-editor\" data-id=\"7d9688e9\">\r\n<div class=\"elementor-widget-container\">\r\n<div class=\"elementor-text-editor elementor-clearfix\">\r\n\r\n<strong>Investigativ. Unabh\u00e4ngig. Gemeinn\u00fctzig.<\/strong>\r\nCORRECTIV\u00a0ist das erste gemeinn\u00fctzige Recherchezentrum im deutschsprachigen Raum. Wir recherchieren langfristig zu Missst\u00e4nden in der Gesellschaft, f\u00f6rdern Medienkompetenz und f\u00fchren Bildungsprogramme durch.\r\n\r\n<a href=\"https:\/\/correctiv.org\/\">https:\/\/correctiv.org\/<\/a>\r\n\r\n<\/div>\r\n<\/div>\r\n<\/div>\r\n<\/div>\r\n<\/div>\r\n<\/div>\r\n<\/div>\r\n<\/div>\r\n<\/section>","image":{"@type":"ImageObject","@id":"https:\/\/secure.gravatar.com\/avatar\/51a6c0962ec4a7a9fff8508f3b6a21069f40fbb9a1ee7294cca7a040ced87b6c?s=96&d=monsterid&r=g","url":"https:\/\/secure.gravatar.com\/avatar\/51a6c0962ec4a7a9fff8508f3b6a21069f40fbb9a1ee7294cca7a040ced87b6c?s=96&d=monsterid&r=g","height":96,"width":96}},"publisher":{"@type":"Person","name":"Dirk Bachhausen","image":{"@type":"ImageObject","@id":"https:\/\/www.bachhausen.de\/wp-content\/uploads\/2019\/07\/dirk_profil-300x300.jpg","url":"https:\/\/www.bachhausen.de\/wp-content\/uploads\/2019\/07\/dirk_profil-300x300.jpg","width":600,"height":60}},"image":{"@type":"ImageObject","@id":"https:\/\/correctiv.org\/wp-content\/themes\/correctiv-theme\/img\/rating\/false_context.svg","url":"https:\/\/correctiv.org\/wp-content\/themes\/correctiv-theme\/img\/rating\/false_context.svg","height":"","width":""},"wordCount":987,"keywords":["attentat","dieses","einem","entstand","golfwagen","jahre","trump"]},{"@type":"NewsArticle","@id":"https:\/\/www.bachhausen.de\/nein-dieses-foto-zeigt-keine-aktuelle-aufnahme-von-donald-trumps-ohr\/","headline":"Nein, dieses Foto zeigt keine aktuelle Aufnahme von Donald Trumps Ohr","url":"https:\/\/www.bachhausen.de\/nein-dieses-foto-zeigt-keine-aktuelle-aufnahme-von-donald-trumps-ohr\/","datePublished":"2024-07-22","dateModified":"2024-07-22","mainEntityOfPage":"https:\/\/www.bachhausen.de\/nein-dieses-foto-zeigt-keine-aktuelle-aufnahme-von-donald-trumps-ohr\/","author":{"@type":"Person","@id":"##Person","name":"Correctiv.org","url":"#","identifier":15,"description":"<div class=\"elementor-element elementor-element-3e1bf03c elementor-widget elementor-widget-heading\" data-id=\"3e1bf03c\">\r\n<div class=\"elementor-widget-container\">\r\n<h1 class=\"elementor-heading-title elementor-size-default\">Recherchen f\u00fcr die Gesellschaft und mit der Gesellschaft<\/h1>\r\n<\/div>\r\n<\/div>\r\n<section class=\"elementor-element elementor-element-5be37e09 elementor-section-content-middle elementor-section-boxed elementor-section-height-default elementor-section-height-default elementor-section elementor-inner-section\" data-id=\"5be37e09\">\r\n<div class=\"elementor-container elementor-column-gap-no\">\r\n<div class=\"elementor-row\">\r\n<div class=\"elementor-element elementor-element-63cc7109 elementor-column elementor-col-50 elementor-inner-column\" data-id=\"63cc7109\">\r\n<div class=\"elementor-column-wrap elementor-element-populated\">\r\n<div class=\"elementor-widget-wrap\">\r\n<div class=\"elementor-element elementor-element-7d9688e9 elementor-widget elementor-widget-text-editor\" data-id=\"7d9688e9\">\r\n<div class=\"elementor-widget-container\">\r\n<div class=\"elementor-text-editor elementor-clearfix\">\r\n\r\n<strong>Investigativ. Unabh\u00e4ngig. Gemeinn\u00fctzig.<\/strong>\r\nCORRECTIV\u00a0ist das erste gemeinn\u00fctzige Recherchezentrum im deutschsprachigen Raum. Wir recherchieren langfristig zu Missst\u00e4nden in der Gesellschaft, f\u00f6rdern Medienkompetenz und f\u00fchren Bildungsprogramme durch.\r\n\r\n<a href=\"https:\/\/correctiv.org\/\">https:\/\/correctiv.org\/<\/a>\r\n\r\n<\/div>\r\n<\/div>\r\n<\/div>\r\n<\/div>\r\n<\/div>\r\n<\/div>\r\n<\/div>\r\n<\/div>\r\n<\/section>","image":{"@type":"ImageObject","@id":"https:\/\/secure.gravatar.com\/avatar\/51a6c0962ec4a7a9fff8508f3b6a21069f40fbb9a1ee7294cca7a040ced87b6c?s=96&d=monsterid&r=g","url":"https:\/\/secure.gravatar.com\/avatar\/51a6c0962ec4a7a9fff8508f3b6a21069f40fbb9a1ee7294cca7a040ced87b6c?s=96&d=monsterid&r=g","height":96,"width":96}},"publisher":{"@type":"Person","name":"Dirk Bachhausen","image":{"@type":"ImageObject","@id":"https:\/\/www.bachhausen.de\/wp-content\/uploads\/2019\/07\/dirk_profil-300x300.jpg","url":"https:\/\/www.bachhausen.de\/wp-content\/uploads\/2019\/07\/dirk_profil-300x300.jpg","width":600,"height":60}},"image":{"@type":"ImageObject","@id":"https:\/\/correctiv.org\/wp-content\/themes\/correctiv-theme\/img\/rating\/false_context.svg","url":"https:\/\/correctiv.org\/wp-content\/themes\/correctiv-theme\/img\/rating\/false_context.svg","height":"","width":""},"wordCount":858,"keywords":["aktuelle","aufnahme","dieses","donald","keine","trumps","zeigt"]},{"@type":"NewsArticle","@id":"https:\/\/www.bachhausen.de\/wie-nrw-seine-forschungsprojekte-absichert-mit-technik-von-huawei\/","headline":"Wie NRW seine Forschungsprojekte absichert \u2013 mit Technik von Huawei","url":"https:\/\/www.bachhausen.de\/wie-nrw-seine-forschungsprojekte-absichert-mit-technik-von-huawei\/","datePublished":"2024-07-22","dateModified":"2024-07-22","mainEntityOfPage":"https:\/\/www.bachhausen.de\/wie-nrw-seine-forschungsprojekte-absichert-mit-technik-von-huawei\/","author":{"@type":"Person","@id":"##Person","name":"Correctiv.org","url":"#","identifier":15,"description":"<div class=\"elementor-element elementor-element-3e1bf03c elementor-widget elementor-widget-heading\" data-id=\"3e1bf03c\">\r\n<div class=\"elementor-widget-container\">\r\n<h1 class=\"elementor-heading-title elementor-size-default\">Recherchen f\u00fcr die Gesellschaft und mit der Gesellschaft<\/h1>\r\n<\/div>\r\n<\/div>\r\n<section class=\"elementor-element elementor-element-5be37e09 elementor-section-content-middle elementor-section-boxed elementor-section-height-default elementor-section-height-default elementor-section elementor-inner-section\" data-id=\"5be37e09\">\r\n<div class=\"elementor-container elementor-column-gap-no\">\r\n<div class=\"elementor-row\">\r\n<div class=\"elementor-element elementor-element-63cc7109 elementor-column elementor-col-50 elementor-inner-column\" data-id=\"63cc7109\">\r\n<div class=\"elementor-column-wrap elementor-element-populated\">\r\n<div class=\"elementor-widget-wrap\">\r\n<div class=\"elementor-element elementor-element-7d9688e9 elementor-widget elementor-widget-text-editor\" data-id=\"7d9688e9\">\r\n<div class=\"elementor-widget-container\">\r\n<div class=\"elementor-text-editor elementor-clearfix\">\r\n\r\n<strong>Investigativ. Unabh\u00e4ngig. Gemeinn\u00fctzig.<\/strong>\r\nCORRECTIV\u00a0ist das erste gemeinn\u00fctzige Recherchezentrum im deutschsprachigen Raum. Wir recherchieren langfristig zu Missst\u00e4nden in der Gesellschaft, f\u00f6rdern Medienkompetenz und f\u00fchren Bildungsprogramme durch.\r\n\r\n<a href=\"https:\/\/correctiv.org\/\">https:\/\/correctiv.org\/<\/a>\r\n\r\n<\/div>\r\n<\/div>\r\n<\/div>\r\n<\/div>\r\n<\/div>\r\n<\/div>\r\n<\/div>\r\n<\/div>\r\n<\/section>","image":{"@type":"ImageObject","@id":"https:\/\/secure.gravatar.com\/avatar\/51a6c0962ec4a7a9fff8508f3b6a21069f40fbb9a1ee7294cca7a040ced87b6c?s=96&d=monsterid&r=g","url":"https:\/\/secure.gravatar.com\/avatar\/51a6c0962ec4a7a9fff8508f3b6a21069f40fbb9a1ee7294cca7a040ced87b6c?s=96&d=monsterid&r=g","height":96,"width":96}},"publisher":{"@type":"Person","name":"Dirk Bachhausen","image":{"@type":"ImageObject","@id":"https:\/\/www.bachhausen.de\/wp-content\/uploads\/2019\/07\/dirk_profil-300x300.jpg","url":"https:\/\/www.bachhausen.de\/wp-content\/uploads\/2019\/07\/dirk_profil-300x300.jpg","width":600,"height":60}},"image":{"@type":"ImageObject","@id":"https:\/\/www.bachhausen.de\/wp-content\/uploads\/2023\/09\/Zeitungsleser.webp","url":"https:\/\/www.bachhausen.de\/wp-content\/uploads\/2023\/09\/Zeitungsleser.webp","height":534,"width":800},"wordCount":895,"keywords":["absichert","forschungsprojekte","huawei","seine","technik"]},{"@type":"NewsArticle","@id":"https:\/\/www.bachhausen.de\/zum-zehnten-mal-fc-fans-vor-start-in-die-neue-saison-zum-domgottesdienst-geladen\/","headline":"Zum zehnten Mal: FC-Fans vor Start in die neue Saison zum Domgottesdienst geladen","url":"https:\/\/www.bachhausen.de\/zum-zehnten-mal-fc-fans-vor-start-in-die-neue-saison-zum-domgottesdienst-geladen\/","datePublished":"2024-07-22","dateModified":"2024-07-22","mainEntityOfPage":"https:\/\/www.bachhausen.de\/zum-zehnten-mal-fc-fans-vor-start-in-die-neue-saison-zum-domgottesdienst-geladen\/","author":{"@type":"Person","@id":"##Person","name":"Report K","url":"#","identifier":20,"image":{"@type":"ImageObject","@id":"https:\/\/secure.gravatar.com\/avatar\/36af2c4c1f6de1245282e2f6d3e4483d8c1fb911663df347a69e69f7ff897aac?s=96&d=monsterid&r=g","url":"https:\/\/secure.gravatar.com\/avatar\/36af2c4c1f6de1245282e2f6d3e4483d8c1fb911663df347a69e69f7ff897aac?s=96&d=monsterid&r=g","height":96,"width":96}},"publisher":{"@type":"Person","name":"Dirk Bachhausen","image":{"@type":"ImageObject","@id":"https:\/\/www.bachhausen.de\/wp-content\/uploads\/2019\/07\/dirk_profil-300x300.jpg","url":"https:\/\/www.bachhausen.de\/wp-content\/uploads\/2019\/07\/dirk_profil-300x300.jpg","width":600,"height":60}},"image":{"@type":"ImageObject","@id":"https:\/\/www.bachhausen.de\/wp-content\/uploads\/2024\/02\/IMG_6052_dom_24042024.jpg","url":"https:\/\/www.bachhausen.de\/wp-content\/uploads\/2024\/02\/IMG_6052_dom_24042024.jpg","height":0,"width":0},"wordCount":373,"keywords":["domgottesdienst","geladen","saison","start","zehnten"]},{"@type":"NewsArticle","@id":"https:\/\/www.bachhausen.de\/koelner-bundestagsabgeordnete-droege-plaediert-fuer-habeck-als-kanzlerkandidat\/","headline":"K\u00f6lner Bundestagsabgeordnete Dr\u00f6ge pl\u00e4diert f\u00fcr Habeck als Kanzlerkandidat","url":"https:\/\/www.bachhausen.de\/koelner-bundestagsabgeordnete-droege-plaediert-fuer-habeck-als-kanzlerkandidat\/","datePublished":"2024-07-22","dateModified":"2024-07-22","mainEntityOfPage":"https:\/\/www.bachhausen.de\/koelner-bundestagsabgeordnete-droege-plaediert-fuer-habeck-als-kanzlerkandidat\/","author":{"@type":"Person","@id":"##Person","name":"Report K","url":"#","identifier":20,"image":{"@type":"ImageObject","@id":"https:\/\/secure.gravatar.com\/avatar\/36af2c4c1f6de1245282e2f6d3e4483d8c1fb911663df347a69e69f7ff897aac?s=96&d=monsterid&r=g","url":"https:\/\/secure.gravatar.com\/avatar\/36af2c4c1f6de1245282e2f6d3e4483d8c1fb911663df347a69e69f7ff897aac?s=96&d=monsterid&r=g","height":96,"width":96}},"publisher":{"@type":"Person","name":"Dirk Bachhausen","image":{"@type":"ImageObject","@id":"https:\/\/www.bachhausen.de\/wp-content\/uploads\/2019\/07\/dirk_profil-300x300.jpg","url":"https:\/\/www.bachhausen.de\/wp-content\/uploads\/2019\/07\/dirk_profil-300x300.jpg","width":600,"height":60}},"image":{"@type":"ImageObject","@id":"https:\/\/www.bachhausen.de\/wp-content\/uploads\/2024\/07\/dts_photo35209.jpg","url":"https:\/\/www.bachhausen.de\/wp-content\/uploads\/2024\/07\/dts_photo35209.jpg","height":0,"width":0},"wordCount":324,"keywords":["bundestagsabgeordnete","droge","habeck","kanzlerkandidat","kolner","pladiert"]},{"@type":"NewsArticle","@id":"https:\/\/www.bachhausen.de\/rechtsradikale-und-homophobe-aeusserungen-am-rande-der-csd-parade\/","headline":"Rechtsradikale und homophobe \u00c4u\u00dferungen am Rande der CSD-Parade","url":"https:\/\/www.bachhausen.de\/rechtsradikale-und-homophobe-aeusserungen-am-rande-der-csd-parade\/","datePublished":"2024-07-21","dateModified":"2024-07-21","mainEntityOfPage":"https:\/\/www.bachhausen.de\/rechtsradikale-und-homophobe-aeusserungen-am-rande-der-csd-parade\/","author":{"@type":"Person","@id":"##Person","name":"Report K","url":"#","identifier":20,"image":{"@type":"ImageObject","@id":"https:\/\/secure.gravatar.com\/avatar\/36af2c4c1f6de1245282e2f6d3e4483d8c1fb911663df347a69e69f7ff897aac?s=96&d=monsterid&r=g","url":"https:\/\/secure.gravatar.com\/avatar\/36af2c4c1f6de1245282e2f6d3e4483d8c1fb911663df347a69e69f7ff897aac?s=96&d=monsterid&r=g","height":96,"width":96}},"publisher":{"@type":"Person","name":"Dirk Bachhausen","image":{"@type":"ImageObject","@id":"https:\/\/www.bachhausen.de\/wp-content\/uploads\/2019\/07\/dirk_profil-300x300.jpg","url":"https:\/\/www.bachhausen.de\/wp-content\/uploads\/2019\/07\/dirk_profil-300x300.jpg","width":600,"height":60}},"image":{"@type":"ImageObject","@id":"https:\/\/www.bachhausen.de\/wp-content\/uploads\/2024\/05\/dts_photo33675.jpg","url":"https:\/\/www.bachhausen.de\/wp-content\/uploads\/2024\/05\/dts_photo33675.jpg","height":0,"width":0},"wordCount":307,"keywords":["erungen","homophobe","parade","rande","rechtsradikale"]}]},{"@context":"https:\/\/schema.org","@type":"WebSite","@id":"https:\/\/www.bachhausen.de\/#website","name":"Dirk Bachhausen","url":"https:\/\/www.bachhausen.de","potentialAction":{"@type":"SearchAction","target":"https:\/\/www.bachhausen.de\/?s={search_term_string}","query-input":"required name=search_term_string"}}]