[{"@context":"https:\/\/schema.org\/","@type":"Blog","@id":"https:\/\/www.bachhausen.de#Blog","headline":"Dirk Bachhausen","description":"Sagen, was ist. \u2013 Tun, was man sagt. \u2013 Und sein, was man tut.","url":"https:\/\/www.bachhausen.de","hasPart":[{"@type":"NewsArticle","@id":"https:\/\/www.bachhausen.de\/toilettenpause-als-vorwand-maenner-rauben-taxifahrer-auf-koelner-rastplatz-aus\/","headline":"Toilettenpause als Vorwand: M\u00e4nner rauben Taxifahrer auf K\u00f6lner Rastplatz aus","url":"https:\/\/www.bachhausen.de\/toilettenpause-als-vorwand-maenner-rauben-taxifahrer-auf-koelner-rastplatz-aus\/","datePublished":"2024-07-15","dateModified":"2024-07-15","mainEntityOfPage":"https:\/\/www.bachhausen.de\/toilettenpause-als-vorwand-maenner-rauben-taxifahrer-auf-koelner-rastplatz-aus\/","author":{"@type":"Person","@id":"##Person","name":"K\u00f6lner Stadtanzeiger","url":"#","identifier":3,"description":"Der K\u00f6lner Stadtanzeiger","image":{"@type":"ImageObject","@id":"https:\/\/secure.gravatar.com\/avatar\/a3f43e8250594c4ed8be9e86201eefa6cc06ef89c032788db696432ac7e77173?s=96&d=monsterid&r=g","url":"https:\/\/secure.gravatar.com\/avatar\/a3f43e8250594c4ed8be9e86201eefa6cc06ef89c032788db696432ac7e77173?s=96&d=monsterid&r=g","height":96,"width":96}},"publisher":{"@type":"Person","name":"Dirk Bachhausen","image":{"@type":"ImageObject","@id":"https:\/\/www.bachhausen.de\/wp-content\/uploads\/2019\/07\/dirk_profil-300x300.jpg","url":"https:\/\/www.bachhausen.de\/wp-content\/uploads\/2019\/07\/dirk_profil-300x300.jpg","width":600,"height":60}},"image":{"@type":"ImageObject","@id":"https:\/\/www.bachhausen.de\/wp-content\/uploads\/2023\/09\/Zeitungsleser.webp","url":"https:\/\/www.bachhausen.de\/wp-content\/uploads\/2023\/09\/Zeitungsleser.webp","height":534,"width":800},"wordCount":47,"keywords":["kolner","manner","rastplatz","rauben","taxifahrer","toilettenpause","vorwand"]},{"@type":"NewsArticle","@id":"https:\/\/www.bachhausen.de\/alte-falschbehauptung-um-us-comedian-aufgewaermt-semen-hydenko-ist-nicht-der-trump-attentaeter\/","headline":"Alte Falschbehauptung um US-Comedian aufgew\u00e4rmt: \u201eSemen Hydenko\u201c ist nicht der Trump-Attent\u00e4ter","url":"https:\/\/www.bachhausen.de\/alte-falschbehauptung-um-us-comedian-aufgewaermt-semen-hydenko-ist-nicht-der-trump-attentaeter\/","datePublished":"2024-07-15","dateModified":"2024-07-15","mainEntityOfPage":"https:\/\/www.bachhausen.de\/alte-falschbehauptung-um-us-comedian-aufgewaermt-semen-hydenko-ist-nicht-der-trump-attentaeter\/","author":{"@type":"Person","@id":"##Person","name":"Correctiv.org","url":"#","identifier":15,"description":"<div class=\"elementor-element elementor-element-3e1bf03c elementor-widget elementor-widget-heading\" data-id=\"3e1bf03c\">\r\n<div class=\"elementor-widget-container\">\r\n<h1 class=\"elementor-heading-title elementor-size-default\">Recherchen f\u00fcr die Gesellschaft und mit der Gesellschaft<\/h1>\r\n<\/div>\r\n<\/div>\r\n<section class=\"elementor-element elementor-element-5be37e09 elementor-section-content-middle elementor-section-boxed elementor-section-height-default elementor-section-height-default elementor-section elementor-inner-section\" data-id=\"5be37e09\">\r\n<div class=\"elementor-container elementor-column-gap-no\">\r\n<div class=\"elementor-row\">\r\n<div class=\"elementor-element elementor-element-63cc7109 elementor-column elementor-col-50 elementor-inner-column\" data-id=\"63cc7109\">\r\n<div class=\"elementor-column-wrap elementor-element-populated\">\r\n<div class=\"elementor-widget-wrap\">\r\n<div class=\"elementor-element elementor-element-7d9688e9 elementor-widget elementor-widget-text-editor\" data-id=\"7d9688e9\">\r\n<div class=\"elementor-widget-container\">\r\n<div class=\"elementor-text-editor elementor-clearfix\">\r\n\r\n<strong>Investigativ. Unabh\u00e4ngig. Gemeinn\u00fctzig.<\/strong>\r\nCORRECTIV\u00a0ist das erste gemeinn\u00fctzige Recherchezentrum im deutschsprachigen Raum. Wir recherchieren langfristig zu Missst\u00e4nden in der Gesellschaft, f\u00f6rdern Medienkompetenz und f\u00fchren Bildungsprogramme durch.\r\n\r\n<a href=\"https:\/\/correctiv.org\/\">https:\/\/correctiv.org\/<\/a>\r\n\r\n<\/div>\r\n<\/div>\r\n<\/div>\r\n<\/div>\r\n<\/div>\r\n<\/div>\r\n<\/div>\r\n<\/div>\r\n<\/section>","image":{"@type":"ImageObject","@id":"https:\/\/secure.gravatar.com\/avatar\/51a6c0962ec4a7a9fff8508f3b6a21069f40fbb9a1ee7294cca7a040ced87b6c?s=96&d=monsterid&r=g","url":"https:\/\/secure.gravatar.com\/avatar\/51a6c0962ec4a7a9fff8508f3b6a21069f40fbb9a1ee7294cca7a040ced87b6c?s=96&d=monsterid&r=g","height":96,"width":96}},"publisher":{"@type":"Person","name":"Dirk Bachhausen","image":{"@type":"ImageObject","@id":"https:\/\/www.bachhausen.de\/wp-content\/uploads\/2019\/07\/dirk_profil-300x300.jpg","url":"https:\/\/www.bachhausen.de\/wp-content\/uploads\/2019\/07\/dirk_profil-300x300.jpg","width":600,"height":60}},"image":{"@type":"ImageObject","@id":"https:\/\/correctiv.org\/wp-content\/themes\/correctiv-theme\/img\/rating\/invented.svg","url":"https:\/\/correctiv.org\/wp-content\/themes\/correctiv-theme\/img\/rating\/invented.svg","height":"","width":""},"wordCount":1216,"keywords":["aufgewarmt","comedian","falschbehauptung","hydenko","nicht","semen","trump"]},{"@type":"NewsArticle","@id":"https:\/\/www.bachhausen.de\/stadtverwaltung-koeln-nennt-euro-2024-einen-erfolg-und-kann-kosten-nicht-nennen\/","headline":"Stadtverwaltung K\u00f6ln nennt Euro 2024 einen Erfolg und kann Kosten nicht nennen","url":"https:\/\/www.bachhausen.de\/stadtverwaltung-koeln-nennt-euro-2024-einen-erfolg-und-kann-kosten-nicht-nennen\/","datePublished":"2024-07-15","dateModified":"2024-07-15","mainEntityOfPage":"https:\/\/www.bachhausen.de\/stadtverwaltung-koeln-nennt-euro-2024-einen-erfolg-und-kann-kosten-nicht-nennen\/","author":{"@type":"Person","@id":"##Person","name":"Report K","url":"#","identifier":20,"image":{"@type":"ImageObject","@id":"https:\/\/secure.gravatar.com\/avatar\/36af2c4c1f6de1245282e2f6d3e4483d8c1fb911663df347a69e69f7ff897aac?s=96&d=monsterid&r=g","url":"https:\/\/secure.gravatar.com\/avatar\/36af2c4c1f6de1245282e2f6d3e4483d8c1fb911663df347a69e69f7ff897aac?s=96&d=monsterid&r=g","height":96,"width":96}},"publisher":{"@type":"Person","name":"Dirk Bachhausen","image":{"@type":"ImageObject","@id":"https:\/\/www.bachhausen.de\/wp-content\/uploads\/2019\/07\/dirk_profil-300x300.jpg","url":"https:\/\/www.bachhausen.de\/wp-content\/uploads\/2019\/07\/dirk_profil-300x300.jpg","width":600,"height":60}},"image":{"@type":"ImageObject","@id":"https:\/\/www.bachhausen.de\/wp-content\/uploads\/2024\/07\/DSC_4907-1068x712.jpg","url":"https:\/\/www.bachhausen.de\/wp-content\/uploads\/2024\/07\/DSC_4907-1068x712.jpg","height":712,"width":1068},"wordCount":521,"keywords":["einen","erfolg","kosten","nennen","nennt","nicht","stadtverwaltung"]},{"@type":"NewsArticle","@id":"https:\/\/www.bachhausen.de\/frischmarkt-seit-mai-geschlossen-fahrender-lebensmittel-haendler-soll-luecke-in-lindweiler-fuellen\/","headline":"Frischmarkt seit Mai geschlossen: Fahrender Lebensmittel-H\u00e4ndler soll L\u00fccke in Lindweiler f\u00fcllen","url":"https:\/\/www.bachhausen.de\/frischmarkt-seit-mai-geschlossen-fahrender-lebensmittel-haendler-soll-luecke-in-lindweiler-fuellen\/","datePublished":"2024-07-15","dateModified":"2024-07-15","mainEntityOfPage":"https:\/\/www.bachhausen.de\/frischmarkt-seit-mai-geschlossen-fahrender-lebensmittel-haendler-soll-luecke-in-lindweiler-fuellen\/","author":{"@type":"Person","@id":"##Person","name":"K\u00f6lner Stadtanzeiger","url":"#","identifier":3,"description":"Der K\u00f6lner Stadtanzeiger","image":{"@type":"ImageObject","@id":"https:\/\/secure.gravatar.com\/avatar\/a3f43e8250594c4ed8be9e86201eefa6cc06ef89c032788db696432ac7e77173?s=96&d=monsterid&r=g","url":"https:\/\/secure.gravatar.com\/avatar\/a3f43e8250594c4ed8be9e86201eefa6cc06ef89c032788db696432ac7e77173?s=96&d=monsterid&r=g","height":96,"width":96}},"publisher":{"@type":"Person","name":"Dirk Bachhausen","image":{"@type":"ImageObject","@id":"https:\/\/www.bachhausen.de\/wp-content\/uploads\/2019\/07\/dirk_profil-300x300.jpg","url":"https:\/\/www.bachhausen.de\/wp-content\/uploads\/2019\/07\/dirk_profil-300x300.jpg","width":600,"height":60}},"image":{"@type":"ImageObject","@id":"https:\/\/www.bachhausen.de\/wp-content\/uploads\/2023\/09\/Zeitungsleser.webp","url":"https:\/\/www.bachhausen.de\/wp-content\/uploads\/2023\/09\/Zeitungsleser.webp","height":534,"width":800},"wordCount":636,"keywords":["fahrender","frischmarkt","geschlossen","handler","lebensmittel","lindweiler","lucke"]},{"@type":"NewsArticle","@id":"https:\/\/www.bachhausen.de\/171-kilometer-rund-um-koeln-die-vierte-etappe-des-koelnpfad-hat-den-rhein-als-staendigen-begleiter\/","headline":"171 Kilometer rund um K\u00f6ln: Die vierte Etappe des \u201eK\u00f6lnpfad\u201c hat den Rhein als st\u00e4ndigen Begleiter","url":"https:\/\/www.bachhausen.de\/171-kilometer-rund-um-koeln-die-vierte-etappe-des-koelnpfad-hat-den-rhein-als-staendigen-begleiter\/","datePublished":"2024-07-13","dateModified":"2024-07-13","mainEntityOfPage":"https:\/\/www.bachhausen.de\/171-kilometer-rund-um-koeln-die-vierte-etappe-des-koelnpfad-hat-den-rhein-als-staendigen-begleiter\/","author":{"@type":"Person","@id":"##Person","name":"K\u00f6lner Stadtanzeiger","url":"#","identifier":3,"description":"Der K\u00f6lner Stadtanzeiger","image":{"@type":"ImageObject","@id":"https:\/\/secure.gravatar.com\/avatar\/a3f43e8250594c4ed8be9e86201eefa6cc06ef89c032788db696432ac7e77173?s=96&d=monsterid&r=g","url":"https:\/\/secure.gravatar.com\/avatar\/a3f43e8250594c4ed8be9e86201eefa6cc06ef89c032788db696432ac7e77173?s=96&d=monsterid&r=g","height":96,"width":96}},"publisher":{"@type":"Person","name":"Dirk Bachhausen","image":{"@type":"ImageObject","@id":"https:\/\/www.bachhausen.de\/wp-content\/uploads\/2019\/07\/dirk_profil-300x300.jpg","url":"https:\/\/www.bachhausen.de\/wp-content\/uploads\/2019\/07\/dirk_profil-300x300.jpg","width":600,"height":60}},"image":{"@type":"ImageObject","@id":"https:\/\/static.ksta.de\/__images\/2024\/07\/09\/dfa7e153-ec6c-4eef-bf07-9e1e3e034ccb.jpeg?q=75&q=70&w=2000&h=3888&fm=jpeg&s=1d418e667930853548aad82996142d70","url":"https:\/\/static.ksta.de\/__images\/2024\/07\/09\/dfa7e153-ec6c-4eef-bf07-9e1e3e034ccb.jpeg?q=75&q=70&w=2000&h=3888&fm=jpeg&s=1d418e667930853548aad82996142d70","height":"","width":""},"wordCount":1777,"keywords":["begleiter","etappe","kilometer","kolnpfad","rhein","standigen","vierte"]},{"@type":"NewsArticle","@id":"https:\/\/www.bachhausen.de\/foto-von-baedern-auf-malta-widerlegt-nicht-den-anstieg-des-meeresspiegels\/","headline":"Foto von B\u00e4dern auf Malta widerlegt nicht den Anstieg des Meeresspiegels","url":"https:\/\/www.bachhausen.de\/foto-von-baedern-auf-malta-widerlegt-nicht-den-anstieg-des-meeresspiegels\/","datePublished":"2024-07-12","dateModified":"2024-07-12","mainEntityOfPage":"https:\/\/www.bachhausen.de\/foto-von-baedern-auf-malta-widerlegt-nicht-den-anstieg-des-meeresspiegels\/","author":{"@type":"Person","@id":"##Person","name":"Correctiv.org","url":"#","identifier":15,"description":"<div class=\"elementor-element elementor-element-3e1bf03c elementor-widget elementor-widget-heading\" data-id=\"3e1bf03c\">\r\n<div class=\"elementor-widget-container\">\r\n<h1 class=\"elementor-heading-title elementor-size-default\">Recherchen f\u00fcr die Gesellschaft und mit der Gesellschaft<\/h1>\r\n<\/div>\r\n<\/div>\r\n<section class=\"elementor-element elementor-element-5be37e09 elementor-section-content-middle elementor-section-boxed elementor-section-height-default elementor-section-height-default elementor-section elementor-inner-section\" data-id=\"5be37e09\">\r\n<div class=\"elementor-container elementor-column-gap-no\">\r\n<div class=\"elementor-row\">\r\n<div class=\"elementor-element elementor-element-63cc7109 elementor-column elementor-col-50 elementor-inner-column\" data-id=\"63cc7109\">\r\n<div class=\"elementor-column-wrap elementor-element-populated\">\r\n<div class=\"elementor-widget-wrap\">\r\n<div class=\"elementor-element elementor-element-7d9688e9 elementor-widget elementor-widget-text-editor\" data-id=\"7d9688e9\">\r\n<div class=\"elementor-widget-container\">\r\n<div class=\"elementor-text-editor elementor-clearfix\">\r\n\r\n<strong>Investigativ. Unabh\u00e4ngig. Gemeinn\u00fctzig.<\/strong>\r\nCORRECTIV\u00a0ist das erste gemeinn\u00fctzige Recherchezentrum im deutschsprachigen Raum. Wir recherchieren langfristig zu Missst\u00e4nden in der Gesellschaft, f\u00f6rdern Medienkompetenz und f\u00fchren Bildungsprogramme durch.\r\n\r\n<a href=\"https:\/\/correctiv.org\/\">https:\/\/correctiv.org\/<\/a>\r\n\r\n<\/div>\r\n<\/div>\r\n<\/div>\r\n<\/div>\r\n<\/div>\r\n<\/div>\r\n<\/div>\r\n<\/div>\r\n<\/section>","image":{"@type":"ImageObject","@id":"https:\/\/secure.gravatar.com\/avatar\/51a6c0962ec4a7a9fff8508f3b6a21069f40fbb9a1ee7294cca7a040ced87b6c?s=96&d=monsterid&r=g","url":"https:\/\/secure.gravatar.com\/avatar\/51a6c0962ec4a7a9fff8508f3b6a21069f40fbb9a1ee7294cca7a040ced87b6c?s=96&d=monsterid&r=g","height":96,"width":96}},"publisher":{"@type":"Person","name":"Dirk Bachhausen","image":{"@type":"ImageObject","@id":"https:\/\/www.bachhausen.de\/wp-content\/uploads\/2019\/07\/dirk_profil-300x300.jpg","url":"https:\/\/www.bachhausen.de\/wp-content\/uploads\/2019\/07\/dirk_profil-300x300.jpg","width":600,"height":60}},"image":{"@type":"ImageObject","@id":"https:\/\/correctiv.org\/wp-content\/themes\/correctiv-theme\/img\/rating\/false.svg","url":"https:\/\/correctiv.org\/wp-content\/themes\/correctiv-theme\/img\/rating\/false.svg","height":"","width":""},"wordCount":1964,"keywords":["anstieg","badern","malta","meeresspiegels","nicht","widerlegt"]},{"@type":"NewsArticle","@id":"https:\/\/www.bachhausen.de\/talentcampus-der-vhs-koelner-kinder-aus-40-laendern-entdecken-ihre-kuenstlerischen-begabungen\/","headline":"Talentcampus der VHS: K\u00f6lner Kinder aus 40 L\u00e4ndern entdecken ihre k\u00fcnstlerischen Begabungen","url":"https:\/\/www.bachhausen.de\/talentcampus-der-vhs-koelner-kinder-aus-40-laendern-entdecken-ihre-kuenstlerischen-begabungen\/","datePublished":"2024-07-11","dateModified":"2024-07-11","mainEntityOfPage":"https:\/\/www.bachhausen.de\/talentcampus-der-vhs-koelner-kinder-aus-40-laendern-entdecken-ihre-kuenstlerischen-begabungen\/","author":{"@type":"Person","@id":"##Person","name":"K\u00f6lner Stadtanzeiger","url":"#","identifier":3,"description":"Der K\u00f6lner Stadtanzeiger","image":{"@type":"ImageObject","@id":"https:\/\/secure.gravatar.com\/avatar\/a3f43e8250594c4ed8be9e86201eefa6cc06ef89c032788db696432ac7e77173?s=96&d=monsterid&r=g","url":"https:\/\/secure.gravatar.com\/avatar\/a3f43e8250594c4ed8be9e86201eefa6cc06ef89c032788db696432ac7e77173?s=96&d=monsterid&r=g","height":96,"width":96}},"publisher":{"@type":"Person","name":"Dirk Bachhausen","image":{"@type":"ImageObject","@id":"https:\/\/www.bachhausen.de\/wp-content\/uploads\/2019\/07\/dirk_profil-300x300.jpg","url":"https:\/\/www.bachhausen.de\/wp-content\/uploads\/2019\/07\/dirk_profil-300x300.jpg","width":600,"height":60}},"image":{"@type":"ImageObject","@id":"https:\/\/static.ksta.de\/__images\/2024\/07\/11\/1f7927ad-5b4e-4a66-a491-1318804b8fa7.jpeg?q=75&q=70&w=2000&h=5334&fm=jpeg&s=8fd87f675bd87d73c57c325e02c7f65f","url":"https:\/\/static.ksta.de\/__images\/2024\/07\/11\/1f7927ad-5b4e-4a66-a491-1318804b8fa7.jpeg?q=75&q=70&w=2000&h=5334&fm=jpeg&s=8fd87f675bd87d73c57c325e02c7f65f","height":"","width":""},"wordCount":677,"keywords":["begabungen","entdecken","kinder","kolner","kunstlerischen","landern","talentcampus"]},{"@type":"NewsArticle","@id":"https:\/\/www.bachhausen.de\/verbot-von-huawei-teilen-im-5-g-netz\/","headline":"Verbot von Huawei-Teilen im 5-G-Netz","url":"https:\/\/www.bachhausen.de\/verbot-von-huawei-teilen-im-5-g-netz\/","datePublished":"2024-07-11","dateModified":"2024-07-11","mainEntityOfPage":"https:\/\/www.bachhausen.de\/verbot-von-huawei-teilen-im-5-g-netz\/","author":{"@type":"Person","@id":"##Person","name":"SPD K\u00f6ln","url":"#","identifier":4,"image":{"@type":"ImageObject","@id":"https:\/\/secure.gravatar.com\/avatar\/9e275a42f0e2d615e7358ea63859947f3ea63517a2bcb7a2b26010d9ca858396?s=96&d=monsterid&r=g","url":"https:\/\/secure.gravatar.com\/avatar\/9e275a42f0e2d615e7358ea63859947f3ea63517a2bcb7a2b26010d9ca858396?s=96&d=monsterid&r=g","height":96,"width":96}},"publisher":{"@type":"Person","name":"Dirk Bachhausen","image":{"@type":"ImageObject","@id":"https:\/\/www.bachhausen.de\/wp-content\/uploads\/2019\/07\/dirk_profil-300x300.jpg","url":"https:\/\/www.bachhausen.de\/wp-content\/uploads\/2019\/07\/dirk_profil-300x300.jpg","width":600,"height":60}},"image":{"@type":"ImageObject","@id":"https:\/\/www.bachhausen.de\/wp-content\/uploads\/2023\/09\/Zeitungsleser.webp","url":"https:\/\/www.bachhausen.de\/wp-content\/uploads\/2023\/09\/Zeitungsleser.webp","height":534,"width":800},"wordCount":253,"keywords":["huawei","teilen","verbot"]},{"@type":"NewsArticle","@id":"https:\/\/www.bachhausen.de\/zwoelf-meter-lang-bis-130-meter-tief-koelner-kinder-lernen-im-ueberseecontainer-schwimmen-alle-kurse-ausgebucht\/","headline":"Zw\u00f6lf Meter lang, bis 1,30 Meter tief: K\u00f6lner Kinder lernen im \u00dcberseecontainer schwimmen \u2013 alle Kurse ausgebucht","url":"https:\/\/www.bachhausen.de\/zwoelf-meter-lang-bis-130-meter-tief-koelner-kinder-lernen-im-ueberseecontainer-schwimmen-alle-kurse-ausgebucht\/","datePublished":"2024-07-11","dateModified":"2024-07-11","mainEntityOfPage":"https:\/\/www.bachhausen.de\/zwoelf-meter-lang-bis-130-meter-tief-koelner-kinder-lernen-im-ueberseecontainer-schwimmen-alle-kurse-ausgebucht\/","author":{"@type":"Person","@id":"##Person","name":"K\u00f6lner Stadtanzeiger","url":"#","identifier":3,"description":"Der K\u00f6lner Stadtanzeiger","image":{"@type":"ImageObject","@id":"https:\/\/secure.gravatar.com\/avatar\/a3f43e8250594c4ed8be9e86201eefa6cc06ef89c032788db696432ac7e77173?s=96&d=monsterid&r=g","url":"https:\/\/secure.gravatar.com\/avatar\/a3f43e8250594c4ed8be9e86201eefa6cc06ef89c032788db696432ac7e77173?s=96&d=monsterid&r=g","height":96,"width":96}},"publisher":{"@type":"Person","name":"Dirk Bachhausen","image":{"@type":"ImageObject","@id":"https:\/\/www.bachhausen.de\/wp-content\/uploads\/2019\/07\/dirk_profil-300x300.jpg","url":"https:\/\/www.bachhausen.de\/wp-content\/uploads\/2019\/07\/dirk_profil-300x300.jpg","width":600,"height":60}},"image":{"@type":"ImageObject","@id":"https:\/\/www.bachhausen.de\/wp-content\/uploads\/2023\/09\/Zeitungsleser.webp","url":"https:\/\/www.bachhausen.de\/wp-content\/uploads\/2023\/09\/Zeitungsleser.webp","height":534,"width":800},"wordCount":66,"keywords":["kinder","kolner","lernen","meter","uberseecontainer","zwolf"]},{"@type":"NewsArticle","@id":"https:\/\/www.bachhausen.de\/koelsch-ist-fuer-mich-ein-wohlfuehlfaktor-worringer-nimmt-an-sprachstudie-fuer-dialektatlas-teil\/","headline":"\u201eK\u00f6lsch ist f\u00fcr mich ein Wohlf\u00fchlfaktor\u201c: Worringer nimmt an Sprachstudie f\u00fcr Dialektatlas teil","url":"https:\/\/www.bachhausen.de\/koelsch-ist-fuer-mich-ein-wohlfuehlfaktor-worringer-nimmt-an-sprachstudie-fuer-dialektatlas-teil\/","datePublished":"2024-07-11","dateModified":"2024-07-11","mainEntityOfPage":"https:\/\/www.bachhausen.de\/koelsch-ist-fuer-mich-ein-wohlfuehlfaktor-worringer-nimmt-an-sprachstudie-fuer-dialektatlas-teil\/","author":{"@type":"Person","@id":"##Person","name":"K\u00f6lner Stadtanzeiger","url":"#","identifier":3,"description":"Der K\u00f6lner Stadtanzeiger","image":{"@type":"ImageObject","@id":"https:\/\/secure.gravatar.com\/avatar\/a3f43e8250594c4ed8be9e86201eefa6cc06ef89c032788db696432ac7e77173?s=96&d=monsterid&r=g","url":"https:\/\/secure.gravatar.com\/avatar\/a3f43e8250594c4ed8be9e86201eefa6cc06ef89c032788db696432ac7e77173?s=96&d=monsterid&r=g","height":96,"width":96}},"publisher":{"@type":"Person","name":"Dirk Bachhausen","image":{"@type":"ImageObject","@id":"https:\/\/www.bachhausen.de\/wp-content\/uploads\/2019\/07\/dirk_profil-300x300.jpg","url":"https:\/\/www.bachhausen.de\/wp-content\/uploads\/2019\/07\/dirk_profil-300x300.jpg","width":600,"height":60}},"image":{"@type":"ImageObject","@id":"https:\/\/www.bachhausen.de\/wp-content\/uploads\/2023\/09\/Zeitungsleser.webp","url":"https:\/\/www.bachhausen.de\/wp-content\/uploads\/2023\/09\/Zeitungsleser.webp","height":534,"width":800},"wordCount":164,"keywords":["dialektatlas","kolsch","nimmt","sprachstudie","wohlfuhlfaktor","worringer"]}]},{"@context":"https:\/\/schema.org","@type":"WebSite","@id":"https:\/\/www.bachhausen.de\/#website","name":"Dirk Bachhausen","url":"https:\/\/www.bachhausen.de","potentialAction":{"@type":"SearchAction","target":"https:\/\/www.bachhausen.de\/?s={search_term_string}","query-input":"required name=search_term_string"}}]