[{"@context":"https:\/\/schema.org\/","@type":"Blog","@id":"https:\/\/www.bachhausen.de#Blog","headline":"Dirk Bachhausen","description":"Sagen, was ist. \u2013 Tun, was man sagt. \u2013 Und sein, was man tut.","url":"https:\/\/www.bachhausen.de","hasPart":[{"@type":"NewsArticle","@id":"https:\/\/www.bachhausen.de\/zwei-tage-warnstreik-beim-wdr-seit-2-uhr-wird-gestreikt\/","headline":"Zwei Tage Warnstreik beim \u201eWDR\u201c: Seit 2 Uhr wird gestreikt","url":"https:\/\/www.bachhausen.de\/zwei-tage-warnstreik-beim-wdr-seit-2-uhr-wird-gestreikt\/","datePublished":"2024-07-11","dateModified":"2024-07-11","mainEntityOfPage":"https:\/\/www.bachhausen.de\/zwei-tage-warnstreik-beim-wdr-seit-2-uhr-wird-gestreikt\/","author":{"@type":"Person","@id":"##Person","name":"Report K","url":"#","identifier":20,"image":{"@type":"ImageObject","@id":"https:\/\/secure.gravatar.com\/avatar\/36af2c4c1f6de1245282e2f6d3e4483d8c1fb911663df347a69e69f7ff897aac?s=96&d=monsterid&r=g","url":"https:\/\/secure.gravatar.com\/avatar\/36af2c4c1f6de1245282e2f6d3e4483d8c1fb911663df347a69e69f7ff897aac?s=96&d=monsterid&r=g","height":96,"width":96}},"publisher":{"@type":"Person","name":"Dirk Bachhausen","image":{"@type":"ImageObject","@id":"https:\/\/www.bachhausen.de\/wp-content\/uploads\/2019\/07\/dirk_profil-300x300.jpg","url":"https:\/\/www.bachhausen.de\/wp-content\/uploads\/2019\/07\/dirk_profil-300x300.jpg","width":600,"height":60}},"image":{"@type":"ImageObject","@id":"https:\/\/www.bachhausen.de\/wp-content\/uploads\/2022\/08\/wdr_pix_04082022.jpg","url":"https:\/\/www.bachhausen.de\/wp-content\/uploads\/2022\/08\/wdr_pix_04082022.jpg","height":0,"width":0},"wordCount":730,"keywords":["gestreikt","warnstreik"]},{"@type":"NewsArticle","@id":"https:\/\/www.bachhausen.de\/nein-olena-selenska-oder-wolodymyr-selenskyj-haben-kein-fuenf-sterne-hotel-auf-zypern-gekauft\/","headline":"Nein, Olena Selenska oder Wolodymyr Selenskyj haben kein F\u00fcnf-Sterne-Hotel auf Zypern gekauft","url":"https:\/\/www.bachhausen.de\/nein-olena-selenska-oder-wolodymyr-selenskyj-haben-kein-fuenf-sterne-hotel-auf-zypern-gekauft\/","datePublished":"2024-07-11","dateModified":"2024-07-11","mainEntityOfPage":"https:\/\/www.bachhausen.de\/nein-olena-selenska-oder-wolodymyr-selenskyj-haben-kein-fuenf-sterne-hotel-auf-zypern-gekauft\/","author":{"@type":"Person","@id":"##Person","name":"Correctiv.org","url":"#","identifier":15,"description":"<div class=\"elementor-element elementor-element-3e1bf03c elementor-widget elementor-widget-heading\" data-id=\"3e1bf03c\">\r\n<div class=\"elementor-widget-container\">\r\n<h1 class=\"elementor-heading-title elementor-size-default\">Recherchen f\u00fcr die Gesellschaft und mit der Gesellschaft<\/h1>\r\n<\/div>\r\n<\/div>\r\n<section class=\"elementor-element elementor-element-5be37e09 elementor-section-content-middle elementor-section-boxed elementor-section-height-default elementor-section-height-default elementor-section elementor-inner-section\" data-id=\"5be37e09\">\r\n<div class=\"elementor-container elementor-column-gap-no\">\r\n<div class=\"elementor-row\">\r\n<div class=\"elementor-element elementor-element-63cc7109 elementor-column elementor-col-50 elementor-inner-column\" data-id=\"63cc7109\">\r\n<div class=\"elementor-column-wrap elementor-element-populated\">\r\n<div class=\"elementor-widget-wrap\">\r\n<div class=\"elementor-element elementor-element-7d9688e9 elementor-widget elementor-widget-text-editor\" data-id=\"7d9688e9\">\r\n<div class=\"elementor-widget-container\">\r\n<div class=\"elementor-text-editor elementor-clearfix\">\r\n\r\n<strong>Investigativ. Unabh\u00e4ngig. Gemeinn\u00fctzig.<\/strong>\r\nCORRECTIV\u00a0ist das erste gemeinn\u00fctzige Recherchezentrum im deutschsprachigen Raum. Wir recherchieren langfristig zu Missst\u00e4nden in der Gesellschaft, f\u00f6rdern Medienkompetenz und f\u00fchren Bildungsprogramme durch.\r\n\r\n<a href=\"https:\/\/correctiv.org\/\">https:\/\/correctiv.org\/<\/a>\r\n\r\n<\/div>\r\n<\/div>\r\n<\/div>\r\n<\/div>\r\n<\/div>\r\n<\/div>\r\n<\/div>\r\n<\/div>\r\n<\/section>","image":{"@type":"ImageObject","@id":"https:\/\/secure.gravatar.com\/avatar\/51a6c0962ec4a7a9fff8508f3b6a21069f40fbb9a1ee7294cca7a040ced87b6c?s=96&d=monsterid&r=g","url":"https:\/\/secure.gravatar.com\/avatar\/51a6c0962ec4a7a9fff8508f3b6a21069f40fbb9a1ee7294cca7a040ced87b6c?s=96&d=monsterid&r=g","height":96,"width":96}},"publisher":{"@type":"Person","name":"Dirk Bachhausen","image":{"@type":"ImageObject","@id":"https:\/\/www.bachhausen.de\/wp-content\/uploads\/2019\/07\/dirk_profil-300x300.jpg","url":"https:\/\/www.bachhausen.de\/wp-content\/uploads\/2019\/07\/dirk_profil-300x300.jpg","width":600,"height":60}},"image":{"@type":"ImageObject","@id":"https:\/\/correctiv.org\/wp-content\/themes\/correctiv-theme\/img\/rating\/invented.svg","url":"https:\/\/correctiv.org\/wp-content\/themes\/correctiv-theme\/img\/rating\/invented.svg","height":"","width":""},"wordCount":2598,"keywords":["haben","hotel","olena","selenska","selenskyj","sterne","wolodymyr"]},{"@type":"NewsArticle","@id":"https:\/\/www.bachhausen.de\/russische-propaganda-bundesregierung-ignoriert-hinweise-auf-spuren-in-deutschland\/","headline":"Russische Propaganda: Bundesregierung ignoriert Hinweise auf Spuren in Deutschland","url":"https:\/\/www.bachhausen.de\/russische-propaganda-bundesregierung-ignoriert-hinweise-auf-spuren-in-deutschland\/","datePublished":"2024-07-11","dateModified":"2024-07-11","mainEntityOfPage":"https:\/\/www.bachhausen.de\/russische-propaganda-bundesregierung-ignoriert-hinweise-auf-spuren-in-deutschland\/","author":{"@type":"Person","@id":"##Person","name":"Correctiv.org","url":"#","identifier":15,"description":"<div class=\"elementor-element elementor-element-3e1bf03c elementor-widget elementor-widget-heading\" data-id=\"3e1bf03c\">\r\n<div class=\"elementor-widget-container\">\r\n<h1 class=\"elementor-heading-title elementor-size-default\">Recherchen f\u00fcr die Gesellschaft und mit der Gesellschaft<\/h1>\r\n<\/div>\r\n<\/div>\r\n<section class=\"elementor-element elementor-element-5be37e09 elementor-section-content-middle elementor-section-boxed elementor-section-height-default elementor-section-height-default elementor-section elementor-inner-section\" data-id=\"5be37e09\">\r\n<div class=\"elementor-container elementor-column-gap-no\">\r\n<div class=\"elementor-row\">\r\n<div class=\"elementor-element elementor-element-63cc7109 elementor-column elementor-col-50 elementor-inner-column\" data-id=\"63cc7109\">\r\n<div class=\"elementor-column-wrap elementor-element-populated\">\r\n<div class=\"elementor-widget-wrap\">\r\n<div class=\"elementor-element elementor-element-7d9688e9 elementor-widget elementor-widget-text-editor\" data-id=\"7d9688e9\">\r\n<div class=\"elementor-widget-container\">\r\n<div class=\"elementor-text-editor elementor-clearfix\">\r\n\r\n<strong>Investigativ. Unabh\u00e4ngig. Gemeinn\u00fctzig.<\/strong>\r\nCORRECTIV\u00a0ist das erste gemeinn\u00fctzige Recherchezentrum im deutschsprachigen Raum. Wir recherchieren langfristig zu Missst\u00e4nden in der Gesellschaft, f\u00f6rdern Medienkompetenz und f\u00fchren Bildungsprogramme durch.\r\n\r\n<a href=\"https:\/\/correctiv.org\/\">https:\/\/correctiv.org\/<\/a>\r\n\r\n<\/div>\r\n<\/div>\r\n<\/div>\r\n<\/div>\r\n<\/div>\r\n<\/div>\r\n<\/div>\r\n<\/div>\r\n<\/section>","image":{"@type":"ImageObject","@id":"https:\/\/secure.gravatar.com\/avatar\/51a6c0962ec4a7a9fff8508f3b6a21069f40fbb9a1ee7294cca7a040ced87b6c?s=96&d=monsterid&r=g","url":"https:\/\/secure.gravatar.com\/avatar\/51a6c0962ec4a7a9fff8508f3b6a21069f40fbb9a1ee7294cca7a040ced87b6c?s=96&d=monsterid&r=g","height":96,"width":96}},"publisher":{"@type":"Person","name":"Dirk Bachhausen","image":{"@type":"ImageObject","@id":"https:\/\/www.bachhausen.de\/wp-content\/uploads\/2019\/07\/dirk_profil-300x300.jpg","url":"https:\/\/www.bachhausen.de\/wp-content\/uploads\/2019\/07\/dirk_profil-300x300.jpg","width":600,"height":60}},"image":{"@type":"ImageObject","@id":"https:\/\/www.bachhausen.de\/wp-content\/uploads\/2023\/09\/Zeitungsleser.webp","url":"https:\/\/www.bachhausen.de\/wp-content\/uploads\/2023\/09\/Zeitungsleser.webp","height":534,"width":800},"wordCount":695,"keywords":["bundesregierung","deutschland","hinweise","ignoriert","propaganda","russische","spuren"]},{"@type":"NewsArticle","@id":"https:\/\/www.bachhausen.de\/inside-doppelgaenger-wie-russland-eu-firmen-fuer-seine-propaganda-nutzt\/","headline":"Inside Doppelg\u00e4nger \u2013 Wie Russland EU-Firmen f\u00fcr seine Propaganda nutzt","url":"https:\/\/www.bachhausen.de\/inside-doppelgaenger-wie-russland-eu-firmen-fuer-seine-propaganda-nutzt\/","datePublished":"2024-07-11","dateModified":"2024-07-11","mainEntityOfPage":"https:\/\/www.bachhausen.de\/inside-doppelgaenger-wie-russland-eu-firmen-fuer-seine-propaganda-nutzt\/","author":{"@type":"Person","@id":"##Person","name":"Correctiv.org","url":"#","identifier":15,"description":"<div class=\"elementor-element elementor-element-3e1bf03c elementor-widget elementor-widget-heading\" data-id=\"3e1bf03c\">\r\n<div class=\"elementor-widget-container\">\r\n<h1 class=\"elementor-heading-title elementor-size-default\">Recherchen f\u00fcr die Gesellschaft und mit der Gesellschaft<\/h1>\r\n<\/div>\r\n<\/div>\r\n<section class=\"elementor-element elementor-element-5be37e09 elementor-section-content-middle elementor-section-boxed elementor-section-height-default elementor-section-height-default elementor-section elementor-inner-section\" data-id=\"5be37e09\">\r\n<div class=\"elementor-container elementor-column-gap-no\">\r\n<div class=\"elementor-row\">\r\n<div class=\"elementor-element elementor-element-63cc7109 elementor-column elementor-col-50 elementor-inner-column\" data-id=\"63cc7109\">\r\n<div class=\"elementor-column-wrap elementor-element-populated\">\r\n<div class=\"elementor-widget-wrap\">\r\n<div class=\"elementor-element elementor-element-7d9688e9 elementor-widget elementor-widget-text-editor\" data-id=\"7d9688e9\">\r\n<div class=\"elementor-widget-container\">\r\n<div class=\"elementor-text-editor elementor-clearfix\">\r\n\r\n<strong>Investigativ. Unabh\u00e4ngig. Gemeinn\u00fctzig.<\/strong>\r\nCORRECTIV\u00a0ist das erste gemeinn\u00fctzige Recherchezentrum im deutschsprachigen Raum. Wir recherchieren langfristig zu Missst\u00e4nden in der Gesellschaft, f\u00f6rdern Medienkompetenz und f\u00fchren Bildungsprogramme durch.\r\n\r\n<a href=\"https:\/\/correctiv.org\/\">https:\/\/correctiv.org\/<\/a>\r\n\r\n<\/div>\r\n<\/div>\r\n<\/div>\r\n<\/div>\r\n<\/div>\r\n<\/div>\r\n<\/div>\r\n<\/div>\r\n<\/section>","image":{"@type":"ImageObject","@id":"https:\/\/secure.gravatar.com\/avatar\/51a6c0962ec4a7a9fff8508f3b6a21069f40fbb9a1ee7294cca7a040ced87b6c?s=96&d=monsterid&r=g","url":"https:\/\/secure.gravatar.com\/avatar\/51a6c0962ec4a7a9fff8508f3b6a21069f40fbb9a1ee7294cca7a040ced87b6c?s=96&d=monsterid&r=g","height":96,"width":96}},"publisher":{"@type":"Person","name":"Dirk Bachhausen","image":{"@type":"ImageObject","@id":"https:\/\/www.bachhausen.de\/wp-content\/uploads\/2019\/07\/dirk_profil-300x300.jpg","url":"https:\/\/www.bachhausen.de\/wp-content\/uploads\/2019\/07\/dirk_profil-300x300.jpg","width":600,"height":60}},"image":{"@type":"ImageObject","@id":"https:\/\/www.bachhausen.de\/wp-content\/uploads\/2024\/07\/spiegel-fake-doppelganger-infrastruktur.png","url":"https:\/\/www.bachhausen.de\/wp-content\/uploads\/2024\/07\/spiegel-fake-doppelganger-infrastruktur.png","height":1113,"width":1200},"wordCount":4784,"keywords":["doppelganger","firmen","inside","nutzt","propaganda","russland","seine"]},{"@type":"NewsArticle","@id":"https:\/\/www.bachhausen.de\/am-see-ist-alles-schoener-koelner-verbringen-heissen-sommerabend-an-neuer-badestelle-am-fuehlinger-see\/","headline":"\u201eAm See ist alles sch\u00f6ner\u201c: K\u00f6lner verbringen hei\u00dfen Sommerabend an neuer Badestelle am F\u00fchlinger See","url":"https:\/\/www.bachhausen.de\/am-see-ist-alles-schoener-koelner-verbringen-heissen-sommerabend-an-neuer-badestelle-am-fuehlinger-see\/","datePublished":"2024-07-10","dateModified":"2024-07-10","mainEntityOfPage":"https:\/\/www.bachhausen.de\/am-see-ist-alles-schoener-koelner-verbringen-heissen-sommerabend-an-neuer-badestelle-am-fuehlinger-see\/","author":{"@type":"Person","@id":"##Person","name":"K\u00f6lner Stadtanzeiger","url":"#","identifier":3,"description":"Der K\u00f6lner Stadtanzeiger","image":{"@type":"ImageObject","@id":"https:\/\/secure.gravatar.com\/avatar\/a3f43e8250594c4ed8be9e86201eefa6cc06ef89c032788db696432ac7e77173?s=96&d=monsterid&r=g","url":"https:\/\/secure.gravatar.com\/avatar\/a3f43e8250594c4ed8be9e86201eefa6cc06ef89c032788db696432ac7e77173?s=96&d=monsterid&r=g","height":96,"width":96}},"publisher":{"@type":"Person","name":"Dirk Bachhausen","image":{"@type":"ImageObject","@id":"https:\/\/www.bachhausen.de\/wp-content\/uploads\/2019\/07\/dirk_profil-300x300.jpg","url":"https:\/\/www.bachhausen.de\/wp-content\/uploads\/2019\/07\/dirk_profil-300x300.jpg","width":600,"height":60}},"image":{"@type":"ImageObject","@id":"https:\/\/static.ksta.de\/__images\/2024\/07\/02\/d4a5b946-11a6-4482-a37d-26b4c88287fe.jpeg?q=75&q=70&rect=0,420,4000,2250&w=2000&h=6000&fm=jpeg&s=beaf2faf1053c99ccd8e9625f723e26e","url":"https:\/\/static.ksta.de\/__images\/2024\/07\/02\/d4a5b946-11a6-4482-a37d-26b4c88287fe.jpeg?q=75&q=70&rect=0,420,4000,2250&w=2000&h=6000&fm=jpeg&s=beaf2faf1053c99ccd8e9625f723e26e","height":"","width":""},"wordCount":1213,"keywords":["alles","badestelle","kolner","neuer","schoner","sommerabend","verbringen"]},{"@type":"NewsArticle","@id":"https:\/\/www.bachhausen.de\/mitten-auf-dem-festivalgelaende-summerjam-besucherin-findet-igel-babys-und-alarmiert-koelner-tierretter\/","headline":"Mitten auf dem Festivalgel\u00e4nde: Summerjam-Besucherin findet Igel-Babys und alarmiert K\u00f6lner Tierretter","url":"https:\/\/www.bachhausen.de\/mitten-auf-dem-festivalgelaende-summerjam-besucherin-findet-igel-babys-und-alarmiert-koelner-tierretter\/","datePublished":"2024-07-10","dateModified":"2024-07-10","mainEntityOfPage":"https:\/\/www.bachhausen.de\/mitten-auf-dem-festivalgelaende-summerjam-besucherin-findet-igel-babys-und-alarmiert-koelner-tierretter\/","author":{"@type":"Person","@id":"##Person","name":"K\u00f6lner Stadtanzeiger","url":"#","identifier":3,"description":"Der K\u00f6lner Stadtanzeiger","image":{"@type":"ImageObject","@id":"https:\/\/secure.gravatar.com\/avatar\/a3f43e8250594c4ed8be9e86201eefa6cc06ef89c032788db696432ac7e77173?s=96&d=monsterid&r=g","url":"https:\/\/secure.gravatar.com\/avatar\/a3f43e8250594c4ed8be9e86201eefa6cc06ef89c032788db696432ac7e77173?s=96&d=monsterid&r=g","height":96,"width":96}},"publisher":{"@type":"Person","name":"Dirk Bachhausen","image":{"@type":"ImageObject","@id":"https:\/\/www.bachhausen.de\/wp-content\/uploads\/2019\/07\/dirk_profil-300x300.jpg","url":"https:\/\/www.bachhausen.de\/wp-content\/uploads\/2019\/07\/dirk_profil-300x300.jpg","width":600,"height":60}},"image":{"@type":"ImageObject","@id":"https:\/\/www.bachhausen.de\/wp-content\/uploads\/2023\/09\/Zeitungsleser.webp","url":"https:\/\/www.bachhausen.de\/wp-content\/uploads\/2023\/09\/Zeitungsleser.webp","height":534,"width":800},"wordCount":327,"keywords":["alarmiert","babys","besucherin","festivalgelande","findet","mitten","summerjam"]},{"@type":"NewsArticle","@id":"https:\/\/www.bachhausen.de\/bi-kalkberg-schreibt-an-koelner-ratspolitik-wegen-kalkberg\/","headline":"BI Kalkberg schreibt an K\u00f6lner Ratspolitik wegen Kalkberg","url":"https:\/\/www.bachhausen.de\/bi-kalkberg-schreibt-an-koelner-ratspolitik-wegen-kalkberg\/","datePublished":"2024-07-10","dateModified":"2024-07-10","mainEntityOfPage":"https:\/\/www.bachhausen.de\/bi-kalkberg-schreibt-an-koelner-ratspolitik-wegen-kalkberg\/","author":{"@type":"Person","@id":"##Person","name":"Report K","url":"#","identifier":20,"image":{"@type":"ImageObject","@id":"https:\/\/secure.gravatar.com\/avatar\/36af2c4c1f6de1245282e2f6d3e4483d8c1fb911663df347a69e69f7ff897aac?s=96&d=monsterid&r=g","url":"https:\/\/secure.gravatar.com\/avatar\/36af2c4c1f6de1245282e2f6d3e4483d8c1fb911663df347a69e69f7ff897aac?s=96&d=monsterid&r=g","height":96,"width":96}},"publisher":{"@type":"Person","name":"Dirk Bachhausen","image":{"@type":"ImageObject","@id":"https:\/\/www.bachhausen.de\/wp-content\/uploads\/2019\/07\/dirk_profil-300x300.jpg","url":"https:\/\/www.bachhausen.de\/wp-content\/uploads\/2019\/07\/dirk_profil-300x300.jpg","width":600,"height":60}},"image":{"@type":"ImageObject","@id":"https:\/\/www.bachhausen.de\/wp-content\/uploads\/2021\/12\/kalkberg_14-03-2016-25.jpg","url":"https:\/\/www.bachhausen.de\/wp-content\/uploads\/2021\/12\/kalkberg_14-03-2016-25.jpg","height":0,"width":0},"wordCount":705,"keywords":["kalkberg","kolner","ratspolitik","schreibt","wegen"]},{"@type":"NewsArticle","@id":"https:\/\/www.bachhausen.de\/bernhard-conin-wird-mit-dem-rheinlandtaler-ausgezeichnet\/","headline":"Bernhard Conin wird mit dem Rheinlandtaler ausgezeichnet","url":"https:\/\/www.bachhausen.de\/bernhard-conin-wird-mit-dem-rheinlandtaler-ausgezeichnet\/","datePublished":"2024-07-10","dateModified":"2024-07-10","mainEntityOfPage":"https:\/\/www.bachhausen.de\/bernhard-conin-wird-mit-dem-rheinlandtaler-ausgezeichnet\/","author":{"@type":"Person","@id":"##Person","name":"Report K","url":"#","identifier":20,"image":{"@type":"ImageObject","@id":"https:\/\/secure.gravatar.com\/avatar\/36af2c4c1f6de1245282e2f6d3e4483d8c1fb911663df347a69e69f7ff897aac?s=96&d=monsterid&r=g","url":"https:\/\/secure.gravatar.com\/avatar\/36af2c4c1f6de1245282e2f6d3e4483d8c1fb911663df347a69e69f7ff897aac?s=96&d=monsterid&r=g","height":96,"width":96}},"publisher":{"@type":"Person","name":"Dirk Bachhausen","image":{"@type":"ImageObject","@id":"https:\/\/www.bachhausen.de\/wp-content\/uploads\/2019\/07\/dirk_profil-300x300.jpg","url":"https:\/\/www.bachhausen.de\/wp-content\/uploads\/2019\/07\/dirk_profil-300x300.jpg","width":600,"height":60}},"image":{"@type":"ImageObject","@id":"https:\/\/www.bachhausen.de\/wp-content\/uploads\/2023\/03\/Conin_Bernhard_Kc_.jpg","url":"https:\/\/www.bachhausen.de\/wp-content\/uploads\/2023\/03\/Conin_Bernhard_Kc_.jpg","height":0,"width":0},"wordCount":242,"keywords":["ausgezeichnet","bernhard","conin","rheinlandtaler"]},{"@type":"NewsArticle","@id":"https:\/\/www.bachhausen.de\/fragwuerdige-masken-deals-zwischenhaendler-in-der-steueroase\/","headline":"Fragw\u00fcrdige Masken-Deals: Zwischenh\u00e4ndler in der Steueroase","url":"https:\/\/www.bachhausen.de\/fragwuerdige-masken-deals-zwischenhaendler-in-der-steueroase\/","datePublished":"2024-07-10","dateModified":"2024-07-10","mainEntityOfPage":"https:\/\/www.bachhausen.de\/fragwuerdige-masken-deals-zwischenhaendler-in-der-steueroase\/","author":{"@type":"Person","@id":"##Person","name":"Correctiv.org","url":"#","identifier":15,"description":"<div class=\"elementor-element elementor-element-3e1bf03c elementor-widget elementor-widget-heading\" data-id=\"3e1bf03c\">\r\n<div class=\"elementor-widget-container\">\r\n<h1 class=\"elementor-heading-title elementor-size-default\">Recherchen f\u00fcr die Gesellschaft und mit der Gesellschaft<\/h1>\r\n<\/div>\r\n<\/div>\r\n<section class=\"elementor-element elementor-element-5be37e09 elementor-section-content-middle elementor-section-boxed elementor-section-height-default elementor-section-height-default elementor-section elementor-inner-section\" data-id=\"5be37e09\">\r\n<div class=\"elementor-container elementor-column-gap-no\">\r\n<div class=\"elementor-row\">\r\n<div class=\"elementor-element elementor-element-63cc7109 elementor-column elementor-col-50 elementor-inner-column\" data-id=\"63cc7109\">\r\n<div class=\"elementor-column-wrap elementor-element-populated\">\r\n<div class=\"elementor-widget-wrap\">\r\n<div class=\"elementor-element elementor-element-7d9688e9 elementor-widget elementor-widget-text-editor\" data-id=\"7d9688e9\">\r\n<div class=\"elementor-widget-container\">\r\n<div class=\"elementor-text-editor elementor-clearfix\">\r\n\r\n<strong>Investigativ. Unabh\u00e4ngig. Gemeinn\u00fctzig.<\/strong>\r\nCORRECTIV\u00a0ist das erste gemeinn\u00fctzige Recherchezentrum im deutschsprachigen Raum. Wir recherchieren langfristig zu Missst\u00e4nden in der Gesellschaft, f\u00f6rdern Medienkompetenz und f\u00fchren Bildungsprogramme durch.\r\n\r\n<a href=\"https:\/\/correctiv.org\/\">https:\/\/correctiv.org\/<\/a>\r\n\r\n<\/div>\r\n<\/div>\r\n<\/div>\r\n<\/div>\r\n<\/div>\r\n<\/div>\r\n<\/div>\r\n<\/div>\r\n<\/section>","image":{"@type":"ImageObject","@id":"https:\/\/secure.gravatar.com\/avatar\/51a6c0962ec4a7a9fff8508f3b6a21069f40fbb9a1ee7294cca7a040ced87b6c?s=96&d=monsterid&r=g","url":"https:\/\/secure.gravatar.com\/avatar\/51a6c0962ec4a7a9fff8508f3b6a21069f40fbb9a1ee7294cca7a040ced87b6c?s=96&d=monsterid&r=g","height":96,"width":96}},"publisher":{"@type":"Person","name":"Dirk Bachhausen","image":{"@type":"ImageObject","@id":"https:\/\/www.bachhausen.de\/wp-content\/uploads\/2019\/07\/dirk_profil-300x300.jpg","url":"https:\/\/www.bachhausen.de\/wp-content\/uploads\/2019\/07\/dirk_profil-300x300.jpg","width":600,"height":60}},"image":{"@type":"ImageObject","@id":"https:\/\/correctiv.org\/wp-content\/uploads\/2024\/07\/MaskPath-1.svg","url":"https:\/\/correctiv.org\/wp-content\/uploads\/2024\/07\/MaskPath-1.svg","height":"","width":""},"wordCount":3398,"keywords":["deals","fragwurdige","masken","steueroase","zwischenhandler"]},{"@type":"NewsArticle","@id":"https:\/\/www.bachhausen.de\/unterstuetzung-der-schuetzenbruderschaften-im-koelner-norden\/","headline":"Unterst\u00fctzung der Sch\u00fctzenbruderschaften im K\u00f6lner Norden","url":"https:\/\/www.bachhausen.de\/unterstuetzung-der-schuetzenbruderschaften-im-koelner-norden\/","datePublished":"2024-07-10","dateModified":"2024-07-10","mainEntityOfPage":"https:\/\/www.bachhausen.de\/unterstuetzung-der-schuetzenbruderschaften-im-koelner-norden\/","author":{"@type":"Person","@id":"##Person","name":"SPD K\u00f6ln","url":"#","identifier":4,"image":{"@type":"ImageObject","@id":"https:\/\/secure.gravatar.com\/avatar\/9e275a42f0e2d615e7358ea63859947f3ea63517a2bcb7a2b26010d9ca858396?s=96&d=monsterid&r=g","url":"https:\/\/secure.gravatar.com\/avatar\/9e275a42f0e2d615e7358ea63859947f3ea63517a2bcb7a2b26010d9ca858396?s=96&d=monsterid&r=g","height":96,"width":96}},"publisher":{"@type":"Person","name":"Dirk Bachhausen","image":{"@type":"ImageObject","@id":"https:\/\/www.bachhausen.de\/wp-content\/uploads\/2019\/07\/dirk_profil-300x300.jpg","url":"https:\/\/www.bachhausen.de\/wp-content\/uploads\/2019\/07\/dirk_profil-300x300.jpg","width":600,"height":60}},"image":{"@type":"ImageObject","@id":"https:\/\/www.bachhausen.de\/wp-content\/uploads\/2023\/09\/Zeitungsleser.webp","url":"https:\/\/www.bachhausen.de\/wp-content\/uploads\/2023\/09\/Zeitungsleser.webp","height":534,"width":800},"wordCount":262,"keywords":["kolner","norden","schutzenbruderschaften","unterstutzung"]}]},{"@context":"https:\/\/schema.org","@type":"WebSite","@id":"https:\/\/www.bachhausen.de\/#website","name":"Dirk Bachhausen","url":"https:\/\/www.bachhausen.de","potentialAction":{"@type":"SearchAction","target":"https:\/\/www.bachhausen.de\/?s={search_term_string}","query-input":"required name=search_term_string"}}]