[{"@context":"https:\/\/schema.org\/","@type":"Blog","@id":"https:\/\/www.bachhausen.de#Blog","headline":"Dirk Bachhausen","description":"Sagen, was ist. \u2013 Tun, was man sagt. \u2013 Und sein, was man tut.","url":"https:\/\/www.bachhausen.de","hasPart":[{"@type":"NewsArticle","@id":"https:\/\/www.bachhausen.de\/koeln-schliesst-public-viewing-flaechen-zur-euro-2024\/","headline":"K\u00f6ln schlie\u00dft Public Viewing Fl\u00e4chen zur Euro 2024","url":"https:\/\/www.bachhausen.de\/koeln-schliesst-public-viewing-flaechen-zur-euro-2024\/","datePublished":"2024-07-08","dateModified":"2024-07-08","mainEntityOfPage":"https:\/\/www.bachhausen.de\/koeln-schliesst-public-viewing-flaechen-zur-euro-2024\/","author":{"@type":"Person","@id":"##Person","name":"Report K","url":"#","identifier":20,"image":{"@type":"ImageObject","@id":"https:\/\/secure.gravatar.com\/avatar\/36af2c4c1f6de1245282e2f6d3e4483d8c1fb911663df347a69e69f7ff897aac?s=96&d=monsterid&r=g","url":"https:\/\/secure.gravatar.com\/avatar\/36af2c4c1f6de1245282e2f6d3e4483d8c1fb911663df347a69e69f7ff897aac?s=96&d=monsterid&r=g","height":96,"width":96}},"publisher":{"@type":"Person","name":"Dirk Bachhausen","image":{"@type":"ImageObject","@id":"https:\/\/www.bachhausen.de\/wp-content\/uploads\/2019\/07\/dirk_profil-300x300.jpg","url":"https:\/\/www.bachhausen.de\/wp-content\/uploads\/2019\/07\/dirk_profil-300x300.jpg","width":600,"height":60}},"image":{"@type":"ImageObject","@id":"https:\/\/www.bachhausen.de\/wp-content\/uploads\/2024\/07\/tv_symbolfoto_1482012-2.jpg","url":"https:\/\/www.bachhausen.de\/wp-content\/uploads\/2024\/07\/tv_symbolfoto_1482012-2.jpg","height":300,"width":500},"wordCount":138,"keywords":["flachen","public","schlie","viewing"]},{"@type":"NewsArticle","@id":"https:\/\/www.bachhausen.de\/stadt-nennt-traegerinnen-der-ehrenamtspreise-2024\/","headline":"Stadt nennt Tr\u00e4ger:innen der Ehrenamtspreise 2024","url":"https:\/\/www.bachhausen.de\/stadt-nennt-traegerinnen-der-ehrenamtspreise-2024\/","datePublished":"2024-07-08","dateModified":"2024-07-08","mainEntityOfPage":"https:\/\/www.bachhausen.de\/stadt-nennt-traegerinnen-der-ehrenamtspreise-2024\/","author":{"@type":"Person","@id":"##Person","name":"Report K","url":"#","identifier":20,"image":{"@type":"ImageObject","@id":"https:\/\/secure.gravatar.com\/avatar\/36af2c4c1f6de1245282e2f6d3e4483d8c1fb911663df347a69e69f7ff897aac?s=96&d=monsterid&r=g","url":"https:\/\/secure.gravatar.com\/avatar\/36af2c4c1f6de1245282e2f6d3e4483d8c1fb911663df347a69e69f7ff897aac?s=96&d=monsterid&r=g","height":96,"width":96}},"publisher":{"@type":"Person","name":"Dirk Bachhausen","image":{"@type":"ImageObject","@id":"https:\/\/www.bachhausen.de\/wp-content\/uploads\/2019\/07\/dirk_profil-300x300.jpg","url":"https:\/\/www.bachhausen.de\/wp-content\/uploads\/2019\/07\/dirk_profil-300x300.jpg","width":600,"height":60}},"image":{"@type":"ImageObject","@id":"https:\/\/www.bachhausen.de\/wp-content\/uploads\/2024\/07\/ehreneamt_pix_08072024-1068x756.jpg","url":"https:\/\/www.bachhausen.de\/wp-content\/uploads\/2024\/07\/ehreneamt_pix_08072024-1068x756.jpg","height":0,"width":0},"wordCount":372,"keywords":["ehrenamtspreise","innen","nennt","stadt","trager"]},{"@type":"NewsArticle","@id":"https:\/\/www.bachhausen.de\/sommer-open-air-in-esch\/","headline":"Sommer Open Air in Esch","url":"https:\/\/www.bachhausen.de\/sommer-open-air-in-esch\/","datePublished":"2024-07-07","dateModified":"2024-07-07","mainEntityOfPage":"https:\/\/www.bachhausen.de\/sommer-open-air-in-esch\/","author":{"@type":"Person","@id":"##Person","name":"SPD K\u00f6ln","url":"#","identifier":4,"image":{"@type":"ImageObject","@id":"https:\/\/secure.gravatar.com\/avatar\/9e275a42f0e2d615e7358ea63859947f3ea63517a2bcb7a2b26010d9ca858396?s=96&d=monsterid&r=g","url":"https:\/\/secure.gravatar.com\/avatar\/9e275a42f0e2d615e7358ea63859947f3ea63517a2bcb7a2b26010d9ca858396?s=96&d=monsterid&r=g","height":96,"width":96}},"publisher":{"@type":"Person","name":"Dirk Bachhausen","image":{"@type":"ImageObject","@id":"https:\/\/www.bachhausen.de\/wp-content\/uploads\/2019\/07\/dirk_profil-300x300.jpg","url":"https:\/\/www.bachhausen.de\/wp-content\/uploads\/2019\/07\/dirk_profil-300x300.jpg","width":600,"height":60}},"image":{"@type":"ImageObject","@id":"https:\/\/www.bachhausen.de\/wp-content\/uploads\/2023\/09\/Zeitungsleser.webp","url":"https:\/\/www.bachhausen.de\/wp-content\/uploads\/2023\/09\/Zeitungsleser.webp","height":534,"width":800},"wordCount":400,"keywords":["sommer"]},{"@type":"NewsArticle","@id":"https:\/\/www.bachhausen.de\/initiative-aus-chorweiler-koelner-cdu-mitglieder-gruenden-juedische-partei-organisation\/","headline":"Initiative aus Chorweiler: K\u00f6lner CDU-Mitglieder gr\u00fcnden j\u00fcdische Partei-Organisation","url":"https:\/\/www.bachhausen.de\/initiative-aus-chorweiler-koelner-cdu-mitglieder-gruenden-juedische-partei-organisation\/","datePublished":"2024-07-07","dateModified":"2024-07-07","mainEntityOfPage":"https:\/\/www.bachhausen.de\/initiative-aus-chorweiler-koelner-cdu-mitglieder-gruenden-juedische-partei-organisation\/","author":{"@type":"Person","@id":"##Person","name":"K\u00f6lner Stadtanzeiger","url":"#","identifier":3,"description":"Der K\u00f6lner Stadtanzeiger","image":{"@type":"ImageObject","@id":"https:\/\/secure.gravatar.com\/avatar\/a3f43e8250594c4ed8be9e86201eefa6cc06ef89c032788db696432ac7e77173?s=96&d=monsterid&r=g","url":"https:\/\/secure.gravatar.com\/avatar\/a3f43e8250594c4ed8be9e86201eefa6cc06ef89c032788db696432ac7e77173?s=96&d=monsterid&r=g","height":96,"width":96}},"publisher":{"@type":"Person","name":"Dirk Bachhausen","image":{"@type":"ImageObject","@id":"https:\/\/www.bachhausen.de\/wp-content\/uploads\/2019\/07\/dirk_profil-300x300.jpg","url":"https:\/\/www.bachhausen.de\/wp-content\/uploads\/2019\/07\/dirk_profil-300x300.jpg","width":600,"height":60}},"image":{"@type":"ImageObject","@id":"https:\/\/www.bachhausen.de\/wp-content\/uploads\/2023\/09\/Zeitungsleser.webp","url":"https:\/\/www.bachhausen.de\/wp-content\/uploads\/2023\/09\/Zeitungsleser.webp","height":534,"width":800},"wordCount":115,"keywords":["chorweiler","grunden","initiative","judische","kolner","mitglieder","partei"]},{"@type":"NewsArticle","@id":"https:\/\/www.bachhausen.de\/not-op-im-krankenhaus-mann-mit-schussverletzung-im-ruecken-in-chorweiler-wohnung-gefunden\/","headline":"Not-OP im Krankenhaus: Mann mit Schussverletzung im R\u00fccken in Chorweiler Wohnung gefunden","url":"https:\/\/www.bachhausen.de\/not-op-im-krankenhaus-mann-mit-schussverletzung-im-ruecken-in-chorweiler-wohnung-gefunden\/","datePublished":"2024-07-07","dateModified":"2024-07-07","mainEntityOfPage":"https:\/\/www.bachhausen.de\/not-op-im-krankenhaus-mann-mit-schussverletzung-im-ruecken-in-chorweiler-wohnung-gefunden\/","author":{"@type":"Person","@id":"##Person","name":"K\u00f6lner Stadtanzeiger","url":"#","identifier":3,"description":"Der K\u00f6lner Stadtanzeiger","image":{"@type":"ImageObject","@id":"https:\/\/secure.gravatar.com\/avatar\/a3f43e8250594c4ed8be9e86201eefa6cc06ef89c032788db696432ac7e77173?s=96&d=monsterid&r=g","url":"https:\/\/secure.gravatar.com\/avatar\/a3f43e8250594c4ed8be9e86201eefa6cc06ef89c032788db696432ac7e77173?s=96&d=monsterid&r=g","height":96,"width":96}},"publisher":{"@type":"Person","name":"Dirk Bachhausen","image":{"@type":"ImageObject","@id":"https:\/\/www.bachhausen.de\/wp-content\/uploads\/2019\/07\/dirk_profil-300x300.jpg","url":"https:\/\/www.bachhausen.de\/wp-content\/uploads\/2019\/07\/dirk_profil-300x300.jpg","width":600,"height":60}},"image":{"@type":"ImageObject","@id":"https:\/\/www.bachhausen.de\/wp-content\/uploads\/2023\/09\/Zeitungsleser.webp","url":"https:\/\/www.bachhausen.de\/wp-content\/uploads\/2023\/09\/Zeitungsleser.webp","height":534,"width":800},"wordCount":56,"keywords":["chorweiler","gefunden","krankenhaus","rucken","schussverletzung","wohnung"]},{"@type":"NewsArticle","@id":"https:\/\/www.bachhausen.de\/koelner-summerjam-festival-bei-sidos-mit-dir-gehen-am-fuehlinger-see-die-hormone-durch\/","headline":"K\u00f6lner Summerjam-Festival: Bei Sidos \u201eMit dir\u201c gehen am F\u00fchlinger See die Hormone durch","url":"https:\/\/www.bachhausen.de\/koelner-summerjam-festival-bei-sidos-mit-dir-gehen-am-fuehlinger-see-die-hormone-durch\/","datePublished":"2024-07-06","dateModified":"2024-07-06","mainEntityOfPage":"https:\/\/www.bachhausen.de\/koelner-summerjam-festival-bei-sidos-mit-dir-gehen-am-fuehlinger-see-die-hormone-durch\/","author":{"@type":"Person","@id":"##Person","name":"K\u00f6lner Stadtanzeiger","url":"#","identifier":3,"description":"Der K\u00f6lner Stadtanzeiger","image":{"@type":"ImageObject","@id":"https:\/\/secure.gravatar.com\/avatar\/a3f43e8250594c4ed8be9e86201eefa6cc06ef89c032788db696432ac7e77173?s=96&d=monsterid&r=g","url":"https:\/\/secure.gravatar.com\/avatar\/a3f43e8250594c4ed8be9e86201eefa6cc06ef89c032788db696432ac7e77173?s=96&d=monsterid&r=g","height":96,"width":96}},"publisher":{"@type":"Person","name":"Dirk Bachhausen","image":{"@type":"ImageObject","@id":"https:\/\/www.bachhausen.de\/wp-content\/uploads\/2019\/07\/dirk_profil-300x300.jpg","url":"https:\/\/www.bachhausen.de\/wp-content\/uploads\/2019\/07\/dirk_profil-300x300.jpg","width":600,"height":60}},"image":{"@type":"ImageObject","@id":"https:\/\/www.bachhausen.de\/wp-content\/uploads\/2023\/09\/Zeitungsleser.webp","url":"https:\/\/www.bachhausen.de\/wp-content\/uploads\/2023\/09\/Zeitungsleser.webp","height":534,"width":800},"wordCount":601,"keywords":["festival","fuhlinger","gehen","hormone","kolner","sidos","summerjam"]},{"@type":"NewsArticle","@id":"https:\/\/www.bachhausen.de\/ueberarbeitung-der-games-foerderung-und-foerderzulage-kommen\/","headline":"\u00dcberarbeitung der Games-F\u00f6rderung und F\u00f6rderzulage kommen","url":"https:\/\/www.bachhausen.de\/ueberarbeitung-der-games-foerderung-und-foerderzulage-kommen\/","datePublished":"2024-07-06","dateModified":"2024-07-06","mainEntityOfPage":"https:\/\/www.bachhausen.de\/ueberarbeitung-der-games-foerderung-und-foerderzulage-kommen\/","author":{"@type":"Person","@id":"##Person","name":"SPD K\u00f6ln","url":"#","identifier":4,"image":{"@type":"ImageObject","@id":"https:\/\/secure.gravatar.com\/avatar\/9e275a42f0e2d615e7358ea63859947f3ea63517a2bcb7a2b26010d9ca858396?s=96&d=monsterid&r=g","url":"https:\/\/secure.gravatar.com\/avatar\/9e275a42f0e2d615e7358ea63859947f3ea63517a2bcb7a2b26010d9ca858396?s=96&d=monsterid&r=g","height":96,"width":96}},"publisher":{"@type":"Person","name":"Dirk Bachhausen","image":{"@type":"ImageObject","@id":"https:\/\/www.bachhausen.de\/wp-content\/uploads\/2019\/07\/dirk_profil-300x300.jpg","url":"https:\/\/www.bachhausen.de\/wp-content\/uploads\/2019\/07\/dirk_profil-300x300.jpg","width":600,"height":60}},"image":{"@type":"ImageObject","@id":"https:\/\/www.bachhausen.de\/wp-content\/uploads\/2023\/09\/Zeitungsleser.webp","url":"https:\/\/www.bachhausen.de\/wp-content\/uploads\/2023\/09\/Zeitungsleser.webp","height":534,"width":800},"wordCount":334,"keywords":["forderung","forderzulage","games","kommen","uberarbeitung"]},{"@type":"NewsArticle","@id":"https:\/\/www.bachhausen.de\/gehsteigbelaestigungen-werden-verboten\/","headline":"Gehsteigbel\u00e4stigungen werden verboten","url":"https:\/\/www.bachhausen.de\/gehsteigbelaestigungen-werden-verboten\/","datePublished":"2024-07-06","dateModified":"2024-07-06","mainEntityOfPage":"https:\/\/www.bachhausen.de\/gehsteigbelaestigungen-werden-verboten\/","author":{"@type":"Person","@id":"##Person","name":"SPD K\u00f6ln","url":"#","identifier":4,"image":{"@type":"ImageObject","@id":"https:\/\/secure.gravatar.com\/avatar\/9e275a42f0e2d615e7358ea63859947f3ea63517a2bcb7a2b26010d9ca858396?s=96&d=monsterid&r=g","url":"https:\/\/secure.gravatar.com\/avatar\/9e275a42f0e2d615e7358ea63859947f3ea63517a2bcb7a2b26010d9ca858396?s=96&d=monsterid&r=g","height":96,"width":96}},"publisher":{"@type":"Person","name":"Dirk Bachhausen","image":{"@type":"ImageObject","@id":"https:\/\/www.bachhausen.de\/wp-content\/uploads\/2019\/07\/dirk_profil-300x300.jpg","url":"https:\/\/www.bachhausen.de\/wp-content\/uploads\/2019\/07\/dirk_profil-300x300.jpg","width":600,"height":60}},"image":{"@type":"ImageObject","@id":"https:\/\/www.bachhausen.de\/wp-content\/uploads\/2023\/09\/Zeitungsleser.webp","url":"https:\/\/www.bachhausen.de\/wp-content\/uploads\/2023\/09\/Zeitungsleser.webp","height":534,"width":800},"wordCount":343,"keywords":["gehsteigbelastigungen","verboten","werden"]},{"@type":"NewsArticle","@id":"https:\/\/www.bachhausen.de\/benefiz-golfer-spenden-75-000-euro-fuer-koelner-kinder-in-not\/","headline":"Benefiz: Golfer spenden 75.000 Euro f\u00fcr K\u00f6lner Kinder in Not","url":"https:\/\/www.bachhausen.de\/benefiz-golfer-spenden-75-000-euro-fuer-koelner-kinder-in-not\/","datePublished":"2024-07-05","dateModified":"2024-07-05","mainEntityOfPage":"https:\/\/www.bachhausen.de\/benefiz-golfer-spenden-75-000-euro-fuer-koelner-kinder-in-not\/","author":{"@type":"Person","@id":"##Person","name":"K\u00f6lner Stadtanzeiger","url":"#","identifier":3,"description":"Der K\u00f6lner Stadtanzeiger","image":{"@type":"ImageObject","@id":"https:\/\/secure.gravatar.com\/avatar\/a3f43e8250594c4ed8be9e86201eefa6cc06ef89c032788db696432ac7e77173?s=96&d=monsterid&r=g","url":"https:\/\/secure.gravatar.com\/avatar\/a3f43e8250594c4ed8be9e86201eefa6cc06ef89c032788db696432ac7e77173?s=96&d=monsterid&r=g","height":96,"width":96}},"publisher":{"@type":"Person","name":"Dirk Bachhausen","image":{"@type":"ImageObject","@id":"https:\/\/www.bachhausen.de\/wp-content\/uploads\/2019\/07\/dirk_profil-300x300.jpg","url":"https:\/\/www.bachhausen.de\/wp-content\/uploads\/2019\/07\/dirk_profil-300x300.jpg","width":600,"height":60}},"image":{"@type":"ImageObject","@id":"https:\/\/static.ksta.de\/__images\/2024\/07\/05\/a391b890-7834-450b-a57b-df1badb91f97.jpeg?auto=format&q=75&rect=0,2695,2250,1266&w=2000&h=8000&s=753ce3b5fadf3ec211d7705f4fe6c893","url":"https:\/\/static.ksta.de\/__images\/2024\/07\/05\/a391b890-7834-450b-a57b-df1badb91f97.jpeg?auto=format&q=75&rect=0,2695,2250,1266&w=2000&h=8000&s=753ce3b5fadf3ec211d7705f4fe6c893","height":"","width":""},"wordCount":601,"keywords":["benefiz","golfer","kinder","kolner","spenden"]},{"@type":"NewsArticle","@id":"https:\/\/www.bachhausen.de\/public-viewing-in-koeln-platz-nur-noch-am-konrad-adenauer-ufer\/","headline":"Public Viewing in K\u00f6ln: Platz nur noch am Konrad-Adenauer-Ufer","url":"https:\/\/www.bachhausen.de\/public-viewing-in-koeln-platz-nur-noch-am-konrad-adenauer-ufer\/","datePublished":"2024-07-05","dateModified":"2024-07-05","mainEntityOfPage":"https:\/\/www.bachhausen.de\/public-viewing-in-koeln-platz-nur-noch-am-konrad-adenauer-ufer\/","author":{"@type":"Person","@id":"##Person","name":"Report K","url":"#","identifier":20,"image":{"@type":"ImageObject","@id":"https:\/\/secure.gravatar.com\/avatar\/36af2c4c1f6de1245282e2f6d3e4483d8c1fb911663df347a69e69f7ff897aac?s=96&d=monsterid&r=g","url":"https:\/\/secure.gravatar.com\/avatar\/36af2c4c1f6de1245282e2f6d3e4483d8c1fb911663df347a69e69f7ff897aac?s=96&d=monsterid&r=g","height":96,"width":96}},"publisher":{"@type":"Person","name":"Dirk Bachhausen","image":{"@type":"ImageObject","@id":"https:\/\/www.bachhausen.de\/wp-content\/uploads\/2019\/07\/dirk_profil-300x300.jpg","url":"https:\/\/www.bachhausen.de\/wp-content\/uploads\/2019\/07\/dirk_profil-300x300.jpg","width":600,"height":60}},"image":{"@type":"ImageObject","@id":"https:\/\/www.bachhausen.de\/wp-content\/uploads\/2024\/07\/dts_photo40182.jpg","url":"https:\/\/www.bachhausen.de\/wp-content\/uploads\/2024\/07\/dts_photo40182.jpg","height":768,"width":1064},"wordCount":321,"keywords":["adenauer","konrad","platz","public","viewing"]}]},{"@context":"https:\/\/schema.org","@type":"WebSite","@id":"https:\/\/www.bachhausen.de\/#website","name":"Dirk Bachhausen","url":"https:\/\/www.bachhausen.de","potentialAction":{"@type":"SearchAction","target":"https:\/\/www.bachhausen.de\/?s={search_term_string}","query-input":"required name=search_term_string"}}]