[{"@context":"https:\/\/schema.org\/","@type":"Blog","@id":"https:\/\/www.bachhausen.de#Blog","headline":"Dirk Bachhausen","description":"Sagen, was ist. \u2013 Tun, was man sagt. \u2013 Und sein, was man tut.","url":"https:\/\/www.bachhausen.de","hasPart":[{"@type":"NewsArticle","@id":"https:\/\/www.bachhausen.de\/europawahl-2024-youtube-video-liefert-keine-belege-fuer-wahlbetrug-in-muenchen\/","headline":"Europawahl 2024: Youtube-Video liefert keine Belege f\u00fcr Wahlbetrug in M\u00fcnchen","url":"https:\/\/www.bachhausen.de\/europawahl-2024-youtube-video-liefert-keine-belege-fuer-wahlbetrug-in-muenchen\/","datePublished":"2024-06-19","dateModified":"2024-06-19","mainEntityOfPage":"https:\/\/www.bachhausen.de\/europawahl-2024-youtube-video-liefert-keine-belege-fuer-wahlbetrug-in-muenchen\/","author":{"@type":"Person","@id":"##Person","name":"Correctiv.org","url":"#","identifier":15,"description":"<div class=\"elementor-element elementor-element-3e1bf03c elementor-widget elementor-widget-heading\" data-id=\"3e1bf03c\">\r\n<div class=\"elementor-widget-container\">\r\n<h1 class=\"elementor-heading-title elementor-size-default\">Recherchen f\u00fcr die Gesellschaft und mit der Gesellschaft<\/h1>\r\n<\/div>\r\n<\/div>\r\n<section class=\"elementor-element elementor-element-5be37e09 elementor-section-content-middle elementor-section-boxed elementor-section-height-default elementor-section-height-default elementor-section elementor-inner-section\" data-id=\"5be37e09\">\r\n<div class=\"elementor-container elementor-column-gap-no\">\r\n<div class=\"elementor-row\">\r\n<div class=\"elementor-element elementor-element-63cc7109 elementor-column elementor-col-50 elementor-inner-column\" data-id=\"63cc7109\">\r\n<div class=\"elementor-column-wrap elementor-element-populated\">\r\n<div class=\"elementor-widget-wrap\">\r\n<div class=\"elementor-element elementor-element-7d9688e9 elementor-widget elementor-widget-text-editor\" data-id=\"7d9688e9\">\r\n<div class=\"elementor-widget-container\">\r\n<div class=\"elementor-text-editor elementor-clearfix\">\r\n\r\n<strong>Investigativ. Unabh\u00e4ngig. Gemeinn\u00fctzig.<\/strong>\r\nCORRECTIV\u00a0ist das erste gemeinn\u00fctzige Recherchezentrum im deutschsprachigen Raum. Wir recherchieren langfristig zu Missst\u00e4nden in der Gesellschaft, f\u00f6rdern Medienkompetenz und f\u00fchren Bildungsprogramme durch.\r\n\r\n<a href=\"https:\/\/correctiv.org\/\">https:\/\/correctiv.org\/<\/a>\r\n\r\n<\/div>\r\n<\/div>\r\n<\/div>\r\n<\/div>\r\n<\/div>\r\n<\/div>\r\n<\/div>\r\n<\/div>\r\n<\/section>","image":{"@type":"ImageObject","@id":"https:\/\/secure.gravatar.com\/avatar\/51a6c0962ec4a7a9fff8508f3b6a21069f40fbb9a1ee7294cca7a040ced87b6c?s=96&d=monsterid&r=g","url":"https:\/\/secure.gravatar.com\/avatar\/51a6c0962ec4a7a9fff8508f3b6a21069f40fbb9a1ee7294cca7a040ced87b6c?s=96&d=monsterid&r=g","height":96,"width":96}},"publisher":{"@type":"Person","name":"Dirk Bachhausen","image":{"@type":"ImageObject","@id":"https:\/\/www.bachhausen.de\/wp-content\/uploads\/2019\/07\/dirk_profil-300x300.jpg","url":"https:\/\/www.bachhausen.de\/wp-content\/uploads\/2019\/07\/dirk_profil-300x300.jpg","width":600,"height":60}},"image":{"@type":"ImageObject","@id":"https:\/\/correctiv.org\/wp-content\/themes\/correctiv-theme\/img\/rating\/false.svg","url":"https:\/\/correctiv.org\/wp-content\/themes\/correctiv-theme\/img\/rating\/false.svg","height":"","width":""},"wordCount":1486,"keywords":["belege","europawahl","keine","liefert","video","wahlbetrug","youtube"]},{"@type":"NewsArticle","@id":"https:\/\/www.bachhausen.de\/koelner-fanzone-am-heumarkt-schon-voll-stadt-mit-bitte-an-fans\/","headline":"K\u00f6lner Fanzone am Heumarkt schon voll \u2013 Stadt mit Bitte an Fans","url":"https:\/\/www.bachhausen.de\/koelner-fanzone-am-heumarkt-schon-voll-stadt-mit-bitte-an-fans\/","datePublished":"2024-06-19","dateModified":"2024-06-19","mainEntityOfPage":"https:\/\/www.bachhausen.de\/koelner-fanzone-am-heumarkt-schon-voll-stadt-mit-bitte-an-fans\/","author":{"@type":"Person","@id":"##Person","name":"Report K","url":"#","identifier":20,"image":{"@type":"ImageObject","@id":"https:\/\/secure.gravatar.com\/avatar\/36af2c4c1f6de1245282e2f6d3e4483d8c1fb911663df347a69e69f7ff897aac?s=96&d=monsterid&r=g","url":"https:\/\/secure.gravatar.com\/avatar\/36af2c4c1f6de1245282e2f6d3e4483d8c1fb911663df347a69e69f7ff897aac?s=96&d=monsterid&r=g","height":96,"width":96}},"publisher":{"@type":"Person","name":"Dirk Bachhausen","image":{"@type":"ImageObject","@id":"https:\/\/www.bachhausen.de\/wp-content\/uploads\/2019\/07\/dirk_profil-300x300.jpg","url":"https:\/\/www.bachhausen.de\/wp-content\/uploads\/2019\/07\/dirk_profil-300x300.jpg","width":600,"height":60}},"image":{"@type":"ImageObject","@id":"https:\/\/www.bachhausen.de\/wp-content\/uploads\/2024\/06\/public_viewing_pix_08062024.jpg","url":"https:\/\/www.bachhausen.de\/wp-content\/uploads\/2024\/06\/public_viewing_pix_08062024.jpg","height":768,"width":1064},"wordCount":353,"keywords":["bitte","fanzone","heumarkt","kolner","schon","stadt"]},{"@type":"NewsArticle","@id":"https:\/\/www.bachhausen.de\/905-000-euro-fuer-verschoenerung-weg-durch-park-in-chorweiler-wird-verkleinert-und-instand-gesetzt\/","headline":"905.000 Euro f\u00fcr Versch\u00f6nerung: Weg durch Park in Chorweiler wird verkleinert und instand gesetzt","url":"https:\/\/www.bachhausen.de\/905-000-euro-fuer-verschoenerung-weg-durch-park-in-chorweiler-wird-verkleinert-und-instand-gesetzt\/","datePublished":"2024-06-19","dateModified":"2024-06-19","mainEntityOfPage":"https:\/\/www.bachhausen.de\/905-000-euro-fuer-verschoenerung-weg-durch-park-in-chorweiler-wird-verkleinert-und-instand-gesetzt\/","author":{"@type":"Person","@id":"##Person","name":"K\u00f6lner Stadtanzeiger","url":"#","identifier":3,"description":"Der K\u00f6lner Stadtanzeiger","image":{"@type":"ImageObject","@id":"https:\/\/secure.gravatar.com\/avatar\/a3f43e8250594c4ed8be9e86201eefa6cc06ef89c032788db696432ac7e77173?s=96&d=monsterid&r=g","url":"https:\/\/secure.gravatar.com\/avatar\/a3f43e8250594c4ed8be9e86201eefa6cc06ef89c032788db696432ac7e77173?s=96&d=monsterid&r=g","height":96,"width":96}},"publisher":{"@type":"Person","name":"Dirk Bachhausen","image":{"@type":"ImageObject","@id":"https:\/\/www.bachhausen.de\/wp-content\/uploads\/2019\/07\/dirk_profil-300x300.jpg","url":"https:\/\/www.bachhausen.de\/wp-content\/uploads\/2019\/07\/dirk_profil-300x300.jpg","width":600,"height":60}},"image":{"@type":"ImageObject","@id":"https:\/\/www.bachhausen.de\/wp-content\/uploads\/2023\/09\/Zeitungsleser.webp","url":"https:\/\/www.bachhausen.de\/wp-content\/uploads\/2023\/09\/Zeitungsleser.webp","height":534,"width":800},"wordCount":121,"keywords":["chorweiler","durch","gesetzt","instand","verkleinert","verschonerung"]},{"@type":"NewsArticle","@id":"https:\/\/www.bachhausen.de\/manipulierter-medienbericht-nein-koeln-schafft-nicht-die-erste-vergewaltigungsverbotszone-in-nrw\/","headline":"Manipulierter Medienbericht: Nein, K\u00f6ln schafft nicht die erste \u201eVergewaltigungsverbotszone\u201c in NRW","url":"https:\/\/www.bachhausen.de\/manipulierter-medienbericht-nein-koeln-schafft-nicht-die-erste-vergewaltigungsverbotszone-in-nrw\/","datePublished":"2024-06-19","dateModified":"2024-06-19","mainEntityOfPage":"https:\/\/www.bachhausen.de\/manipulierter-medienbericht-nein-koeln-schafft-nicht-die-erste-vergewaltigungsverbotszone-in-nrw\/","author":{"@type":"Person","@id":"##Person","name":"Correctiv.org","url":"#","identifier":15,"description":"<div class=\"elementor-element elementor-element-3e1bf03c elementor-widget elementor-widget-heading\" data-id=\"3e1bf03c\">\r\n<div class=\"elementor-widget-container\">\r\n<h1 class=\"elementor-heading-title elementor-size-default\">Recherchen f\u00fcr die Gesellschaft und mit der Gesellschaft<\/h1>\r\n<\/div>\r\n<\/div>\r\n<section class=\"elementor-element elementor-element-5be37e09 elementor-section-content-middle elementor-section-boxed elementor-section-height-default elementor-section-height-default elementor-section elementor-inner-section\" data-id=\"5be37e09\">\r\n<div class=\"elementor-container elementor-column-gap-no\">\r\n<div class=\"elementor-row\">\r\n<div class=\"elementor-element elementor-element-63cc7109 elementor-column elementor-col-50 elementor-inner-column\" data-id=\"63cc7109\">\r\n<div class=\"elementor-column-wrap elementor-element-populated\">\r\n<div class=\"elementor-widget-wrap\">\r\n<div class=\"elementor-element elementor-element-7d9688e9 elementor-widget elementor-widget-text-editor\" data-id=\"7d9688e9\">\r\n<div class=\"elementor-widget-container\">\r\n<div class=\"elementor-text-editor elementor-clearfix\">\r\n\r\n<strong>Investigativ. Unabh\u00e4ngig. Gemeinn\u00fctzig.<\/strong>\r\nCORRECTIV\u00a0ist das erste gemeinn\u00fctzige Recherchezentrum im deutschsprachigen Raum. Wir recherchieren langfristig zu Missst\u00e4nden in der Gesellschaft, f\u00f6rdern Medienkompetenz und f\u00fchren Bildungsprogramme durch.\r\n\r\n<a href=\"https:\/\/correctiv.org\/\">https:\/\/correctiv.org\/<\/a>\r\n\r\n<\/div>\r\n<\/div>\r\n<\/div>\r\n<\/div>\r\n<\/div>\r\n<\/div>\r\n<\/div>\r\n<\/div>\r\n<\/section>","image":{"@type":"ImageObject","@id":"https:\/\/secure.gravatar.com\/avatar\/51a6c0962ec4a7a9fff8508f3b6a21069f40fbb9a1ee7294cca7a040ced87b6c?s=96&d=monsterid&r=g","url":"https:\/\/secure.gravatar.com\/avatar\/51a6c0962ec4a7a9fff8508f3b6a21069f40fbb9a1ee7294cca7a040ced87b6c?s=96&d=monsterid&r=g","height":96,"width":96}},"publisher":{"@type":"Person","name":"Dirk Bachhausen","image":{"@type":"ImageObject","@id":"https:\/\/www.bachhausen.de\/wp-content\/uploads\/2019\/07\/dirk_profil-300x300.jpg","url":"https:\/\/www.bachhausen.de\/wp-content\/uploads\/2019\/07\/dirk_profil-300x300.jpg","width":600,"height":60}},"image":{"@type":"ImageObject","@id":"https:\/\/correctiv.org\/wp-content\/themes\/correctiv-theme\/img\/rating\/manipulated.svg","url":"https:\/\/correctiv.org\/wp-content\/themes\/correctiv-theme\/img\/rating\/manipulated.svg","height":"","width":""},"wordCount":875,"keywords":["erste","manipulierter","medienbericht","nicht","schafft","vergewaltigungsverbotszone"]},{"@type":"NewsArticle","@id":"https:\/\/www.bachhausen.de\/opferanwaelte-fordern-schadensansprueche-bei-missbrauch-leichter-anzuerkennen\/","headline":"Opferanw\u00e4lte fordern, Schadensanspr\u00fcche bei Missbrauch leichter anzuerkennen","url":"https:\/\/www.bachhausen.de\/opferanwaelte-fordern-schadensansprueche-bei-missbrauch-leichter-anzuerkennen\/","datePublished":"2024-06-19","dateModified":"2024-06-19","mainEntityOfPage":"https:\/\/www.bachhausen.de\/opferanwaelte-fordern-schadensansprueche-bei-missbrauch-leichter-anzuerkennen\/","author":{"@type":"Person","@id":"##Person","name":"Correctiv.org","url":"#","identifier":15,"description":"<div class=\"elementor-element elementor-element-3e1bf03c elementor-widget elementor-widget-heading\" data-id=\"3e1bf03c\">\r\n<div class=\"elementor-widget-container\">\r\n<h1 class=\"elementor-heading-title elementor-size-default\">Recherchen f\u00fcr die Gesellschaft und mit der Gesellschaft<\/h1>\r\n<\/div>\r\n<\/div>\r\n<section class=\"elementor-element elementor-element-5be37e09 elementor-section-content-middle elementor-section-boxed elementor-section-height-default elementor-section-height-default elementor-section elementor-inner-section\" data-id=\"5be37e09\">\r\n<div class=\"elementor-container elementor-column-gap-no\">\r\n<div class=\"elementor-row\">\r\n<div class=\"elementor-element elementor-element-63cc7109 elementor-column elementor-col-50 elementor-inner-column\" data-id=\"63cc7109\">\r\n<div class=\"elementor-column-wrap elementor-element-populated\">\r\n<div class=\"elementor-widget-wrap\">\r\n<div class=\"elementor-element elementor-element-7d9688e9 elementor-widget elementor-widget-text-editor\" data-id=\"7d9688e9\">\r\n<div class=\"elementor-widget-container\">\r\n<div class=\"elementor-text-editor elementor-clearfix\">\r\n\r\n<strong>Investigativ. Unabh\u00e4ngig. Gemeinn\u00fctzig.<\/strong>\r\nCORRECTIV\u00a0ist das erste gemeinn\u00fctzige Recherchezentrum im deutschsprachigen Raum. Wir recherchieren langfristig zu Missst\u00e4nden in der Gesellschaft, f\u00f6rdern Medienkompetenz und f\u00fchren Bildungsprogramme durch.\r\n\r\n<a href=\"https:\/\/correctiv.org\/\">https:\/\/correctiv.org\/<\/a>\r\n\r\n<\/div>\r\n<\/div>\r\n<\/div>\r\n<\/div>\r\n<\/div>\r\n<\/div>\r\n<\/div>\r\n<\/div>\r\n<\/section>","image":{"@type":"ImageObject","@id":"https:\/\/secure.gravatar.com\/avatar\/51a6c0962ec4a7a9fff8508f3b6a21069f40fbb9a1ee7294cca7a040ced87b6c?s=96&d=monsterid&r=g","url":"https:\/\/secure.gravatar.com\/avatar\/51a6c0962ec4a7a9fff8508f3b6a21069f40fbb9a1ee7294cca7a040ced87b6c?s=96&d=monsterid&r=g","height":96,"width":96}},"publisher":{"@type":"Person","name":"Dirk Bachhausen","image":{"@type":"ImageObject","@id":"https:\/\/www.bachhausen.de\/wp-content\/uploads\/2019\/07\/dirk_profil-300x300.jpg","url":"https:\/\/www.bachhausen.de\/wp-content\/uploads\/2019\/07\/dirk_profil-300x300.jpg","width":600,"height":60}},"image":{"@type":"ImageObject","@id":"https:\/\/www.bachhausen.de\/wp-content\/uploads\/2023\/09\/Zeitungsleser.webp","url":"https:\/\/www.bachhausen.de\/wp-content\/uploads\/2023\/09\/Zeitungsleser.webp","height":534,"width":800},"wordCount":1211,"keywords":["anzuerkennen","fordern","leichter","missbrauch","opferanwalte","schadensanspruche"]},{"@type":"NewsArticle","@id":"https:\/\/www.bachhausen.de\/missverstandene-satire-x-beitrag-ueber-die-europameisterschaft-stammt-nicht-von-annalena-baerbock\/","headline":"Missverstandene Satire: X-Beitrag \u00fcber die Europameisterschaft stammt nicht von Annalena Baerbock","url":"https:\/\/www.bachhausen.de\/missverstandene-satire-x-beitrag-ueber-die-europameisterschaft-stammt-nicht-von-annalena-baerbock\/","datePublished":"2024-06-19","dateModified":"2024-06-19","mainEntityOfPage":"https:\/\/www.bachhausen.de\/missverstandene-satire-x-beitrag-ueber-die-europameisterschaft-stammt-nicht-von-annalena-baerbock\/","author":{"@type":"Person","@id":"##Person","name":"Correctiv.org","url":"#","identifier":15,"description":"<div class=\"elementor-element elementor-element-3e1bf03c elementor-widget elementor-widget-heading\" data-id=\"3e1bf03c\">\r\n<div class=\"elementor-widget-container\">\r\n<h1 class=\"elementor-heading-title elementor-size-default\">Recherchen f\u00fcr die Gesellschaft und mit der Gesellschaft<\/h1>\r\n<\/div>\r\n<\/div>\r\n<section class=\"elementor-element elementor-element-5be37e09 elementor-section-content-middle elementor-section-boxed elementor-section-height-default elementor-section-height-default elementor-section elementor-inner-section\" data-id=\"5be37e09\">\r\n<div class=\"elementor-container elementor-column-gap-no\">\r\n<div class=\"elementor-row\">\r\n<div class=\"elementor-element elementor-element-63cc7109 elementor-column elementor-col-50 elementor-inner-column\" data-id=\"63cc7109\">\r\n<div class=\"elementor-column-wrap elementor-element-populated\">\r\n<div class=\"elementor-widget-wrap\">\r\n<div class=\"elementor-element elementor-element-7d9688e9 elementor-widget elementor-widget-text-editor\" data-id=\"7d9688e9\">\r\n<div class=\"elementor-widget-container\">\r\n<div class=\"elementor-text-editor elementor-clearfix\">\r\n\r\n<strong>Investigativ. Unabh\u00e4ngig. Gemeinn\u00fctzig.<\/strong>\r\nCORRECTIV\u00a0ist das erste gemeinn\u00fctzige Recherchezentrum im deutschsprachigen Raum. Wir recherchieren langfristig zu Missst\u00e4nden in der Gesellschaft, f\u00f6rdern Medienkompetenz und f\u00fchren Bildungsprogramme durch.\r\n\r\n<a href=\"https:\/\/correctiv.org\/\">https:\/\/correctiv.org\/<\/a>\r\n\r\n<\/div>\r\n<\/div>\r\n<\/div>\r\n<\/div>\r\n<\/div>\r\n<\/div>\r\n<\/div>\r\n<\/div>\r\n<\/section>","image":{"@type":"ImageObject","@id":"https:\/\/secure.gravatar.com\/avatar\/51a6c0962ec4a7a9fff8508f3b6a21069f40fbb9a1ee7294cca7a040ced87b6c?s=96&d=monsterid&r=g","url":"https:\/\/secure.gravatar.com\/avatar\/51a6c0962ec4a7a9fff8508f3b6a21069f40fbb9a1ee7294cca7a040ced87b6c?s=96&d=monsterid&r=g","height":96,"width":96}},"publisher":{"@type":"Person","name":"Dirk Bachhausen","image":{"@type":"ImageObject","@id":"https:\/\/www.bachhausen.de\/wp-content\/uploads\/2019\/07\/dirk_profil-300x300.jpg","url":"https:\/\/www.bachhausen.de\/wp-content\/uploads\/2019\/07\/dirk_profil-300x300.jpg","width":600,"height":60}},"image":{"@type":"ImageObject","@id":"https:\/\/correctiv.org\/wp-content\/themes\/correctiv-theme\/img\/rating\/invented.svg","url":"https:\/\/correctiv.org\/wp-content\/themes\/correctiv-theme\/img\/rating\/invented.svg","height":"","width":""},"wordCount":776,"keywords":["annalena","beitrag","europameisterschaft","missverstandene","nicht","satire","stammt"]},{"@type":"NewsArticle","@id":"https:\/\/www.bachhausen.de\/polizisten-erschiessen-geiselnehmer-dieses-video-stammt-nicht-aus-spanien-sondern-aus-brasilien\/","headline":"Polizisten erschie\u00dfen Geiselnehmer: Dieses Video stammt nicht aus Spanien, sondern aus Brasilien","url":"https:\/\/www.bachhausen.de\/polizisten-erschiessen-geiselnehmer-dieses-video-stammt-nicht-aus-spanien-sondern-aus-brasilien\/","datePublished":"2024-06-19","dateModified":"2024-06-19","mainEntityOfPage":"https:\/\/www.bachhausen.de\/polizisten-erschiessen-geiselnehmer-dieses-video-stammt-nicht-aus-spanien-sondern-aus-brasilien\/","author":{"@type":"Person","@id":"##Person","name":"Correctiv.org","url":"#","identifier":15,"description":"<div class=\"elementor-element elementor-element-3e1bf03c elementor-widget elementor-widget-heading\" data-id=\"3e1bf03c\">\r\n<div class=\"elementor-widget-container\">\r\n<h1 class=\"elementor-heading-title elementor-size-default\">Recherchen f\u00fcr die Gesellschaft und mit der Gesellschaft<\/h1>\r\n<\/div>\r\n<\/div>\r\n<section class=\"elementor-element elementor-element-5be37e09 elementor-section-content-middle elementor-section-boxed elementor-section-height-default elementor-section-height-default elementor-section elementor-inner-section\" data-id=\"5be37e09\">\r\n<div class=\"elementor-container elementor-column-gap-no\">\r\n<div class=\"elementor-row\">\r\n<div class=\"elementor-element elementor-element-63cc7109 elementor-column elementor-col-50 elementor-inner-column\" data-id=\"63cc7109\">\r\n<div class=\"elementor-column-wrap elementor-element-populated\">\r\n<div class=\"elementor-widget-wrap\">\r\n<div class=\"elementor-element elementor-element-7d9688e9 elementor-widget elementor-widget-text-editor\" data-id=\"7d9688e9\">\r\n<div class=\"elementor-widget-container\">\r\n<div class=\"elementor-text-editor elementor-clearfix\">\r\n\r\n<strong>Investigativ. Unabh\u00e4ngig. Gemeinn\u00fctzig.<\/strong>\r\nCORRECTIV\u00a0ist das erste gemeinn\u00fctzige Recherchezentrum im deutschsprachigen Raum. Wir recherchieren langfristig zu Missst\u00e4nden in der Gesellschaft, f\u00f6rdern Medienkompetenz und f\u00fchren Bildungsprogramme durch.\r\n\r\n<a href=\"https:\/\/correctiv.org\/\">https:\/\/correctiv.org\/<\/a>\r\n\r\n<\/div>\r\n<\/div>\r\n<\/div>\r\n<\/div>\r\n<\/div>\r\n<\/div>\r\n<\/div>\r\n<\/div>\r\n<\/section>","image":{"@type":"ImageObject","@id":"https:\/\/secure.gravatar.com\/avatar\/51a6c0962ec4a7a9fff8508f3b6a21069f40fbb9a1ee7294cca7a040ced87b6c?s=96&d=monsterid&r=g","url":"https:\/\/secure.gravatar.com\/avatar\/51a6c0962ec4a7a9fff8508f3b6a21069f40fbb9a1ee7294cca7a040ced87b6c?s=96&d=monsterid&r=g","height":96,"width":96}},"publisher":{"@type":"Person","name":"Dirk Bachhausen","image":{"@type":"ImageObject","@id":"https:\/\/www.bachhausen.de\/wp-content\/uploads\/2019\/07\/dirk_profil-300x300.jpg","url":"https:\/\/www.bachhausen.de\/wp-content\/uploads\/2019\/07\/dirk_profil-300x300.jpg","width":600,"height":60}},"image":{"@type":"ImageObject","@id":"https:\/\/correctiv.org\/wp-content\/themes\/correctiv-theme\/img\/rating\/false_context.svg","url":"https:\/\/correctiv.org\/wp-content\/themes\/correctiv-theme\/img\/rating\/false_context.svg","height":"","width":""},"wordCount":1106,"keywords":["dieses","erschie","geiselnehmer","nicht","polizisten","stammt","video"]},{"@type":"NewsArticle","@id":"https:\/\/www.bachhausen.de\/acht-autos-betroffen-massenkarambolage-im-koelner-norden-frau-durch-betrunkenen-autofahrer-schwer-verletzt\/","headline":"Acht Autos betroffen: Massenkarambolage im K\u00f6lner Norden \u2013 Frau durch betrunkenen Autofahrer schwer verletzt","url":"https:\/\/www.bachhausen.de\/acht-autos-betroffen-massenkarambolage-im-koelner-norden-frau-durch-betrunkenen-autofahrer-schwer-verletzt\/","datePublished":"2024-06-18","dateModified":"2024-06-18","mainEntityOfPage":"https:\/\/www.bachhausen.de\/acht-autos-betroffen-massenkarambolage-im-koelner-norden-frau-durch-betrunkenen-autofahrer-schwer-verletzt\/","author":{"@type":"Person","@id":"##Person","name":"K\u00f6lner Stadtanzeiger","url":"#","identifier":3,"description":"Der K\u00f6lner Stadtanzeiger","image":{"@type":"ImageObject","@id":"https:\/\/secure.gravatar.com\/avatar\/a3f43e8250594c4ed8be9e86201eefa6cc06ef89c032788db696432ac7e77173?s=96&d=monsterid&r=g","url":"https:\/\/secure.gravatar.com\/avatar\/a3f43e8250594c4ed8be9e86201eefa6cc06ef89c032788db696432ac7e77173?s=96&d=monsterid&r=g","height":96,"width":96}},"publisher":{"@type":"Person","name":"Dirk Bachhausen","image":{"@type":"ImageObject","@id":"https:\/\/www.bachhausen.de\/wp-content\/uploads\/2019\/07\/dirk_profil-300x300.jpg","url":"https:\/\/www.bachhausen.de\/wp-content\/uploads\/2019\/07\/dirk_profil-300x300.jpg","width":600,"height":60}},"image":{"@type":"ImageObject","@id":"https:\/\/www.bachhausen.de\/wp-content\/uploads\/2023\/09\/Zeitungsleser.webp","url":"https:\/\/www.bachhausen.de\/wp-content\/uploads\/2023\/09\/Zeitungsleser.webp","height":534,"width":800},"wordCount":358,"keywords":["autos","betroffen","betrunkenen","durch","kolner","massenkarambolage","norden"]},{"@type":"NewsArticle","@id":"https:\/\/www.bachhausen.de\/fit-im-veedel-merkenich-bekommt-ein-freiluft-fitnessstudio\/","headline":"Fit im Veedel: Merkenich bekommt ein Freiluft-Fitnessstudio","url":"https:\/\/www.bachhausen.de\/fit-im-veedel-merkenich-bekommt-ein-freiluft-fitnessstudio\/","datePublished":"2024-06-18","dateModified":"2024-06-18","mainEntityOfPage":"https:\/\/www.bachhausen.de\/fit-im-veedel-merkenich-bekommt-ein-freiluft-fitnessstudio\/","author":{"@type":"Person","@id":"##Person","name":"K\u00f6lner Stadtanzeiger","url":"#","identifier":3,"description":"Der K\u00f6lner Stadtanzeiger","image":{"@type":"ImageObject","@id":"https:\/\/secure.gravatar.com\/avatar\/a3f43e8250594c4ed8be9e86201eefa6cc06ef89c032788db696432ac7e77173?s=96&d=monsterid&r=g","url":"https:\/\/secure.gravatar.com\/avatar\/a3f43e8250594c4ed8be9e86201eefa6cc06ef89c032788db696432ac7e77173?s=96&d=monsterid&r=g","height":96,"width":96}},"publisher":{"@type":"Person","name":"Dirk Bachhausen","image":{"@type":"ImageObject","@id":"https:\/\/www.bachhausen.de\/wp-content\/uploads\/2019\/07\/dirk_profil-300x300.jpg","url":"https:\/\/www.bachhausen.de\/wp-content\/uploads\/2019\/07\/dirk_profil-300x300.jpg","width":600,"height":60}},"image":{"@type":"ImageObject","@id":"https:\/\/www.bachhausen.de\/wp-content\/uploads\/2023\/09\/Zeitungsleser.webp","url":"https:\/\/www.bachhausen.de\/wp-content\/uploads\/2023\/09\/Zeitungsleser.webp","height":534,"width":800},"wordCount":582,"keywords":["bekommt","fitnessstudio","freiluft","merkenich","veedel"]},{"@type":"NewsArticle","@id":"https:\/\/www.bachhausen.de\/massnahmen-zur-erhoehung-der-sicherheit-und-sauberkeit-auf-spielplaetzen-und-in-den-gruenanlagen\/","headline":"Ma\u00dfnahmen zur Erh\u00f6hung der Sicherheit und Sauberkeit auf Spielpl\u00e4tzen und in den Gr\u00fcnanlagen","url":"https:\/\/www.bachhausen.de\/massnahmen-zur-erhoehung-der-sicherheit-und-sauberkeit-auf-spielplaetzen-und-in-den-gruenanlagen\/","datePublished":"2024-06-18","dateModified":"2024-06-18","mainEntityOfPage":"https:\/\/www.bachhausen.de\/massnahmen-zur-erhoehung-der-sicherheit-und-sauberkeit-auf-spielplaetzen-und-in-den-gruenanlagen\/","author":{"@type":"Person","@id":"##Person","name":"SPD K\u00f6ln","url":"#","identifier":4,"image":{"@type":"ImageObject","@id":"https:\/\/secure.gravatar.com\/avatar\/9e275a42f0e2d615e7358ea63859947f3ea63517a2bcb7a2b26010d9ca858396?s=96&d=monsterid&r=g","url":"https:\/\/secure.gravatar.com\/avatar\/9e275a42f0e2d615e7358ea63859947f3ea63517a2bcb7a2b26010d9ca858396?s=96&d=monsterid&r=g","height":96,"width":96}},"publisher":{"@type":"Person","name":"Dirk Bachhausen","image":{"@type":"ImageObject","@id":"https:\/\/www.bachhausen.de\/wp-content\/uploads\/2019\/07\/dirk_profil-300x300.jpg","url":"https:\/\/www.bachhausen.de\/wp-content\/uploads\/2019\/07\/dirk_profil-300x300.jpg","width":600,"height":60}},"image":{"@type":"ImageObject","@id":"https:\/\/www.bachhausen.de\/wp-content\/uploads\/2023\/09\/Zeitungsleser.webp","url":"https:\/\/www.bachhausen.de\/wp-content\/uploads\/2023\/09\/Zeitungsleser.webp","height":534,"width":800},"wordCount":229,"keywords":["erhohung","grunanlagen","nahmen","sauberkeit","sicherheit","spielplatzen"]}]},{"@context":"https:\/\/schema.org","@type":"WebSite","@id":"https:\/\/www.bachhausen.de\/#website","name":"Dirk Bachhausen","url":"https:\/\/www.bachhausen.de","potentialAction":{"@type":"SearchAction","target":"https:\/\/www.bachhausen.de\/?s={search_term_string}","query-input":"required name=search_term_string"}}]