[{"@context":"https:\/\/schema.org\/","@type":"Blog","@id":"https:\/\/www.bachhausen.de#Blog","headline":"Dirk Bachhausen","description":"Sagen, was ist. \u2013 Tun, was man sagt. \u2013 Und sein, was man tut.","url":"https:\/\/www.bachhausen.de","hasPart":[{"@type":"NewsArticle","@id":"https:\/\/www.bachhausen.de\/neues-bewegungsangebot-in-merkenich-geplant\/","headline":"Neues Bewegungsangebot in Merkenich geplant","url":"https:\/\/www.bachhausen.de\/neues-bewegungsangebot-in-merkenich-geplant\/","datePublished":"2024-05-21","dateModified":"2024-05-21","mainEntityOfPage":"https:\/\/www.bachhausen.de\/neues-bewegungsangebot-in-merkenich-geplant\/","author":{"@type":"Person","@id":"##Person","name":"SPD K\u00f6ln","url":"#","identifier":4,"image":{"@type":"ImageObject","@id":"https:\/\/secure.gravatar.com\/avatar\/9e275a42f0e2d615e7358ea63859947f3ea63517a2bcb7a2b26010d9ca858396?s=96&d=monsterid&r=g","url":"https:\/\/secure.gravatar.com\/avatar\/9e275a42f0e2d615e7358ea63859947f3ea63517a2bcb7a2b26010d9ca858396?s=96&d=monsterid&r=g","height":96,"width":96}},"publisher":{"@type":"Person","name":"Dirk Bachhausen","image":{"@type":"ImageObject","@id":"https:\/\/www.bachhausen.de\/wp-content\/uploads\/2019\/07\/dirk_profil-300x300.jpg","url":"https:\/\/www.bachhausen.de\/wp-content\/uploads\/2019\/07\/dirk_profil-300x300.jpg","width":600,"height":60}},"image":{"@type":"ImageObject","@id":"https:\/\/www.bachhausen.de\/wp-content\/uploads\/2023\/09\/Zeitungsleser.webp","url":"https:\/\/www.bachhausen.de\/wp-content\/uploads\/2023\/09\/Zeitungsleser.webp","height":534,"width":800},"wordCount":96,"keywords":["bewegungsangebot","geplant","merkenich","neues"]},{"@type":"NewsArticle","@id":"https:\/\/www.bachhausen.de\/falschinformation-zur-eu-wahl-man-hat-nicht-drei-stimmen-sondern-nur-eine\/","headline":"Falschinformation zur EU-Wahl: Man hat nicht drei Stimmen, sondern nur eine","url":"https:\/\/www.bachhausen.de\/falschinformation-zur-eu-wahl-man-hat-nicht-drei-stimmen-sondern-nur-eine\/","datePublished":"2024-05-21","dateModified":"2024-05-21","mainEntityOfPage":"https:\/\/www.bachhausen.de\/falschinformation-zur-eu-wahl-man-hat-nicht-drei-stimmen-sondern-nur-eine\/","author":{"@type":"Person","@id":"##Person","name":"Correctiv.org","url":"#","identifier":15,"description":"<div class=\"elementor-element elementor-element-3e1bf03c elementor-widget elementor-widget-heading\" data-id=\"3e1bf03c\">\r\n<div class=\"elementor-widget-container\">\r\n<h1 class=\"elementor-heading-title elementor-size-default\">Recherchen f\u00fcr die Gesellschaft und mit der Gesellschaft<\/h1>\r\n<\/div>\r\n<\/div>\r\n<section class=\"elementor-element elementor-element-5be37e09 elementor-section-content-middle elementor-section-boxed elementor-section-height-default elementor-section-height-default elementor-section elementor-inner-section\" data-id=\"5be37e09\">\r\n<div class=\"elementor-container elementor-column-gap-no\">\r\n<div class=\"elementor-row\">\r\n<div class=\"elementor-element elementor-element-63cc7109 elementor-column elementor-col-50 elementor-inner-column\" data-id=\"63cc7109\">\r\n<div class=\"elementor-column-wrap elementor-element-populated\">\r\n<div class=\"elementor-widget-wrap\">\r\n<div class=\"elementor-element elementor-element-7d9688e9 elementor-widget elementor-widget-text-editor\" data-id=\"7d9688e9\">\r\n<div class=\"elementor-widget-container\">\r\n<div class=\"elementor-text-editor elementor-clearfix\">\r\n\r\n<strong>Investigativ. Unabh\u00e4ngig. Gemeinn\u00fctzig.<\/strong>\r\nCORRECTIV\u00a0ist das erste gemeinn\u00fctzige Recherchezentrum im deutschsprachigen Raum. Wir recherchieren langfristig zu Missst\u00e4nden in der Gesellschaft, f\u00f6rdern Medienkompetenz und f\u00fchren Bildungsprogramme durch.\r\n\r\n<a href=\"https:\/\/correctiv.org\/\">https:\/\/correctiv.org\/<\/a>\r\n\r\n<\/div>\r\n<\/div>\r\n<\/div>\r\n<\/div>\r\n<\/div>\r\n<\/div>\r\n<\/div>\r\n<\/div>\r\n<\/section>","image":{"@type":"ImageObject","@id":"https:\/\/secure.gravatar.com\/avatar\/51a6c0962ec4a7a9fff8508f3b6a21069f40fbb9a1ee7294cca7a040ced87b6c?s=96&d=monsterid&r=g","url":"https:\/\/secure.gravatar.com\/avatar\/51a6c0962ec4a7a9fff8508f3b6a21069f40fbb9a1ee7294cca7a040ced87b6c?s=96&d=monsterid&r=g","height":96,"width":96}},"publisher":{"@type":"Person","name":"Dirk Bachhausen","image":{"@type":"ImageObject","@id":"https:\/\/www.bachhausen.de\/wp-content\/uploads\/2019\/07\/dirk_profil-300x300.jpg","url":"https:\/\/www.bachhausen.de\/wp-content\/uploads\/2019\/07\/dirk_profil-300x300.jpg","width":600,"height":60}},"image":{"@type":"ImageObject","@id":"https:\/\/www.bachhausen.de\/wp-content\/uploads\/2024\/05\/behauptung-europawahl-drei-kreuze-tiktok.png","url":"https:\/\/www.bachhausen.de\/wp-content\/uploads\/2024\/05\/behauptung-europawahl-drei-kreuze-tiktok.png","height":719,"width":800},"wordCount":1054,"keywords":["falschinformation","nicht","sondern","stimmen"]},{"@type":"NewsArticle","@id":"https:\/\/www.bachhausen.de\/verkuerztes-video-kritik-an-deutschland-kam-nicht-von-markus-lanz-sondern-war-ein-zitat\/","headline":"Verk\u00fcrztes Video: Kritik an Deutschland kam nicht von Markus Lanz, sondern war ein Zitat","url":"https:\/\/www.bachhausen.de\/verkuerztes-video-kritik-an-deutschland-kam-nicht-von-markus-lanz-sondern-war-ein-zitat\/","datePublished":"2024-05-21","dateModified":"2024-05-21","mainEntityOfPage":"https:\/\/www.bachhausen.de\/verkuerztes-video-kritik-an-deutschland-kam-nicht-von-markus-lanz-sondern-war-ein-zitat\/","author":{"@type":"Person","@id":"##Person","name":"Correctiv.org","url":"#","identifier":15,"description":"<div class=\"elementor-element elementor-element-3e1bf03c elementor-widget elementor-widget-heading\" data-id=\"3e1bf03c\">\r\n<div class=\"elementor-widget-container\">\r\n<h1 class=\"elementor-heading-title elementor-size-default\">Recherchen f\u00fcr die Gesellschaft und mit der Gesellschaft<\/h1>\r\n<\/div>\r\n<\/div>\r\n<section class=\"elementor-element elementor-element-5be37e09 elementor-section-content-middle elementor-section-boxed elementor-section-height-default elementor-section-height-default elementor-section elementor-inner-section\" data-id=\"5be37e09\">\r\n<div class=\"elementor-container elementor-column-gap-no\">\r\n<div class=\"elementor-row\">\r\n<div class=\"elementor-element elementor-element-63cc7109 elementor-column elementor-col-50 elementor-inner-column\" data-id=\"63cc7109\">\r\n<div class=\"elementor-column-wrap elementor-element-populated\">\r\n<div class=\"elementor-widget-wrap\">\r\n<div class=\"elementor-element elementor-element-7d9688e9 elementor-widget elementor-widget-text-editor\" data-id=\"7d9688e9\">\r\n<div class=\"elementor-widget-container\">\r\n<div class=\"elementor-text-editor elementor-clearfix\">\r\n\r\n<strong>Investigativ. Unabh\u00e4ngig. Gemeinn\u00fctzig.<\/strong>\r\nCORRECTIV\u00a0ist das erste gemeinn\u00fctzige Recherchezentrum im deutschsprachigen Raum. Wir recherchieren langfristig zu Missst\u00e4nden in der Gesellschaft, f\u00f6rdern Medienkompetenz und f\u00fchren Bildungsprogramme durch.\r\n\r\n<a href=\"https:\/\/correctiv.org\/\">https:\/\/correctiv.org\/<\/a>\r\n\r\n<\/div>\r\n<\/div>\r\n<\/div>\r\n<\/div>\r\n<\/div>\r\n<\/div>\r\n<\/div>\r\n<\/div>\r\n<\/section>","image":{"@type":"ImageObject","@id":"https:\/\/secure.gravatar.com\/avatar\/51a6c0962ec4a7a9fff8508f3b6a21069f40fbb9a1ee7294cca7a040ced87b6c?s=96&d=monsterid&r=g","url":"https:\/\/secure.gravatar.com\/avatar\/51a6c0962ec4a7a9fff8508f3b6a21069f40fbb9a1ee7294cca7a040ced87b6c?s=96&d=monsterid&r=g","height":96,"width":96}},"publisher":{"@type":"Person","name":"Dirk Bachhausen","image":{"@type":"ImageObject","@id":"https:\/\/www.bachhausen.de\/wp-content\/uploads\/2019\/07\/dirk_profil-300x300.jpg","url":"https:\/\/www.bachhausen.de\/wp-content\/uploads\/2019\/07\/dirk_profil-300x300.jpg","width":600,"height":60}},"image":{"@type":"ImageObject","@id":"https:\/\/correctiv.org\/wp-content\/themes\/correctiv-theme\/img\/rating\/missing_context.svg","url":"https:\/\/correctiv.org\/wp-content\/themes\/correctiv-theme\/img\/rating\/missing_context.svg","height":"","width":""},"wordCount":1043,"keywords":["deutschland","kritik","markus","nicht","sondern","verkurztes","video"]},{"@type":"NewsArticle","@id":"https:\/\/www.bachhausen.de\/warnung-vor-gewitter-und-starkregen-in-koeln\/","headline":"Warnung vor Gewitter und Starkregen in K\u00f6ln","url":"https:\/\/www.bachhausen.de\/warnung-vor-gewitter-und-starkregen-in-koeln\/","datePublished":"2024-05-21","dateModified":"2024-05-21","mainEntityOfPage":"https:\/\/www.bachhausen.de\/warnung-vor-gewitter-und-starkregen-in-koeln\/","author":{"@type":"Person","@id":"##Person","name":"Report K","url":"#","identifier":20,"image":{"@type":"ImageObject","@id":"https:\/\/secure.gravatar.com\/avatar\/36af2c4c1f6de1245282e2f6d3e4483d8c1fb911663df347a69e69f7ff897aac?s=96&d=monsterid&r=g","url":"https:\/\/secure.gravatar.com\/avatar\/36af2c4c1f6de1245282e2f6d3e4483d8c1fb911663df347a69e69f7ff897aac?s=96&d=monsterid&r=g","height":96,"width":96}},"publisher":{"@type":"Person","name":"Dirk Bachhausen","image":{"@type":"ImageObject","@id":"https:\/\/www.bachhausen.de\/wp-content\/uploads\/2019\/07\/dirk_profil-300x300.jpg","url":"https:\/\/www.bachhausen.de\/wp-content\/uploads\/2019\/07\/dirk_profil-300x300.jpg","width":600,"height":60}},"image":{"@type":"ImageObject","@id":"https:\/\/www.bachhausen.de\/wp-content\/uploads\/2024\/05\/starkregen_K_02052024.jpg","url":"https:\/\/www.bachhausen.de\/wp-content\/uploads\/2024\/05\/starkregen_K_02052024.jpg","height":768,"width":1024},"wordCount":170,"keywords":["gewitter","starkregen","warnung"]},{"@type":"NewsArticle","@id":"https:\/\/www.bachhausen.de\/stadt-koeln-beichtet-europawahl-lapsus-und-kann-wahlen-nicht-fehlerfrei-organisieren\/","headline":"Stadt K\u00f6ln beichtet Europawahl-Lapsus und kann Wahlen nicht fehlerfrei organisieren","url":"https:\/\/www.bachhausen.de\/stadt-koeln-beichtet-europawahl-lapsus-und-kann-wahlen-nicht-fehlerfrei-organisieren\/","datePublished":"2024-05-21","dateModified":"2024-05-21","mainEntityOfPage":"https:\/\/www.bachhausen.de\/stadt-koeln-beichtet-europawahl-lapsus-und-kann-wahlen-nicht-fehlerfrei-organisieren\/","author":{"@type":"Person","@id":"##Person","name":"Report K","url":"#","identifier":20,"image":{"@type":"ImageObject","@id":"https:\/\/secure.gravatar.com\/avatar\/36af2c4c1f6de1245282e2f6d3e4483d8c1fb911663df347a69e69f7ff897aac?s=96&d=monsterid&r=g","url":"https:\/\/secure.gravatar.com\/avatar\/36af2c4c1f6de1245282e2f6d3e4483d8c1fb911663df347a69e69f7ff897aac?s=96&d=monsterid&r=g","height":96,"width":96}},"publisher":{"@type":"Person","name":"Dirk Bachhausen","image":{"@type":"ImageObject","@id":"https:\/\/www.bachhausen.de\/wp-content\/uploads\/2019\/07\/dirk_profil-300x300.jpg","url":"https:\/\/www.bachhausen.de\/wp-content\/uploads\/2019\/07\/dirk_profil-300x300.jpg","width":600,"height":60}},"image":{"@type":"ImageObject","@id":"https:\/\/www.bachhausen.de\/wp-content\/uploads\/2024\/05\/wahl_gebaude_15052022.jpg","url":"https:\/\/www.bachhausen.de\/wp-content\/uploads\/2024\/05\/wahl_gebaude_15052022.jpg","height":768,"width":1064},"wordCount":411,"keywords":["beichtet","europawahl","fehlerfrei","lapsus","nicht","stadt","wahlen"]},{"@type":"NewsArticle","@id":"https:\/\/www.bachhausen.de\/debatte-in-der-bv-chorweiler-kreuzung-in-pesch-verkehrsinseln-zebrastreifen-oder-beides\/","headline":"Debatte in der BV Chorweiler: Kreuzung in Pesch: Verkehrsinseln, Zebrastreifen oder beides?","url":"https:\/\/www.bachhausen.de\/debatte-in-der-bv-chorweiler-kreuzung-in-pesch-verkehrsinseln-zebrastreifen-oder-beides\/","datePublished":"2024-05-20","dateModified":"2024-05-20","mainEntityOfPage":"https:\/\/www.bachhausen.de\/debatte-in-der-bv-chorweiler-kreuzung-in-pesch-verkehrsinseln-zebrastreifen-oder-beides\/","author":{"@type":"Person","@id":"##Person","name":"K\u00f6lner Stadtanzeiger","url":"#","identifier":3,"description":"Der K\u00f6lner Stadtanzeiger","image":{"@type":"ImageObject","@id":"https:\/\/secure.gravatar.com\/avatar\/a3f43e8250594c4ed8be9e86201eefa6cc06ef89c032788db696432ac7e77173?s=96&d=monsterid&r=g","url":"https:\/\/secure.gravatar.com\/avatar\/a3f43e8250594c4ed8be9e86201eefa6cc06ef89c032788db696432ac7e77173?s=96&d=monsterid&r=g","height":96,"width":96}},"publisher":{"@type":"Person","name":"Dirk Bachhausen","image":{"@type":"ImageObject","@id":"https:\/\/www.bachhausen.de\/wp-content\/uploads\/2019\/07\/dirk_profil-300x300.jpg","url":"https:\/\/www.bachhausen.de\/wp-content\/uploads\/2019\/07\/dirk_profil-300x300.jpg","width":600,"height":60}},"image":{"@type":"ImageObject","@id":"https:\/\/www.bachhausen.de\/wp-content\/uploads\/2023\/09\/Zeitungsleser.webp","url":"https:\/\/www.bachhausen.de\/wp-content\/uploads\/2023\/09\/Zeitungsleser.webp","height":534,"width":800},"wordCount":45,"keywords":["beides","chorweiler","debatte","kreuzung","pesch","verkehrsinseln","zebrastreifen"]},{"@type":"NewsArticle","@id":"https:\/\/www.bachhausen.de\/bedauerlich-aok-und-bezirkspolitik-stellen-sich-hinter-kuemmerei-in-chorweiler\/","headline":"\u201eBedauerlich\u201c: AOK und Bezirkspolitik stellen sich hinter \u201eK\u00fcmmerei\u201c in Chorweiler","url":"https:\/\/www.bachhausen.de\/bedauerlich-aok-und-bezirkspolitik-stellen-sich-hinter-kuemmerei-in-chorweiler\/","datePublished":"2024-05-19","dateModified":"2024-05-19","mainEntityOfPage":"https:\/\/www.bachhausen.de\/bedauerlich-aok-und-bezirkspolitik-stellen-sich-hinter-kuemmerei-in-chorweiler\/","author":{"@type":"Person","@id":"##Person","name":"K\u00f6lner Stadtanzeiger","url":"#","identifier":3,"description":"Der K\u00f6lner Stadtanzeiger","image":{"@type":"ImageObject","@id":"https:\/\/secure.gravatar.com\/avatar\/a3f43e8250594c4ed8be9e86201eefa6cc06ef89c032788db696432ac7e77173?s=96&d=monsterid&r=g","url":"https:\/\/secure.gravatar.com\/avatar\/a3f43e8250594c4ed8be9e86201eefa6cc06ef89c032788db696432ac7e77173?s=96&d=monsterid&r=g","height":96,"width":96}},"publisher":{"@type":"Person","name":"Dirk Bachhausen","image":{"@type":"ImageObject","@id":"https:\/\/www.bachhausen.de\/wp-content\/uploads\/2019\/07\/dirk_profil-300x300.jpg","url":"https:\/\/www.bachhausen.de\/wp-content\/uploads\/2019\/07\/dirk_profil-300x300.jpg","width":600,"height":60}},"image":{"@type":"ImageObject","@id":"https:\/\/www.bachhausen.de\/wp-content\/uploads\/2023\/09\/Zeitungsleser.webp","url":"https:\/\/www.bachhausen.de\/wp-content\/uploads\/2023\/09\/Zeitungsleser.webp","height":534,"width":800},"wordCount":131,"keywords":["bedauerlich","bezirkspolitik","chorweiler","hinter","kummerei","stellen"]},{"@type":"NewsArticle","@id":"https:\/\/www.bachhausen.de\/wassermassen-aus-dem-suedwesten-lassen-koelner-rheinpegel-ansteigen\/","headline":"Wassermassen aus dem S\u00fcdwesten lassen K\u00f6lner Rheinpegel ansteigen","url":"https:\/\/www.bachhausen.de\/wassermassen-aus-dem-suedwesten-lassen-koelner-rheinpegel-ansteigen\/","datePublished":"2024-05-19","dateModified":"2024-05-19","mainEntityOfPage":"https:\/\/www.bachhausen.de\/wassermassen-aus-dem-suedwesten-lassen-koelner-rheinpegel-ansteigen\/","author":{"@type":"Person","@id":"##Person","name":"Report K","url":"#","identifier":20,"image":{"@type":"ImageObject","@id":"https:\/\/secure.gravatar.com\/avatar\/36af2c4c1f6de1245282e2f6d3e4483d8c1fb911663df347a69e69f7ff897aac?s=96&d=monsterid&r=g","url":"https:\/\/secure.gravatar.com\/avatar\/36af2c4c1f6de1245282e2f6d3e4483d8c1fb911663df347a69e69f7ff897aac?s=96&d=monsterid&r=g","height":96,"width":96}},"publisher":{"@type":"Person","name":"Dirk Bachhausen","image":{"@type":"ImageObject","@id":"https:\/\/www.bachhausen.de\/wp-content\/uploads\/2019\/07\/dirk_profil-300x300.jpg","url":"https:\/\/www.bachhausen.de\/wp-content\/uploads\/2019\/07\/dirk_profil-300x300.jpg","width":600,"height":60}},"image":{"@type":"ImageObject","@id":"https:\/\/www.bachhausen.de\/wp-content\/uploads\/2021\/10\/flut_11102021.jpg","url":"https:\/\/www.bachhausen.de\/wp-content\/uploads\/2021\/10\/flut_11102021.jpg","height":0,"width":0},"wordCount":343,"keywords":["ansteigen","kolner","lassen","rheinpegel","sudwesten","wassermassen"]}]},{"@context":"https:\/\/schema.org","@type":"WebSite","@id":"https:\/\/www.bachhausen.de\/#website","name":"Dirk Bachhausen","url":"https:\/\/www.bachhausen.de","potentialAction":{"@type":"SearchAction","target":"https:\/\/www.bachhausen.de\/?s={search_term_string}","query-input":"required name=search_term_string"}}]