[{"@context":"https:\/\/schema.org\/","@type":"Blog","@id":"https:\/\/www.bachhausen.de#Blog","headline":"Dirk Bachhausen","description":"Sagen, was ist. \u2013 Tun, was man sagt. \u2013 Und sein, was man tut.","url":"https:\/\/www.bachhausen.de","hasPart":[{"@type":"NewsArticle","@id":"https:\/\/www.bachhausen.de\/parteitaktik-schlaegt-erfahrung-und-alle-klatschen-brav\/","headline":"Parteitaktik schl\u00e4gt Erfahrung \u2013 und alle klatschen brav","url":"https:\/\/www.bachhausen.de\/parteitaktik-schlaegt-erfahrung-und-alle-klatschen-brav\/","datePublished":"2026-04-27","dateModified":"2026-04-27","mainEntityOfPage":"https:\/\/www.bachhausen.de\/parteitaktik-schlaegt-erfahrung-und-alle-klatschen-brav\/","author":{"@type":"Person","@id":"##Person","name":"Dirk Bachhausen","url":"#","identifier":22,"image":{"@type":"ImageObject","@id":"https:\/\/secure.gravatar.com\/avatar\/93ae70f78458966061adb399322453e29dbd2355588a233ff1df8b839ed01f72?s=96&d=monsterid&r=g","url":"https:\/\/secure.gravatar.com\/avatar\/93ae70f78458966061adb399322453e29dbd2355588a233ff1df8b839ed01f72?s=96&d=monsterid&r=g","height":96,"width":96}},"publisher":{"@type":"Person","name":"Dirk Bachhausen","image":{"@type":"ImageObject","@id":"https:\/\/www.bachhausen.de\/wp-content\/uploads\/2019\/07\/dirk_profil-300x300.jpg","url":"https:\/\/www.bachhausen.de\/wp-content\/uploads\/2019\/07\/dirk_profil-300x300.jpg","width":600,"height":60}},"image":{"@type":"ImageObject","@id":"https:\/\/www.bachhausen.de\/wp-content\/uploads\/2019\/07\/dirk_profil-300x300.jpg","url":"https:\/\/www.bachhausen.de\/wp-content\/uploads\/2019\/07\/dirk_profil-300x300.jpg","width":100,"height":100},"wordCount":306,"keywords":null},{"@type":"NewsArticle","@id":"https:\/\/www.bachhausen.de\/mopop-die-queer-feministische-kuenstlerin-peaches-es-kommen-auch-wieder-andere-zeiten\/","headline":"(MOPOP) Die queer-feministische K\u00fcnstlerin Peaches: &#8220;Es kommen auch wieder andere Zeiten&#8221;","url":"https:\/\/www.bachhausen.de\/mopop-die-queer-feministische-kuenstlerin-peaches-es-kommen-auch-wieder-andere-zeiten\/","datePublished":"2026-04-27","dateModified":"2026-04-27","mainEntityOfPage":"https:\/\/www.bachhausen.de\/mopop-die-queer-feministische-kuenstlerin-peaches-es-kommen-auch-wieder-andere-zeiten\/","author":{"@type":"Person","@id":"##Person","name":"Redaktion","url":"#","identifier":19,"image":{"@type":"ImageObject","@id":"https:\/\/secure.gravatar.com\/avatar\/?s=96&d=monsterid&r=g","url":"https:\/\/secure.gravatar.com\/avatar\/?s=96&d=monsterid&r=g","height":96,"width":96}},"publisher":{"@type":"Person","name":"Dirk Bachhausen","image":{"@type":"ImageObject","@id":"https:\/\/www.bachhausen.de\/wp-content\/uploads\/2019\/07\/dirk_profil-300x300.jpg","url":"https:\/\/www.bachhausen.de\/wp-content\/uploads\/2019\/07\/dirk_profil-300x300.jpg","width":600,"height":60}},"image":{"@type":"ImageObject","@id":"https:\/\/www.bachhausen.de\/wp-content\/uploads\/2019\/07\/dirk_profil-300x300.jpg","url":"https:\/\/www.bachhausen.de\/wp-content\/uploads\/2019\/07\/dirk_profil-300x300.jpg","width":100,"height":100},"wordCount":35,"keywords":null},{"@type":"NewsArticle","@id":"https:\/\/www.bachhausen.de\/t-online-streng-genommen-bin-ich-der-erfinder-der-koelschen-rock-musik\/","headline":"(t-online) &#8220;Streng genommen bin ich der Erfinder der k\u00f6lschen Rock-Musik&#8221;","url":"https:\/\/www.bachhausen.de\/t-online-streng-genommen-bin-ich-der-erfinder-der-koelschen-rock-musik\/","datePublished":"2026-04-27","dateModified":"2026-04-27","mainEntityOfPage":"https:\/\/www.bachhausen.de\/t-online-streng-genommen-bin-ich-der-erfinder-der-koelschen-rock-musik\/","author":{"@type":"Person","@id":"##Person","name":"Redaktion","url":"#","identifier":19,"image":{"@type":"ImageObject","@id":"https:\/\/secure.gravatar.com\/avatar\/?s=96&d=monsterid&r=g","url":"https:\/\/secure.gravatar.com\/avatar\/?s=96&d=monsterid&r=g","height":96,"width":96}},"publisher":{"@type":"Person","name":"Dirk Bachhausen","image":{"@type":"ImageObject","@id":"https:\/\/www.bachhausen.de\/wp-content\/uploads\/2019\/07\/dirk_profil-300x300.jpg","url":"https:\/\/www.bachhausen.de\/wp-content\/uploads\/2019\/07\/dirk_profil-300x300.jpg","width":600,"height":60}},"image":{"@type":"ImageObject","@id":"https:\/\/www.bachhausen.de\/wp-content\/uploads\/2019\/07\/dirk_profil-300x300.jpg","url":"https:\/\/www.bachhausen.de\/wp-content\/uploads\/2019\/07\/dirk_profil-300x300.jpg","width":100,"height":100},"wordCount":43,"keywords":null},{"@type":"NewsArticle","@id":"https:\/\/www.bachhausen.de\/5min-at-kuenstlerin-laesst-sich-queer-feministische-texte-live-taetowieren\/","headline":"(5min.at) K\u00fcnstlerin l\u00e4sst sich queer-feministische Texte live t\u00e4towieren","url":"https:\/\/www.bachhausen.de\/5min-at-kuenstlerin-laesst-sich-queer-feministische-texte-live-taetowieren\/","datePublished":"2026-04-27","dateModified":"2026-04-27","mainEntityOfPage":"https:\/\/www.bachhausen.de\/5min-at-kuenstlerin-laesst-sich-queer-feministische-texte-live-taetowieren\/","author":{"@type":"Person","@id":"##Person","name":"Redaktion","url":"#","identifier":19,"image":{"@type":"ImageObject","@id":"https:\/\/secure.gravatar.com\/avatar\/?s=96&d=monsterid&r=g","url":"https:\/\/secure.gravatar.com\/avatar\/?s=96&d=monsterid&r=g","height":96,"width":96}},"publisher":{"@type":"Person","name":"Dirk Bachhausen","image":{"@type":"ImageObject","@id":"https:\/\/www.bachhausen.de\/wp-content\/uploads\/2019\/07\/dirk_profil-300x300.jpg","url":"https:\/\/www.bachhausen.de\/wp-content\/uploads\/2019\/07\/dirk_profil-300x300.jpg","width":600,"height":60}},"image":{"@type":"ImageObject","@id":"https:\/\/www.bachhausen.de\/wp-content\/uploads\/2019\/07\/dirk_profil-300x300.jpg","url":"https:\/\/www.bachhausen.de\/wp-content\/uploads\/2019\/07\/dirk_profil-300x300.jpg","width":100,"height":100},"wordCount":46,"keywords":null},{"@type":"NewsArticle","@id":"https:\/\/www.bachhausen.de\/latina-press-in-brasilien-befindet-sich-der-schwulste-strand-der-welt\/","headline":"(latina press) In Brasilien befindet sich der &#8220;schwulste Strand der Welt&#8221;","url":"https:\/\/www.bachhausen.de\/latina-press-in-brasilien-befindet-sich-der-schwulste-strand-der-welt\/","datePublished":"2026-04-27","dateModified":"2026-04-27","mainEntityOfPage":"https:\/\/www.bachhausen.de\/latina-press-in-brasilien-befindet-sich-der-schwulste-strand-der-welt\/","author":{"@type":"Person","@id":"##Person","name":"Redaktion","url":"#","identifier":19,"image":{"@type":"ImageObject","@id":"https:\/\/secure.gravatar.com\/avatar\/?s=96&d=monsterid&r=g","url":"https:\/\/secure.gravatar.com\/avatar\/?s=96&d=monsterid&r=g","height":96,"width":96}},"publisher":{"@type":"Person","name":"Dirk Bachhausen","image":{"@type":"ImageObject","@id":"https:\/\/www.bachhausen.de\/wp-content\/uploads\/2019\/07\/dirk_profil-300x300.jpg","url":"https:\/\/www.bachhausen.de\/wp-content\/uploads\/2019\/07\/dirk_profil-300x300.jpg","width":600,"height":60}},"image":{"@type":"ImageObject","@id":"https:\/\/www.bachhausen.de\/wp-content\/uploads\/2019\/07\/dirk_profil-300x300.jpg","url":"https:\/\/www.bachhausen.de\/wp-content\/uploads\/2019\/07\/dirk_profil-300x300.jpg","width":100,"height":100},"wordCount":63,"keywords":null},{"@type":"NewsArticle","@id":"https:\/\/www.bachhausen.de\/st-galler-tagblatt-mehr-gaeste-als-bei-der-premiere-lichtensteig-feiert-farbenfrohe-pride\/","headline":"(St. Galler Tagblatt) Mehr G\u00e4ste als bei der Premiere: Lichtensteig feiert farbenfrohe Pride","url":"https:\/\/www.bachhausen.de\/st-galler-tagblatt-mehr-gaeste-als-bei-der-premiere-lichtensteig-feiert-farbenfrohe-pride\/","datePublished":"2026-04-27","dateModified":"2026-04-27","mainEntityOfPage":"https:\/\/www.bachhausen.de\/st-galler-tagblatt-mehr-gaeste-als-bei-der-premiere-lichtensteig-feiert-farbenfrohe-pride\/","author":{"@type":"Person","@id":"##Person","name":"Redaktion","url":"#","identifier":19,"image":{"@type":"ImageObject","@id":"https:\/\/secure.gravatar.com\/avatar\/?s=96&d=monsterid&r=g","url":"https:\/\/secure.gravatar.com\/avatar\/?s=96&d=monsterid&r=g","height":96,"width":96}},"publisher":{"@type":"Person","name":"Dirk Bachhausen","image":{"@type":"ImageObject","@id":"https:\/\/www.bachhausen.de\/wp-content\/uploads\/2019\/07\/dirk_profil-300x300.jpg","url":"https:\/\/www.bachhausen.de\/wp-content\/uploads\/2019\/07\/dirk_profil-300x300.jpg","width":600,"height":60}},"image":{"@type":"ImageObject","@id":"https:\/\/www.bachhausen.de\/wp-content\/uploads\/2019\/07\/dirk_profil-300x300.jpg","url":"https:\/\/www.bachhausen.de\/wp-content\/uploads\/2019\/07\/dirk_profil-300x300.jpg","width":100,"height":100},"wordCount":54,"keywords":null},{"@type":"NewsArticle","@id":"https:\/\/www.bachhausen.de\/taz-queerfeindlichkeit-in-polen-wo-bleibt-die-ehe-fuer-alle\/","headline":"(taz) Queerfeindlichkeit in Polen: Wo bleibt die Ehe f\u00fcr alle?","url":"https:\/\/www.bachhausen.de\/taz-queerfeindlichkeit-in-polen-wo-bleibt-die-ehe-fuer-alle\/","datePublished":"2026-04-27","dateModified":"2026-04-27","mainEntityOfPage":"https:\/\/www.bachhausen.de\/taz-queerfeindlichkeit-in-polen-wo-bleibt-die-ehe-fuer-alle\/","author":{"@type":"Person","@id":"##Person","name":"Redaktion","url":"#","identifier":19,"image":{"@type":"ImageObject","@id":"https:\/\/secure.gravatar.com\/avatar\/?s=96&d=monsterid&r=g","url":"https:\/\/secure.gravatar.com\/avatar\/?s=96&d=monsterid&r=g","height":96,"width":96}},"publisher":{"@type":"Person","name":"Dirk Bachhausen","image":{"@type":"ImageObject","@id":"https:\/\/www.bachhausen.de\/wp-content\/uploads\/2019\/07\/dirk_profil-300x300.jpg","url":"https:\/\/www.bachhausen.de\/wp-content\/uploads\/2019\/07\/dirk_profil-300x300.jpg","width":600,"height":60}},"image":{"@type":"ImageObject","@id":"https:\/\/www.bachhausen.de\/wp-content\/uploads\/2019\/07\/dirk_profil-300x300.jpg","url":"https:\/\/www.bachhausen.de\/wp-content\/uploads\/2019\/07\/dirk_profil-300x300.jpg","width":100,"height":100},"wordCount":30,"keywords":null},{"@type":"NewsArticle","@id":"https:\/\/www.bachhausen.de\/koeln-chorweiler-buerger-kuendigen-klage-gegen-geplante-klaerschlammverbrennung-in-merkenich-an\/","headline":"K\u00f6ln-Chorweiler: B\u00fcrger k\u00fcndigen Klage gegen geplante Kl\u00e4rschlammverbrennung in Merkenich an","url":"https:\/\/www.bachhausen.de\/koeln-chorweiler-buerger-kuendigen-klage-gegen-geplante-klaerschlammverbrennung-in-merkenich-an\/","datePublished":"2026-04-26","dateModified":"2026-04-26","mainEntityOfPage":"https:\/\/www.bachhausen.de\/koeln-chorweiler-buerger-kuendigen-klage-gegen-geplante-klaerschlammverbrennung-in-merkenich-an\/","author":{"@type":"Person","@id":"##Person","name":"K\u00f6lner Stadtanzeiger","url":"#","identifier":3,"description":"Der K\u00f6lner Stadtanzeiger","image":{"@type":"ImageObject","@id":"https:\/\/secure.gravatar.com\/avatar\/a3f43e8250594c4ed8be9e86201eefa6cc06ef89c032788db696432ac7e77173?s=96&d=monsterid&r=g","url":"https:\/\/secure.gravatar.com\/avatar\/a3f43e8250594c4ed8be9e86201eefa6cc06ef89c032788db696432ac7e77173?s=96&d=monsterid&r=g","height":96,"width":96}},"publisher":{"@type":"Person","name":"Dirk Bachhausen","image":{"@type":"ImageObject","@id":"https:\/\/www.bachhausen.de\/wp-content\/uploads\/2019\/07\/dirk_profil-300x300.jpg","url":"https:\/\/www.bachhausen.de\/wp-content\/uploads\/2019\/07\/dirk_profil-300x300.jpg","width":600,"height":60}},"image":{"@type":"ImageObject","@id":"https:\/\/www.bachhausen.de\/wp-content\/uploads\/2019\/07\/dirk_profil-300x300.jpg","url":"https:\/\/www.bachhausen.de\/wp-content\/uploads\/2019\/07\/dirk_profil-300x300.jpg","width":100,"height":100},"wordCount":21,"keywords":null},{"@type":"NewsArticle","@id":"https:\/\/www.bachhausen.de\/rnd-segnung-homosexueller-paare-am-rande-des-erlaubten\/","headline":"(RND) Segnung homosexueller Paare: Am Rande des Erlaubten","url":"https:\/\/www.bachhausen.de\/rnd-segnung-homosexueller-paare-am-rande-des-erlaubten\/","datePublished":"2026-04-26","dateModified":"2026-04-26","mainEntityOfPage":"https:\/\/www.bachhausen.de\/rnd-segnung-homosexueller-paare-am-rande-des-erlaubten\/","author":{"@type":"Person","@id":"##Person","name":"Redaktion","url":"#","identifier":19,"image":{"@type":"ImageObject","@id":"https:\/\/secure.gravatar.com\/avatar\/?s=96&d=monsterid&r=g","url":"https:\/\/secure.gravatar.com\/avatar\/?s=96&d=monsterid&r=g","height":96,"width":96}},"publisher":{"@type":"Person","name":"Dirk Bachhausen","image":{"@type":"ImageObject","@id":"https:\/\/www.bachhausen.de\/wp-content\/uploads\/2019\/07\/dirk_profil-300x300.jpg","url":"https:\/\/www.bachhausen.de\/wp-content\/uploads\/2019\/07\/dirk_profil-300x300.jpg","width":600,"height":60}},"image":{"@type":"ImageObject","@id":"https:\/\/www.bachhausen.de\/wp-content\/uploads\/2019\/07\/dirk_profil-300x300.jpg","url":"https:\/\/www.bachhausen.de\/wp-content\/uploads\/2019\/07\/dirk_profil-300x300.jpg","width":100,"height":100},"wordCount":66,"keywords":null},{"@type":"NewsArticle","@id":"https:\/\/www.bachhausen.de\/kurier-esc-spaziergang-in-wien-wenn-die-stadt-zur-grossen-buehne-wird\/","headline":"(Kurier) ESC-Spaziergang in Wien: Wenn die Stadt zur gro\u00dfen B\u00fchne wird","url":"https:\/\/www.bachhausen.de\/kurier-esc-spaziergang-in-wien-wenn-die-stadt-zur-grossen-buehne-wird\/","datePublished":"2026-04-26","dateModified":"2026-04-26","mainEntityOfPage":"https:\/\/www.bachhausen.de\/kurier-esc-spaziergang-in-wien-wenn-die-stadt-zur-grossen-buehne-wird\/","author":{"@type":"Person","@id":"##Person","name":"Redaktion","url":"#","identifier":19,"image":{"@type":"ImageObject","@id":"https:\/\/secure.gravatar.com\/avatar\/?s=96&d=monsterid&r=g","url":"https:\/\/secure.gravatar.com\/avatar\/?s=96&d=monsterid&r=g","height":96,"width":96}},"publisher":{"@type":"Person","name":"Dirk Bachhausen","image":{"@type":"ImageObject","@id":"https:\/\/www.bachhausen.de\/wp-content\/uploads\/2019\/07\/dirk_profil-300x300.jpg","url":"https:\/\/www.bachhausen.de\/wp-content\/uploads\/2019\/07\/dirk_profil-300x300.jpg","width":600,"height":60}},"image":{"@type":"ImageObject","@id":"https:\/\/www.bachhausen.de\/wp-content\/uploads\/2019\/07\/dirk_profil-300x300.jpg","url":"https:\/\/www.bachhausen.de\/wp-content\/uploads\/2019\/07\/dirk_profil-300x300.jpg","width":100,"height":100},"wordCount":30,"keywords":null}]},{"@context":"https:\/\/schema.org","@type":"WebSite","@id":"https:\/\/www.bachhausen.de\/#website","name":"Dirk Bachhausen","url":"https:\/\/www.bachhausen.de","potentialAction":{"@type":"SearchAction","target":"https:\/\/www.bachhausen.de\/?s={search_term_string}","query-input":"required name=search_term_string"}}]