[{"@context":"https:\/\/schema.org\/","@type":"Blog","@id":"https:\/\/www.bachhausen.de#Blog","headline":"Dirk Bachhausen","description":"Sagen, was ist. \u2013 Tun, was man sagt. \u2013 Und sein, was man tut.","url":"https:\/\/www.bachhausen.de","hasPart":[{"@type":"NewsArticle","@id":"https:\/\/www.bachhausen.de\/taz-aktivist-ueber-queerfeindlichkeit-die-homophobe-fratze-des-politischen-establishments\/","headline":"(taz) Aktivist \u00fcber Queerfeindlichkeit: &#8220;Die homophobe Fratze des politischen Establishments&#8221;","url":"https:\/\/www.bachhausen.de\/taz-aktivist-ueber-queerfeindlichkeit-die-homophobe-fratze-des-politischen-establishments\/","datePublished":"2026-04-24","dateModified":"2026-04-24","mainEntityOfPage":"https:\/\/www.bachhausen.de\/taz-aktivist-ueber-queerfeindlichkeit-die-homophobe-fratze-des-politischen-establishments\/","author":{"@type":"Person","@id":"##Person","name":"Redaktion","url":"#","identifier":19,"image":{"@type":"ImageObject","@id":"https:\/\/secure.gravatar.com\/avatar\/?s=96&d=monsterid&r=g","url":"https:\/\/secure.gravatar.com\/avatar\/?s=96&d=monsterid&r=g","height":96,"width":96}},"publisher":{"@type":"Person","name":"Dirk Bachhausen","image":{"@type":"ImageObject","@id":"https:\/\/www.bachhausen.de\/wp-content\/uploads\/2019\/07\/dirk_profil-300x300.jpg","url":"https:\/\/www.bachhausen.de\/wp-content\/uploads\/2019\/07\/dirk_profil-300x300.jpg","width":600,"height":60}},"image":{"@type":"ImageObject","@id":"https:\/\/www.bachhausen.de\/wp-content\/uploads\/2019\/07\/dirk_profil-300x300.jpg","url":"https:\/\/www.bachhausen.de\/wp-content\/uploads\/2019\/07\/dirk_profil-300x300.jpg","width":100,"height":100},"wordCount":38,"keywords":null},{"@type":"NewsArticle","@id":"https:\/\/www.bachhausen.de\/muenchen-hat-doch-eine-bessere-beteiligung-anmerkungen-zu-olympia-buergerentscheid-in-nrw\/","headline":"M\u00fcnchen hat doch eine bessere Beteiligung: Anmerkungen zu Olympia-B\u00fcrgerentscheid in NRW","url":"https:\/\/www.bachhausen.de\/muenchen-hat-doch-eine-bessere-beteiligung-anmerkungen-zu-olympia-buergerentscheid-in-nrw\/","datePublished":"2026-04-24","dateModified":"2026-04-24","mainEntityOfPage":"https:\/\/www.bachhausen.de\/muenchen-hat-doch-eine-bessere-beteiligung-anmerkungen-zu-olympia-buergerentscheid-in-nrw\/","author":{"@type":"Person","@id":"##Person","name":"Redaktion","url":"#","identifier":19,"image":{"@type":"ImageObject","@id":"https:\/\/secure.gravatar.com\/avatar\/?s=96&d=monsterid&r=g","url":"https:\/\/secure.gravatar.com\/avatar\/?s=96&d=monsterid&r=g","height":96,"width":96}},"publisher":{"@type":"Person","name":"Dirk Bachhausen","image":{"@type":"ImageObject","@id":"https:\/\/www.bachhausen.de\/wp-content\/uploads\/2019\/07\/dirk_profil-300x300.jpg","url":"https:\/\/www.bachhausen.de\/wp-content\/uploads\/2019\/07\/dirk_profil-300x300.jpg","width":600,"height":60}},"image":{"@type":"ImageObject","@id":"https:\/\/www.bachhausen.de\/wp-content\/uploads\/2026\/04\/2026-04-19Olympia_Abstimmung-NRW_Endergebnis-678x381.jpg","url":"https:\/\/www.bachhausen.de\/wp-content\/uploads\/2026\/04\/2026-04-19Olympia_Abstimmung-NRW_Endergebnis-678x381.jpg","height":381,"width":678},"wordCount":435,"keywords":null},{"@type":"NewsArticle","@id":"https:\/\/www.bachhausen.de\/bundestag-debattiert-ueber-correctiv-recherche\/","headline":"Bundestag debattiert \u00fcber CORRECTIV-Recherche","url":"https:\/\/www.bachhausen.de\/bundestag-debattiert-ueber-correctiv-recherche\/","datePublished":"2026-04-24","dateModified":"2026-04-24","mainEntityOfPage":"https:\/\/www.bachhausen.de\/bundestag-debattiert-ueber-correctiv-recherche\/","author":{"@type":"Person","@id":"##Person","name":"Correctiv.org","url":"#","identifier":15,"description":"<div class=\"elementor-element elementor-element-3e1bf03c elementor-widget elementor-widget-heading\" data-id=\"3e1bf03c\">\r\n<div class=\"elementor-widget-container\">\r\n<h1 class=\"elementor-heading-title elementor-size-default\">Recherchen f\u00fcr die Gesellschaft und mit der Gesellschaft<\/h1>\r\n<\/div>\r\n<\/div>\r\n<section class=\"elementor-element elementor-element-5be37e09 elementor-section-content-middle elementor-section-boxed elementor-section-height-default elementor-section-height-default elementor-section elementor-inner-section\" data-id=\"5be37e09\">\r\n<div class=\"elementor-container elementor-column-gap-no\">\r\n<div class=\"elementor-row\">\r\n<div class=\"elementor-element elementor-element-63cc7109 elementor-column elementor-col-50 elementor-inner-column\" data-id=\"63cc7109\">\r\n<div class=\"elementor-column-wrap elementor-element-populated\">\r\n<div class=\"elementor-widget-wrap\">\r\n<div class=\"elementor-element elementor-element-7d9688e9 elementor-widget elementor-widget-text-editor\" data-id=\"7d9688e9\">\r\n<div class=\"elementor-widget-container\">\r\n<div class=\"elementor-text-editor elementor-clearfix\">\r\n\r\n<strong>Investigativ. Unabh\u00e4ngig. Gemeinn\u00fctzig.<\/strong>\r\nCORRECTIV\u00a0ist das erste gemeinn\u00fctzige Recherchezentrum im deutschsprachigen Raum. Wir recherchieren langfristig zu Missst\u00e4nden in der Gesellschaft, f\u00f6rdern Medienkompetenz und f\u00fchren Bildungsprogramme durch.\r\n\r\n<a href=\"https:\/\/correctiv.org\/\">https:\/\/correctiv.org\/<\/a>\r\n\r\n<\/div>\r\n<\/div>\r\n<\/div>\r\n<\/div>\r\n<\/div>\r\n<\/div>\r\n<\/div>\r\n<\/div>\r\n<\/section>","image":{"@type":"ImageObject","@id":"https:\/\/secure.gravatar.com\/avatar\/51a6c0962ec4a7a9fff8508f3b6a21069f40fbb9a1ee7294cca7a040ced87b6c?s=96&d=monsterid&r=g","url":"https:\/\/secure.gravatar.com\/avatar\/51a6c0962ec4a7a9fff8508f3b6a21069f40fbb9a1ee7294cca7a040ced87b6c?s=96&d=monsterid&r=g","height":96,"width":96}},"publisher":{"@type":"Person","name":"Dirk Bachhausen","image":{"@type":"ImageObject","@id":"https:\/\/www.bachhausen.de\/wp-content\/uploads\/2019\/07\/dirk_profil-300x300.jpg","url":"https:\/\/www.bachhausen.de\/wp-content\/uploads\/2019\/07\/dirk_profil-300x300.jpg","width":600,"height":60}},"image":{"@type":"ImageObject","@id":"https:\/\/www.bachhausen.de\/wp-content\/uploads\/2019\/07\/dirk_profil-300x300.jpg","url":"https:\/\/www.bachhausen.de\/wp-content\/uploads\/2019\/07\/dirk_profil-300x300.jpg","width":100,"height":100},"wordCount":811,"keywords":null},{"@type":"NewsArticle","@id":"https:\/\/www.bachhausen.de\/rechtsanspruch-auf-ganztag-kommt-trotz-sparliste-wie-geplant\/","headline":"Rechtsanspruch auf Ganztag kommt trotz Sparliste wie geplant","url":"https:\/\/www.bachhausen.de\/rechtsanspruch-auf-ganztag-kommt-trotz-sparliste-wie-geplant\/","datePublished":"2026-04-24","dateModified":"2026-04-24","mainEntityOfPage":"https:\/\/www.bachhausen.de\/rechtsanspruch-auf-ganztag-kommt-trotz-sparliste-wie-geplant\/","author":{"@type":"Person","@id":"##Person","name":"Correctiv.org","url":"#","identifier":15,"description":"<div class=\"elementor-element elementor-element-3e1bf03c elementor-widget elementor-widget-heading\" data-id=\"3e1bf03c\">\r\n<div class=\"elementor-widget-container\">\r\n<h1 class=\"elementor-heading-title elementor-size-default\">Recherchen f\u00fcr die Gesellschaft und mit der Gesellschaft<\/h1>\r\n<\/div>\r\n<\/div>\r\n<section class=\"elementor-element elementor-element-5be37e09 elementor-section-content-middle elementor-section-boxed elementor-section-height-default elementor-section-height-default elementor-section elementor-inner-section\" data-id=\"5be37e09\">\r\n<div class=\"elementor-container elementor-column-gap-no\">\r\n<div class=\"elementor-row\">\r\n<div class=\"elementor-element elementor-element-63cc7109 elementor-column elementor-col-50 elementor-inner-column\" data-id=\"63cc7109\">\r\n<div class=\"elementor-column-wrap elementor-element-populated\">\r\n<div class=\"elementor-widget-wrap\">\r\n<div class=\"elementor-element elementor-element-7d9688e9 elementor-widget elementor-widget-text-editor\" data-id=\"7d9688e9\">\r\n<div class=\"elementor-widget-container\">\r\n<div class=\"elementor-text-editor elementor-clearfix\">\r\n\r\n<strong>Investigativ. Unabh\u00e4ngig. Gemeinn\u00fctzig.<\/strong>\r\nCORRECTIV\u00a0ist das erste gemeinn\u00fctzige Recherchezentrum im deutschsprachigen Raum. Wir recherchieren langfristig zu Missst\u00e4nden in der Gesellschaft, f\u00f6rdern Medienkompetenz und f\u00fchren Bildungsprogramme durch.\r\n\r\n<a href=\"https:\/\/correctiv.org\/\">https:\/\/correctiv.org\/<\/a>\r\n\r\n<\/div>\r\n<\/div>\r\n<\/div>\r\n<\/div>\r\n<\/div>\r\n<\/div>\r\n<\/div>\r\n<\/div>\r\n<\/section>","image":{"@type":"ImageObject","@id":"https:\/\/secure.gravatar.com\/avatar\/51a6c0962ec4a7a9fff8508f3b6a21069f40fbb9a1ee7294cca7a040ced87b6c?s=96&d=monsterid&r=g","url":"https:\/\/secure.gravatar.com\/avatar\/51a6c0962ec4a7a9fff8508f3b6a21069f40fbb9a1ee7294cca7a040ced87b6c?s=96&d=monsterid&r=g","height":96,"width":96}},"publisher":{"@type":"Person","name":"Dirk Bachhausen","image":{"@type":"ImageObject","@id":"https:\/\/www.bachhausen.de\/wp-content\/uploads\/2019\/07\/dirk_profil-300x300.jpg","url":"https:\/\/www.bachhausen.de\/wp-content\/uploads\/2019\/07\/dirk_profil-300x300.jpg","width":600,"height":60}},"image":{"@type":"ImageObject","@id":"https:\/\/www.bachhausen.de\/wp-content\/uploads\/2019\/07\/dirk_profil-300x300.jpg","url":"https:\/\/www.bachhausen.de\/wp-content\/uploads\/2019\/07\/dirk_profil-300x300.jpg","width":100,"height":100},"wordCount":1066,"keywords":null},{"@type":"NewsArticle","@id":"https:\/\/www.bachhausen.de\/luxemburger-wort-regenbogen-radweg-in-niederanven-ist-schon-beschmutzt\/","headline":"(Luxemburger Wort) Regenbogen-Radweg in Niederanven ist schon beschmutzt","url":"https:\/\/www.bachhausen.de\/luxemburger-wort-regenbogen-radweg-in-niederanven-ist-schon-beschmutzt\/","datePublished":"2026-04-24","dateModified":"2026-04-24","mainEntityOfPage":"https:\/\/www.bachhausen.de\/luxemburger-wort-regenbogen-radweg-in-niederanven-ist-schon-beschmutzt\/","author":{"@type":"Person","@id":"##Person","name":"Redaktion","url":"#","identifier":19,"image":{"@type":"ImageObject","@id":"https:\/\/secure.gravatar.com\/avatar\/?s=96&d=monsterid&r=g","url":"https:\/\/secure.gravatar.com\/avatar\/?s=96&d=monsterid&r=g","height":96,"width":96}},"publisher":{"@type":"Person","name":"Dirk Bachhausen","image":{"@type":"ImageObject","@id":"https:\/\/www.bachhausen.de\/wp-content\/uploads\/2019\/07\/dirk_profil-300x300.jpg","url":"https:\/\/www.bachhausen.de\/wp-content\/uploads\/2019\/07\/dirk_profil-300x300.jpg","width":600,"height":60}},"image":{"@type":"ImageObject","@id":"https:\/\/www.bachhausen.de\/wp-content\/uploads\/2019\/07\/dirk_profil-300x300.jpg","url":"https:\/\/www.bachhausen.de\/wp-content\/uploads\/2019\/07\/dirk_profil-300x300.jpg","width":100,"height":100},"wordCount":41,"keywords":null},{"@type":"NewsArticle","@id":"https:\/\/www.bachhausen.de\/20-minuten-adam-43-infizierte-so-viele-maenner-wie-moeglich-mit-hiv\/","headline":"(20 Minuten) Adam (43) infizierte &#8220;so viele M\u00e4nner wie m\u00f6glich&#8221; mit HIV","url":"https:\/\/www.bachhausen.de\/20-minuten-adam-43-infizierte-so-viele-maenner-wie-moeglich-mit-hiv\/","datePublished":"2026-04-24","dateModified":"2026-04-24","mainEntityOfPage":"https:\/\/www.bachhausen.de\/20-minuten-adam-43-infizierte-so-viele-maenner-wie-moeglich-mit-hiv\/","author":{"@type":"Person","@id":"##Person","name":"Redaktion","url":"#","identifier":19,"image":{"@type":"ImageObject","@id":"https:\/\/secure.gravatar.com\/avatar\/?s=96&d=monsterid&r=g","url":"https:\/\/secure.gravatar.com\/avatar\/?s=96&d=monsterid&r=g","height":96,"width":96}},"publisher":{"@type":"Person","name":"Dirk Bachhausen","image":{"@type":"ImageObject","@id":"https:\/\/www.bachhausen.de\/wp-content\/uploads\/2019\/07\/dirk_profil-300x300.jpg","url":"https:\/\/www.bachhausen.de\/wp-content\/uploads\/2019\/07\/dirk_profil-300x300.jpg","width":600,"height":60}},"image":{"@type":"ImageObject","@id":"https:\/\/www.bachhausen.de\/wp-content\/uploads\/2019\/07\/dirk_profil-300x300.jpg","url":"https:\/\/www.bachhausen.de\/wp-content\/uploads\/2019\/07\/dirk_profil-300x300.jpg","width":100,"height":100},"wordCount":39,"keywords":null},{"@type":"NewsArticle","@id":"https:\/\/www.bachhausen.de\/oberpfalz-tv-hauptsache-sport-schwule-fussballer\/","headline":"(Oberpfalz TV ) Hauptsache Sport: schwule Fu\u00dfballer","url":"https:\/\/www.bachhausen.de\/oberpfalz-tv-hauptsache-sport-schwule-fussballer\/","datePublished":"2026-04-24","dateModified":"2026-04-24","mainEntityOfPage":"https:\/\/www.bachhausen.de\/oberpfalz-tv-hauptsache-sport-schwule-fussballer\/","author":{"@type":"Person","@id":"##Person","name":"Redaktion","url":"#","identifier":19,"image":{"@type":"ImageObject","@id":"https:\/\/secure.gravatar.com\/avatar\/?s=96&d=monsterid&r=g","url":"https:\/\/secure.gravatar.com\/avatar\/?s=96&d=monsterid&r=g","height":96,"width":96}},"publisher":{"@type":"Person","name":"Dirk Bachhausen","image":{"@type":"ImageObject","@id":"https:\/\/www.bachhausen.de\/wp-content\/uploads\/2019\/07\/dirk_profil-300x300.jpg","url":"https:\/\/www.bachhausen.de\/wp-content\/uploads\/2019\/07\/dirk_profil-300x300.jpg","width":600,"height":60}},"image":{"@type":"ImageObject","@id":"https:\/\/www.bachhausen.de\/wp-content\/uploads\/2019\/07\/dirk_profil-300x300.jpg","url":"https:\/\/www.bachhausen.de\/wp-content\/uploads\/2019\/07\/dirk_profil-300x300.jpg","width":100,"height":100},"wordCount":39,"keywords":null},{"@type":"NewsArticle","@id":"https:\/\/www.bachhausen.de\/taz-queeres-leben-abseits-der-szene-allein-die-praesenz-schafft-sicherheit\/","headline":"(taz) Queeres Leben abseits der Szene: &#8220;Allein die Pr\u00e4senz schafft Sicherheit&#8221;","url":"https:\/\/www.bachhausen.de\/taz-queeres-leben-abseits-der-szene-allein-die-praesenz-schafft-sicherheit\/","datePublished":"2026-04-24","dateModified":"2026-04-24","mainEntityOfPage":"https:\/\/www.bachhausen.de\/taz-queeres-leben-abseits-der-szene-allein-die-praesenz-schafft-sicherheit\/","author":{"@type":"Person","@id":"##Person","name":"Redaktion","url":"#","identifier":19,"image":{"@type":"ImageObject","@id":"https:\/\/secure.gravatar.com\/avatar\/?s=96&d=monsterid&r=g","url":"https:\/\/secure.gravatar.com\/avatar\/?s=96&d=monsterid&r=g","height":96,"width":96}},"publisher":{"@type":"Person","name":"Dirk Bachhausen","image":{"@type":"ImageObject","@id":"https:\/\/www.bachhausen.de\/wp-content\/uploads\/2019\/07\/dirk_profil-300x300.jpg","url":"https:\/\/www.bachhausen.de\/wp-content\/uploads\/2019\/07\/dirk_profil-300x300.jpg","width":600,"height":60}},"image":{"@type":"ImageObject","@id":"https:\/\/www.bachhausen.de\/wp-content\/uploads\/2019\/07\/dirk_profil-300x300.jpg","url":"https:\/\/www.bachhausen.de\/wp-content\/uploads\/2019\/07\/dirk_profil-300x300.jpg","width":100,"height":100},"wordCount":33,"keywords":null},{"@type":"NewsArticle","@id":"https:\/\/www.bachhausen.de\/rheinische-post-ideen-sammeln-fuer-den-ersten-csd-in-toenisvorst\/","headline":"(Rheinische Post) Ideen sammeln f\u00fcr den ersten CSD in T\u00f6nisvorst","url":"https:\/\/www.bachhausen.de\/rheinische-post-ideen-sammeln-fuer-den-ersten-csd-in-toenisvorst\/","datePublished":"2026-04-24","dateModified":"2026-04-24","mainEntityOfPage":"https:\/\/www.bachhausen.de\/rheinische-post-ideen-sammeln-fuer-den-ersten-csd-in-toenisvorst\/","author":{"@type":"Person","@id":"##Person","name":"Redaktion","url":"#","identifier":19,"image":{"@type":"ImageObject","@id":"https:\/\/secure.gravatar.com\/avatar\/?s=96&d=monsterid&r=g","url":"https:\/\/secure.gravatar.com\/avatar\/?s=96&d=monsterid&r=g","height":96,"width":96}},"publisher":{"@type":"Person","name":"Dirk Bachhausen","image":{"@type":"ImageObject","@id":"https:\/\/www.bachhausen.de\/wp-content\/uploads\/2019\/07\/dirk_profil-300x300.jpg","url":"https:\/\/www.bachhausen.de\/wp-content\/uploads\/2019\/07\/dirk_profil-300x300.jpg","width":600,"height":60}},"image":{"@type":"ImageObject","@id":"https:\/\/www.bachhausen.de\/wp-content\/uploads\/2019\/07\/dirk_profil-300x300.jpg","url":"https:\/\/www.bachhausen.de\/wp-content\/uploads\/2019\/07\/dirk_profil-300x300.jpg","width":100,"height":100},"wordCount":46,"keywords":null},{"@type":"NewsArticle","@id":"https:\/\/www.bachhausen.de\/katholisch-de-us-bischoefe-wollen-bei-lgbtq-themen-dazulernen\/","headline":"(katholisch.de) US-Bisch\u00f6fe wollen bei LGBTQ-Themen dazulernen","url":"https:\/\/www.bachhausen.de\/katholisch-de-us-bischoefe-wollen-bei-lgbtq-themen-dazulernen\/","datePublished":"2026-04-24","dateModified":"2026-04-24","mainEntityOfPage":"https:\/\/www.bachhausen.de\/katholisch-de-us-bischoefe-wollen-bei-lgbtq-themen-dazulernen\/","author":{"@type":"Person","@id":"##Person","name":"Redaktion","url":"#","identifier":19,"image":{"@type":"ImageObject","@id":"https:\/\/secure.gravatar.com\/avatar\/?s=96&d=monsterid&r=g","url":"https:\/\/secure.gravatar.com\/avatar\/?s=96&d=monsterid&r=g","height":96,"width":96}},"publisher":{"@type":"Person","name":"Dirk Bachhausen","image":{"@type":"ImageObject","@id":"https:\/\/www.bachhausen.de\/wp-content\/uploads\/2019\/07\/dirk_profil-300x300.jpg","url":"https:\/\/www.bachhausen.de\/wp-content\/uploads\/2019\/07\/dirk_profil-300x300.jpg","width":600,"height":60}},"image":{"@type":"ImageObject","@id":"https:\/\/www.bachhausen.de\/wp-content\/uploads\/2019\/07\/dirk_profil-300x300.jpg","url":"https:\/\/www.bachhausen.de\/wp-content\/uploads\/2019\/07\/dirk_profil-300x300.jpg","width":100,"height":100},"wordCount":42,"keywords":null}]},{"@context":"https:\/\/schema.org","@type":"WebSite","@id":"https:\/\/www.bachhausen.de\/#website","name":"Dirk Bachhausen","url":"https:\/\/www.bachhausen.de","potentialAction":{"@type":"SearchAction","target":"https:\/\/www.bachhausen.de\/?s={search_term_string}","query-input":"required name=search_term_string"}}]