[{"@context":"https:\/\/schema.org\/","@type":"NewsArticle","@id":"https:\/\/www.bachhausen.de\/sahra-wagenknecht-kommt-in-die-koelner-suedstadt\/#NewsArticle","mainEntityOfPage":"https:\/\/www.bachhausen.de\/sahra-wagenknecht-kommt-in-die-koelner-suedstadt\/","headline":"Sahra Wagenknecht kommt in die K\u00f6lner S\u00fcdstadt","name":"Sahra Wagenknecht kommt in die K\u00f6lner S\u00fcdstadt","description":"Report-K Sarah Wagenknecht auf dem Gr\u00fcndungsparteitag des BSW am 27. Januar 2024. | Foto: via dts nachrichtenagentur K\u00f6ln | Am 28. Mai 2024 kommt Sarah Wagenknecht in die K\u00f6lner S\u00fcdstadt auf den Chlodwigplatz. Das k\u00fcndigte das BSW, also das B\u00fcndnis Sarah Wagenknecht an. Ab 19 Uhr beginnt das Programm zur&#8230;","datePublished":"2024-05-25","dateModified":"2024-05-25","author":{"@type":"Person","@id":"##Person","name":"Report K","url":"#","identifier":20,"image":{"@type":"ImageObject","@id":"https:\/\/secure.gravatar.com\/avatar\/36af2c4c1f6de1245282e2f6d3e4483d8c1fb911663df347a69e69f7ff897aac?s=96&d=monsterid&r=g","url":"https:\/\/secure.gravatar.com\/avatar\/36af2c4c1f6de1245282e2f6d3e4483d8c1fb911663df347a69e69f7ff897aac?s=96&d=monsterid&r=g","height":96,"width":96}},"publisher":{"@type":"Person","name":"Dirk Bachhausen","image":{"@type":"ImageObject","@id":"https:\/\/www.bachhausen.de\/wp-content\/uploads\/2019\/07\/dirk_profil-300x300.jpg","url":"https:\/\/www.bachhausen.de\/wp-content\/uploads\/2019\/07\/dirk_profil-300x300.jpg","width":600,"height":60}},"image":{"@type":"ImageObject","@id":"https:\/\/www.bachhausen.de\/wp-content\/uploads\/2024\/01\/bsw_wagenknecht_dts_27012024.jpg","url":"https:\/\/www.bachhausen.de\/wp-content\/uploads\/2024\/01\/bsw_wagenknecht_dts_27012024.jpg","height":0,"width":0},"url":"https:\/\/www.bachhausen.de\/sahra-wagenknecht-kommt-in-die-koelner-suedstadt\/","about":["K\u00f6ln"],"wordCount":89,"keywords":["kolner","kommt","sahra","sudstadt","wagenknecht"],"articleBody":"Report-KSarah Wagenknecht auf dem Gr\u00fcndungsparteitag des BSW am 27. Januar 2024. | Foto: via dts nachrichtenagenturK\u00f6ln | Am 28. Mai 2024 kommt Sarah Wagenknecht in die K\u00f6lner S\u00fcdstadt auf den Chlodwigplatz. Das k\u00fcndigte das BSW, also das B\u00fcndnis Sarah Wagenknecht an. Ab 19 Uhr beginnt das Programm zur Europawahl 2024.Neben Sarah Wagenknecht werden zudem Fabio De Masi (Listenplatz 1), Thomas Geisel (Listenplatz 2) und Hanno von Rau\u00dfendorf (Listenplatz 12) in K\u00f6ln erwartet. Die Moderation \u00fcbernimmt in der K\u00f6lner S\u00fcdstadt der stellvertretende BSW-Vorsitzende Amid Rabieh.Zur Quelle wechseln"},{"@context":"https:\/\/schema.org\/","@type":"BreadcrumbList","itemListElement":[{"@type":"ListItem","position":1,"name":"Sahra Wagenknecht kommt in die K\u00f6lner S\u00fcdstadt","item":"https:\/\/www.bachhausen.de\/sahra-wagenknecht-kommt-in-die-koelner-suedstadt\/#breadcrumbitem"}]}]